{"id":285453,"date":"2025-07-30T23:53:09","date_gmt":"2025-07-30T23:53:09","guid":{"rendered":"https:\/\/www.europesays.com\/fr\/285453\/"},"modified":"2025-07-30T23:53:09","modified_gmt":"2025-07-30T23:53:09","slug":"les-parents-du-suspect-mis-en-examen-pour-non-denonciation-de-crime","status":"publish","type":"post","link":"https:\/\/www.europesays.com\/fr\/285453\/","title":{"rendered":"les parents du suspect mis en examen pour non-d\u00e9nonciation de crime"},"content":{"rendered":"<p class=\"fig-paragraph\">Les deux parents de l&rsquo;homme suspect\u00e9 d&rsquo;avoir poignard\u00e9 \u00e0 mort\u00a0<a href=\"https:\/\/lefigaro.fr\/faits-divers\/meurtre-de-louise-un-important-dispositif-de-recherches-en-cours-dans-le-bois-des-templiers-20250209\" target=\"_blank\" rel=\"noopener\" data-gtm-custom-categorie=\"navigation\" data-gtm-custom-action=\"crossclick\" data-gtm-custom-label=\"Contextuel\" data-gtm-event=\"customEventSPE\">Louise, onze ans<\/a>, d\u00e9but f\u00e9vrier \u00e0 Epinay-sur-Orge (Essonne), ont \u00e9t\u00e9 mis en examen mercredi pour non-d\u00e9nonciation de crime, destruction de document ou objet et subornation de t\u00e9moin, a indiqu\u00e9 dans un communiqu\u00e9 le procureur de la R\u00e9publique d&rsquo;\u00c9vry Gr\u00e9goire Dulin. \u00abLes deux magistrats instructeurs ont proc\u00e9d\u00e9 ce jour \u00e0 la mise en examen des parents \u00e2g\u00e9s de 49 et 48 ans de l&rsquo;auteur pr\u00e9sum\u00e9 des faits\u00bb, a-t-il indiqu\u00e9, pr\u00e9cisant que \u00ables int\u00e9ress\u00e9s, qui ont choisi de garder le silence lors de leur interrogatoire de premi\u00e8re comparution, ont \u00e9t\u00e9 plac\u00e9s sous contr\u00f4le judiciaire\u00bb.<\/p>\n<p class=\"fig-paragraph\">Disparue \u00e0 la sortie de ses cours le 7 f\u00e9vrier, Louise avait \u00e9t\u00e9 retrouv\u00e9e assassin\u00e9e dans un bois \u00e0 Longjumeau, \u00e0 quelques centaines de m\u00e8tres de son coll\u00e8ge d&rsquo;Epinay-sur-Orge. Le principal suspect, un homme de 23 ans, avait \u00e9t\u00e9 mis en examen pour meurtre sur mineure de moins de 15 ans et plac\u00e9 en d\u00e9tention provisoire. Les deux parents, qui avaient \u00e9t\u00e9 plac\u00e9s en garde \u00e0 vue en f\u00e9vrier pour non-d\u00e9nonciation de crime, avaient alors assur\u00e9 ne jamais avoir eu connaissance de l&rsquo;implication de leur fils dans la mort de Louise.<\/p>\n<p>                                    <a class=\"fig-a11y-skip a11y-hidden\" href=\"#fig-a11y-skip-main-inarticle\"><br \/>\n        Passer la publicit\u00e9<br \/>\n    <\/a><\/p>\n<p class=\"fig-paragraph\">Leur fils avait lui reconnu les faits lors de sa garde \u00e0 vue, apr\u00e8s avoir ni\u00e9 pendant les 24 premi\u00e8res heures. Il avait expliqu\u00e9 avoir crois\u00e9 en d\u00e9but d&rsquo;apr\u00e8s-midi Louise, \u00e9l\u00e8ve au coll\u00e8ge d&rsquo;Epinay-sur-Orge qui portait son portable autour du cou, et avoir d\u00e9cid\u00e9 de la suivre. Il l&rsquo;avait attir\u00e9e dans le bois des Templiers, en pr\u00e9textant avoir perdu un objet. \u00abArriv\u00e9 dans un coin tranquille\u00bb, il lui avait dit qu&rsquo;il allait \u00abfouiller ses affaires pour lui voler de l&rsquo;argent en la mena\u00e7ant avec un couteau\u00bb, avait d\u00e9taill\u00e9 Gr\u00e9goire Dulin lors d&rsquo;une conf\u00e9rence de presse. Elle s&rsquo;\u00e9tait mise \u00ab\u00e0 crier\u00bb alors qu&rsquo;il voulait fouiller son sac, avait poursuivi le magistrat. \u00abPaniqu\u00e9 par ses cris\u00bb, le jeune homme l&rsquo;a fait \u00abtomber \u00e0 terre\u00bb et lui a port\u00e9 \u00abplusieurs coups de couteau\u00bb.<\/p>\n<p class=\"fig-paragraph\">Le 4 f\u00e9vrier, le suspect, \u00e9tudiant en BTS informatique, avait d\u00e9j\u00e0 abord\u00e9 une coll\u00e9gienne dans le m\u00eame secteur, tentant de \u00abse calmer\u00bb apr\u00e8s une altercation lors d&rsquo;une partie du jeu vid\u00e9o en ligne \u00abFortnite\u00bb. Sa petite amie, \u00e9galement \u00e2g\u00e9e de 23 ans, a \u00e9galement \u00e9t\u00e9 mise en examen pour non-d\u00e9nonciation de crime et plac\u00e9e sous contr\u00f4le judiciaire.<\/p>\n","protected":false},"excerpt":{"rendered":"Les deux parents de l&rsquo;homme suspect\u00e9 d&rsquo;avoir poignard\u00e9 \u00e0 mort\u00a0Louise, onze ans, d\u00e9but f\u00e9vrier \u00e0 Epinay-sur-Orge (Essonne), ont&hellip;\n","protected":false},"author":2,"featured_media":285454,"comment_status":"","ping_status":"","sticky":false,"template":"","format":"standard","meta":{"footnotes":""},"categories":[4],"tags":[11,3555,1011,27,12,25],"class_list":{"0":"post-285453","1":"post","2":"type-post","3":"status-publish","4":"format-standard","5":"has-post-thumbnail","7":"category-france","8":"tag-actualites","9":"tag-feminicide","10":"tag-fr","11":"tag-france","12":"tag-news","13":"tag-republique-francaise"},"share_on_mastodon":{"url":"https:\/\/pubeurope.com\/@fr\/114944881768639978","error":""},"_links":{"self":[{"href":"https:\/\/www.europesays.com\/fr\/wp-json\/wp\/v2\/posts\/285453","targetHints":{"allow":["GET"]}}],"collection":[{"href":"https:\/\/www.europesays.com\/fr\/wp-json\/wp\/v2\/posts"}],"about":[{"href":"https:\/\/www.europesays.com\/fr\/wp-json\/wp\/v2\/types\/post"}],"author":[{"embeddable":true,"href":"https:\/\/www.europesays.com\/fr\/wp-json\/wp\/v2\/users\/2"}],"replies":[{"embeddable":true,"href":"https:\/\/www.europesays.com\/fr\/wp-json\/wp\/v2\/comments?post=285453"}],"version-history":[{"count":0,"href":"https:\/\/www.europesays.com\/fr\/wp-json\/wp\/v2\/posts\/285453\/revisions"}],"wp:featuredmedia":[{"embeddable":true,"href":"https:\/\/www.europesays.com\/fr\/wp-json\/wp\/v2\/media\/285454"}],"wp:attachment":[{"href":"https:\/\/www.europesays.com\/fr\/wp-json\/wp\/v2\/media?parent=285453"}],"wp:term":[{"taxonomy":"category","embeddable":true,"href":"https:\/\/www.europesays.com\/fr\/wp-json\/wp\/v2\/categories?post=285453"},{"taxonomy":"post_tag","embeddable":true,"href":"https:\/\/www.europesays.com\/fr\/wp-json\/wp\/v2\/tags?post=285453"}],"curies":[{"name":"wp","href":"https:\/\/api.w.org\/{rel}","templated":true}]}}