{"id":285471,"date":"2025-07-31T00:08:10","date_gmt":"2025-07-31T00:08:10","guid":{"rendered":"https:\/\/www.europesays.com\/fr\/285471\/"},"modified":"2025-07-31T00:08:10","modified_gmt":"2025-07-31T00:08:10","slug":"previsions-du-jeudi-31-juillet-2025","status":"publish","type":"post","link":"https:\/\/www.europesays.com\/fr\/285471\/","title":{"rendered":"pr\u00e9visions du jeudi 31 juillet 2025"},"content":{"rendered":"<p>Toujours de la grisaille aujourd&rsquo;hui. Les nuages vont s&rsquo;attarder sur Rennes. Il va pleuvoir. Les temp\u00e9ratures s&rsquo;\u00e9chelonneront entre 13 et 28\u00b0C. Dans la matin\u00e9e, les temp\u00e9ratures tourneront autour des 19\u00b0C. Une petite brise d&rsquo;ouest sera ressentie par les habitants. L&rsquo;apr\u00e8s-midi, encore des nuages dans le ciel qui emp\u00eachent le soleil d&rsquo;appara\u00eetre. D&rsquo;un autre c\u00f4t\u00e9, les temp\u00e9ratures vont enregistrer une hausse de plusieurs degr\u00e9s. Les valeurs seront comprises entre 24 et 28\u00b0C. On observera la pr\u00e9sence persistante de nuages le soir. Des pluies \u00e9parses vont tomber. Le mercure affichera 21\u00b0C en moyenne. On passera de jeudi \u00e0 vendredi par une nuit brumeuse.<\/p>\n<p>Un beau soleil est pr\u00e9vu demain \u00e0 Rennes. Une chute des temp\u00e9ratures est pr\u00e9vue. Les valeurs afficheront entre 12 et 25\u00b0C. Un vent de nord-ouest rafra\u00eechira sensiblement l&rsquo;atmosph\u00e8re. Les valeurs s&rsquo;\u00e9chelonneront entre 21\u00b0C et 25\u00b0C dans l&rsquo;apr\u00e8s-midi. Demain soir, on anticipe des temp\u00e9ratures avoisinant 17\u00b0C.<\/p>\n<p>Les jours passent et ne changent pas. Une m\u00e9t\u00e9o ensoleill\u00e9e, avec des temp\u00e9ratures de 26\u00b0C environ, est attendue.<\/p>\n<p><\/p>\n","protected":false},"excerpt":{"rendered":"Toujours de la grisaille aujourd&rsquo;hui. Les nuages vont s&rsquo;attarder sur Rennes. Il va pleuvoir. Les temp\u00e9ratures s&rsquo;\u00e9chelonneront entre&hellip;\n","protected":false},"author":2,"featured_media":285472,"comment_status":"","ping_status":"","sticky":false,"template":"","format":"standard","meta":{"footnotes":""},"categories":[2821],"tags":[1111,11,829,1777,674,1011,27,848,12,2119,584,25],"class_list":{"0":"post-285471","1":"post","2":"type-post","3":"status-publish","4":"format-standard","5":"has-post-thumbnail","7":"category-rennes","8":"tag-actu","9":"tag-actualites","10":"tag-bretagne","11":"tag-eu","12":"tag-europe","13":"tag-fr","14":"tag-france","15":"tag-ille-et-vilaine","16":"tag-news","17":"tag-previsions-meteo","18":"tag-rennes","19":"tag-republique-francaise"},"share_on_mastodon":{"url":"https:\/\/pubeurope.com\/@fr\/114944940715574539","error":""},"_links":{"self":[{"href":"https:\/\/www.europesays.com\/fr\/wp-json\/wp\/v2\/posts\/285471","targetHints":{"allow":["GET"]}}],"collection":[{"href":"https:\/\/www.europesays.com\/fr\/wp-json\/wp\/v2\/posts"}],"about":[{"href":"https:\/\/www.europesays.com\/fr\/wp-json\/wp\/v2\/types\/post"}],"author":[{"embeddable":true,"href":"https:\/\/www.europesays.com\/fr\/wp-json\/wp\/v2\/users\/2"}],"replies":[{"embeddable":true,"href":"https:\/\/www.europesays.com\/fr\/wp-json\/wp\/v2\/comments?post=285471"}],"version-history":[{"count":0,"href":"https:\/\/www.europesays.com\/fr\/wp-json\/wp\/v2\/posts\/285471\/revisions"}],"wp:featuredmedia":[{"embeddable":true,"href":"https:\/\/www.europesays.com\/fr\/wp-json\/wp\/v2\/media\/285472"}],"wp:attachment":[{"href":"https:\/\/www.europesays.com\/fr\/wp-json\/wp\/v2\/media?parent=285471"}],"wp:term":[{"taxonomy":"category","embeddable":true,"href":"https:\/\/www.europesays.com\/fr\/wp-json\/wp\/v2\/categories?post=285471"},{"taxonomy":"post_tag","embeddable":true,"href":"https:\/\/www.europesays.com\/fr\/wp-json\/wp\/v2\/tags?post=285471"}],"curies":[{"name":"wp","href":"https:\/\/api.w.org\/{rel}","templated":true}]}}