{"id":285473,"date":"2025-07-31T00:09:16","date_gmt":"2025-07-31T00:09:16","guid":{"rendered":"https:\/\/www.europesays.com\/fr\/285473\/"},"modified":"2025-07-31T00:09:16","modified_gmt":"2025-07-31T00:09:16","slug":"accident-sur-la-quatre-voies-au-sud-de-rennes-la-gendarmerie-lance-un-appel-a-temoins-3","status":"publish","type":"post","link":"https:\/\/www.europesays.com\/fr\/285473\/","title":{"rendered":"Accident sur la quatre voies au sud de Rennes\u00a0: la gendarmerie lance un appel \u00e0 t\u00e9moins"},"content":{"rendered":"<tr wp_automatic_readability=\"5.8846153846154\">\n<td valign=\"middle\" align=\"center\" class=\"col-logo\" wp_automatic_readability=\"5\">\n    <img decoding=\"async\" src=\"https:\/\/maville.com\/design\/images\/logo-of-monetise.svg?version=20130627\" alt=\"logo Ouest-France\" height=\"66\"\/><\/p>\n<p>Contenu r\u00e9serv\u00e9 aux abonn\u00e9s<\/p>\n<\/td>\n<td class=\"col-titre\">\n\t\t\tMercredi 30 juillet 2025 19:36<br \/>\n\t\t\t<a class=\"icon-bulle sizeL count\" href=\"#ancreAvis\"><br \/>\n\t&#8230;<br \/>\n<\/a><\/td>\n<\/tr>\n<p>\t\t<a class=\"mavillebox2 elmt-photo\" href=\"https:\/\/maville.com\/photosmvi\/2025\/07\/30\/P35382805D6919239G.jpg\" title=\" Un accident de la route impliquant cinq v\u00e9hicules s\u2019est produit sur la N137, dans le sens Nantes-Rennes, mardi 29\u00a0juillet 2025, \u00e0 hauteur de Laill\u00e9 (Ille-et-Vilaine). La gendarmerie lance un appel \u00e0 t\u00e9moins.  \u00a9  Photo d\u2019illustration Ouest-France  &lt;!--TAG-BLC credit--&gt;\" rel=\"galerie_actu noopener\" target=\"_blank\"><br \/>\n\t<img decoding=\"async\" src=\"https:\/\/www.europesays.com\/fr\/wp-content\/uploads\/2025\/07\/P35382805D6919239G_crop_640-330_.jpg\" alt=\"photo  un accident de la route impliquant cinq v\u00e9hicules s\u2019est produit sur la n137, dans le sens nantes-rennes, mardi 29\u00a0juillet 2025, \u00e0 hauteur de laill\u00e9 (ille-et-vilaine). la gendarmerie lance un appel \u00e0 t\u00e9moins.  \u00a9  photo d\u2019illustration ouest-france \"\/><br \/>\n\t1<br \/>\n<\/a><\/p>\n<p class=\"elmt-legende\"> Un accident de la route impliquant cinq v\u00e9hicules s\u2019est produit sur la N137, dans le sens Nantes-Rennes, mardi 29\u00a0juillet 2025, \u00e0 hauteur de Laill\u00e9 (Ille-et-Vilaine). La gendarmerie lance un appel \u00e0 t\u00e9moins.  \u00a9  Photo d\u2019illustration Ouest-France  <\/p>\n<p>\t\tLa gendarmerie cherche des t\u00e9moins ayant assist\u00e9 \u00e0 l\u2019accident de la circulation routi\u00e8re survenu le 29\u00a0juillet 2025 vers 15\u00a0h\u00a015, sur la RN137. L\u2019accident s\u2019est d\u00e9roul\u00e9 dans le sens Nantes-Rennes, dans la commune de Laill\u00e9 (Ille-et-Vilaine).<\/p>\n<p><b>Cet article est r\u00e9serv\u00e9 aux abonn\u00e9s<\/b><\/p>\n<p>Pour un acc\u00e8s imm\u00e9diat, abonnez-vous<\/p>\n<p><b>1\u00e8re semaine offerte<\/b><\/p>\n<p>\t\tOuest-France<\/p>\n<p>Retrouvez d&rsquo;autres actus sur les communes de :<\/p>\n<p>\t\t&#13;<\/p>\n","protected":false},"excerpt":{"rendered":"Contenu r\u00e9serv\u00e9 aux abonn\u00e9s Mercredi 30 juillet 2025 19:36 &#8230; 1 Un accident de la route impliquant cinq&hellip;\n","protected":false},"author":2,"featured_media":285006,"comment_status":"","ping_status":"","sticky":false,"template":"","format":"standard","meta":{"footnotes":""},"categories":[2821],"tags":[119,1111,11,7431,829,1777,674,1011,27,3381,9447,12,584,25,7053,20835,32839],"class_list":{"0":"post-285473","1":"post","2":"type-post","3":"status-publish","4":"format-standard","5":"has-post-thumbnail","7":"category-rennes","8":"tag-accident","9":"tag-actu","10":"tag-actualites","11":"tag-appel","12":"tag-bretagne","13":"tag-eu","14":"tag-europe","15":"tag-fr","16":"tag-france","17":"tag-gendarmerie","18":"tag-lance","19":"tag-news","20":"tag-rennes","21":"tag-republique-francaise","22":"tag-sud","23":"tag-temoins","24":"tag-voies"},"share_on_mastodon":{"url":"https:\/\/pubeurope.com\/@fr\/114944944790521962","error":""},"_links":{"self":[{"href":"https:\/\/www.europesays.com\/fr\/wp-json\/wp\/v2\/posts\/285473","targetHints":{"allow":["GET"]}}],"collection":[{"href":"https:\/\/www.europesays.com\/fr\/wp-json\/wp\/v2\/posts"}],"about":[{"href":"https:\/\/www.europesays.com\/fr\/wp-json\/wp\/v2\/types\/post"}],"author":[{"embeddable":true,"href":"https:\/\/www.europesays.com\/fr\/wp-json\/wp\/v2\/users\/2"}],"replies":[{"embeddable":true,"href":"https:\/\/www.europesays.com\/fr\/wp-json\/wp\/v2\/comments?post=285473"}],"version-history":[{"count":0,"href":"https:\/\/www.europesays.com\/fr\/wp-json\/wp\/v2\/posts\/285473\/revisions"}],"wp:featuredmedia":[{"embeddable":true,"href":"https:\/\/www.europesays.com\/fr\/wp-json\/wp\/v2\/media\/285006"}],"wp:attachment":[{"href":"https:\/\/www.europesays.com\/fr\/wp-json\/wp\/v2\/media?parent=285473"}],"wp:term":[{"taxonomy":"category","embeddable":true,"href":"https:\/\/www.europesays.com\/fr\/wp-json\/wp\/v2\/categories?post=285473"},{"taxonomy":"post_tag","embeddable":true,"href":"https:\/\/www.europesays.com\/fr\/wp-json\/wp\/v2\/tags?post=285473"}],"curies":[{"name":"wp","href":"https:\/\/api.w.org\/{rel}","templated":true}]}}