{"id":285492,"date":"2025-07-31T00:19:10","date_gmt":"2025-07-31T00:19:10","guid":{"rendered":"https:\/\/www.europesays.com\/fr\/285492\/"},"modified":"2025-07-31T00:19:10","modified_gmt":"2025-07-31T00:19:10","slug":"previsions-du-jeudi-31-juillet-2025-3","status":"publish","type":"post","link":"https:\/\/www.europesays.com\/fr\/285492\/","title":{"rendered":"pr\u00e9visions du jeudi 31 juillet 2025"},"content":{"rendered":"<p>\u00c0 Toulouse les temp\u00e9ratures iront de 14 \u00e0 31\u00b0C sur l&rsquo;ensemble de la journ\u00e9e. Un vent de nord-ouest rafra\u00eechira l\u00e9g\u00e8rement l&rsquo;atmosph\u00e8re. Le ciel sera assez lumineux, avec quelques \u00e9claircies le matin. Cet apr\u00e8s-midi sera synonyme de grand soleil. La m\u00e9t\u00e9o va se r\u00e9chauffer avec une augmentation de plusieurs degr\u00e9s. Les valeurs maximales attendues sont importantes, avec 31\u00b0C. Les temp\u00e9ratures s&rsquo;\u00e9chelonneront entre 28 et 31\u00b0C. Le soir, de tr\u00e8s grosses chaleurs (entre 24\u00b0C et 30\u00b0C) sont annonc\u00e9es. Un ciel limpide est pr\u00e9vu dans la nuit reliant jeudi et vendredi.<\/p>\n<p>Une chute des temp\u00e9ratures est \u00e0 pr\u00e9voir \u00e0 Toulouse, demain. Les valeurs \u00e9volueront entre 14 et 30\u2009\u00b0C. Il va faire environ 22\u00b0C. Une petite brise de nord-ouest sera ressentie par les habitants. Des \u00e9claircies appara\u00eetront dans la matin\u00e9e. Le soleil sera dominant, la garantie d&rsquo;un magnifique apr\u00e8s-midi ! Un temps plus chaud est attendu \u00e9tant donn\u00e9 que le mercure va conna\u00eetre une hausse. Prenez garde \u00e0 la vague de chaleur. Des temp\u00e9ratures de 28 \u00e0 30\u00b0C sont pr\u00e9vues. Les maximales pourront atteindre 30\u00b0C tandis que les minimales seront de 28\u00b0C. Les valeurs tourneront autour des 26\u00b0C dans la soir\u00e9e.<\/p>\n<p>La m\u00e9t\u00e9o restera stable les prochains jours. Il va faire un temps plut\u00f4t ensoleill\u00e9 avec des temp\u00e9ratures autour de 32\u00b0C.<\/p>\n<p><\/p>\n","protected":false},"excerpt":{"rendered":"\u00c0 Toulouse les temp\u00e9ratures iront de 14 \u00e0 31\u00b0C sur l&rsquo;ensemble de la journ\u00e9e. Un vent de nord-ouest&hellip;\n","protected":false},"author":2,"featured_media":285493,"comment_status":"","ping_status":"","sticky":false,"template":"","format":"standard","meta":{"footnotes":""},"categories":[2816],"tags":[1111,11,1777,674,1011,27,2722,2721,12,2680,2119,25,2312],"class_list":{"0":"post-285492","1":"post","2":"type-post","3":"status-publish","4":"format-standard","5":"has-post-thumbnail","7":"category-toulouse","8":"tag-actu","9":"tag-actualites","10":"tag-eu","11":"tag-europe","12":"tag-fr","13":"tag-france","14":"tag-haute-garonne","15":"tag-midi-pyrenees","16":"tag-news","17":"tag-occitanie","18":"tag-previsions-meteo","19":"tag-republique-francaise","20":"tag-toulouse"},"share_on_mastodon":{"url":"https:\/\/pubeurope.com\/@fr\/114944983896938626","error":""},"_links":{"self":[{"href":"https:\/\/www.europesays.com\/fr\/wp-json\/wp\/v2\/posts\/285492","targetHints":{"allow":["GET"]}}],"collection":[{"href":"https:\/\/www.europesays.com\/fr\/wp-json\/wp\/v2\/posts"}],"about":[{"href":"https:\/\/www.europesays.com\/fr\/wp-json\/wp\/v2\/types\/post"}],"author":[{"embeddable":true,"href":"https:\/\/www.europesays.com\/fr\/wp-json\/wp\/v2\/users\/2"}],"replies":[{"embeddable":true,"href":"https:\/\/www.europesays.com\/fr\/wp-json\/wp\/v2\/comments?post=285492"}],"version-history":[{"count":0,"href":"https:\/\/www.europesays.com\/fr\/wp-json\/wp\/v2\/posts\/285492\/revisions"}],"wp:featuredmedia":[{"embeddable":true,"href":"https:\/\/www.europesays.com\/fr\/wp-json\/wp\/v2\/media\/285493"}],"wp:attachment":[{"href":"https:\/\/www.europesays.com\/fr\/wp-json\/wp\/v2\/media?parent=285492"}],"wp:term":[{"taxonomy":"category","embeddable":true,"href":"https:\/\/www.europesays.com\/fr\/wp-json\/wp\/v2\/categories?post=285492"},{"taxonomy":"post_tag","embeddable":true,"href":"https:\/\/www.europesays.com\/fr\/wp-json\/wp\/v2\/tags?post=285492"}],"curies":[{"name":"wp","href":"https:\/\/api.w.org\/{rel}","templated":true}]}}