{"id":285496,"date":"2025-07-31T00:21:14","date_gmt":"2025-07-31T00:21:14","guid":{"rendered":"https:\/\/www.europesays.com\/fr\/285496\/"},"modified":"2025-07-31T00:21:14","modified_gmt":"2025-07-31T00:21:14","slug":"sciences-po-lille-annule-linscription-dune-etudiante-gazaouie-pour-des-propos-haineux","status":"publish","type":"post","link":"https:\/\/www.europesays.com\/fr\/285496\/","title":{"rendered":"Sciences Po Lille annule l&rsquo;inscription d&rsquo;une \u00e9tudiante gazaouie pour des propos \u00ab\u00a0haineux\u00a0\u00bb"},"content":{"rendered":"<ul class=\"jsx-862013697 ArticleChapo__List\">\n<li class=\"jsx-862013697 ArticleChapo__List_Item flex\">Sciences Po Lille a indiqu\u00e9 ce mercredi annuler l&rsquo;inscription dans son \u00e9tablissement d&rsquo;une \u00e9tudiante gazaouie en raison de propos haineux tenus sur internet.<\/li>\n<li class=\"jsx-862013697 ArticleChapo__List_Item flex\">Selon l&rsquo;institution, ils entrent \u00ab\u00a0en contradiction frontale avec les valeurs port\u00e9es par Sciences Po Lille, qui lutte contre toute forme de racisme, antis\u00e9mitisme et discrimination\u00a0\u00bb.<\/li>\n<li class=\"jsx-862013697 ArticleChapo__List_Item flex\">La pr\u00e9fecture du Nord a saisi le parquet de Lille pour l&rsquo;ouverture d&rsquo;une enqu\u00eate.<\/li>\n<\/ul>\n<p data-module=\"article-paragraph\" class=\"jsx-3046738180 Paragraph\">Elle ne pourra pas rejoindre Sciences Po Lille \u00e0 la rentr\u00e9e. L&rsquo;Institut d&rsquo;\u00e9tudes politiques de la capitale du Nord a annonc\u00e9 ce mercredi 30 juillet annuler l&rsquo;inscription d&rsquo;une \u00e9tudiante gazaouie apr\u00e8s avoir d\u00e9couvert ses publications sur les r\u00e9seaux sociaux. \u00ab\u00a0Apr\u00e8s concertation avec le minist\u00e8re de l&rsquo;Enseignement sup\u00e9rieur et de la Recherche, le Rectorat de R\u00e9gion acad\u00e9mique et la Pr\u00e9fecture, la direction de Sciences Po Lille a pris la d\u00e9cision d&rsquo;annuler l&rsquo;inscription pr\u00e9vue de cette \u00e9tudiante dans notre \u00e9tablissement\u00a0\u00bb, \u00e9crit Sciences Po Lille sur son compte X.<\/p>\n<p data-module=\"article-paragraph\" class=\"jsx-3046738180 Paragraph Paragraph__End\">Le contenu de certaines publications de cette \u00e9tudiante sur les r\u00e9seaux sociaux depuis deux ans \u00ab\u00a0entre en contradiction frontale avec les valeurs port\u00e9es par Sciences Po Lille, qui lutte contre toute forme de racisme, antis\u00e9mitisme et discrimination, ainsi que contre tout type d&rsquo;appel \u00e0 la haine, contre quelque population que ce soit\u00a0\u00bb, a soulign\u00e9 l&rsquo;\u00e9cole.\u00a0<\/p>\n<p><a href=\"https:\/\/www.tf1info.fr\/international\/guerre-israel-hamas-acheminents-cargaisons-carmions-largages-aeriens-le-point-sur-l-entree-d-aide-humanitaire-a-gaza-2386014.html\" rel=\"noopener\" class=\"jsx-3308031228 Link flex\" target=\"_blank\"><img decoding=\"async\" src=\"https:\/\/www.europesays.com\/fr\/wp-content\/uploads\/2025\/07\/distribution-aide-gaza-palestine-29-juillet-2025-39adff-0@1x.jpeg\" alt=\"Des Palestiniens ram\u00e8nent des colis d'aide qu'ils ont r\u00e9ussi \u00e0 se procurer le 29 juillet 2025, sur un sentier c\u00f4tier \u00e0 l'ouest de Beit Lahia, apr\u00e8s l'entr\u00e9e d'aide depuis le poste-fronti\u00e8re de Zikim, au nord.\" loading=\"lazy\" importance=\"low\" fetchpriority=\"low\" class=\"\" aria-hidden=\"true\"\/><\/p>\n<p class=\"jsx-3657663356 ReadMoreArticle__Title\">Lire aussi<\/p>\n<p class=\"jsx-3657663356\">Acheminements par camions, largages a\u00e9riens&#8230; Le point sur l&rsquo;entr\u00e9e d&rsquo;aide humanitaire \u00e0 Gaza<\/p>\n<p><\/a><\/p>\n<p data-module=\"article-paragraph\" class=\"jsx-3046738180 Paragraph Paragraph__End\">Sollicit\u00e9 par l&rsquo;AFP, Sciences Po Lille a expliqu\u00e9 avoir \u00ab\u00a0accueilli cette \u00e9tudiante sur proposition du consulat g\u00e9n\u00e9ral de France \u00e0 J\u00e9rusalem\u00a0\u00bb. \u00ab\u00a0Elle est venue en France via la diplomatie fran\u00e7aise\u00a0\u00bb, pr\u00e9cise-t-on.\u00a0La jeune fille a \u00e9t\u00e9 h\u00e9berg\u00e9e provisoirement dans le logement du directeur de Sciences-Po Lille, o\u00f9 il ne vit plus, \u00ab\u00a0dans l&rsquo;attente du logement universitaire qui lui \u00e9tait r\u00e9serv\u00e9\u00a0\u00bb, explique \u00e9galement l&rsquo;\u00e9tablissement.<\/p>\n<blockquote class=\"jsx-2786790838 Quote__Text\"><p>Les propagandistes du Hamas n&rsquo;ont rien \u00e0 faire dans notre pays.<\/p><\/blockquote>\n<p>Bruno Retailleau<\/p>\n<p data-module=\"article-paragraph\" class=\"jsx-3046738180 Paragraph\">Le ministre de l&rsquo;Int\u00e9rieur Bruno Retailleau a soulign\u00e9 sur X avoir \u00ab\u00a0demand\u00e9 de faire fermer ce compte haineux, et donn\u00e9 instruction au pr\u00e9fet de saisir la justice\u00a0\u00bb, martelant : \u00ab\u00a0les propagandistes du Hamas n&rsquo;ont rien \u00e0 faire dans notre pays\u00a0\u00bb.\u00a0\u00ab\u00a0Une \u00e9tudiante Gazaouie tenant des propos antis\u00e9mites n&rsquo;a rien \u00e0 faire en France\u00a0\u00bb, a abond\u00e9 le ministre des Affaires \u00e9trang\u00e8res Jean-No\u00ebl Barrot sur X. \u00ab\u00a0Les criblages effectu\u00e9s par les services comp\u00e9tents des minist\u00e8res concern\u00e9s n\u2019ont manifestement pas fonctionn\u00e9. J&rsquo;ai demand\u00e9 \u00e0 ce qu&rsquo;une enqu\u00eate interne soit diligent\u00e9e pour que cela ne puisse en aucun cas se reproduire\u00a0\u00bb, a-t-il pr\u00e9cis\u00e9.<\/p>\n<p data-module=\"article-paragraph\" class=\"jsx-3046738180 Paragraph Paragraph__End\">Le pr\u00e9fet du Nord a indiqu\u00e9 sur le m\u00eame r\u00e9seau avoir saisi le paquet de Lille \u00ab\u00a0\u00e0 la suite des propos intol\u00e9rables tenus sur les r\u00e9seaux sociaux\u00a0\u00bb. La rectrice Sophie B\u00e9jean a annonc\u00e9, toujours sur X, son intention d&rsquo;effectuer un signalement \u00e0 la procureure. \u00ab\u00a0Aucun propos antis\u00e9mite et aucune apologie du terrorisme ne sont tol\u00e9rables dans les \u00e9tablissements universitaires\u00a0\u00bb, \u00e9crit-elle.<\/p>\n<p>J.F. avec AFP<\/p>\n","protected":false},"excerpt":{"rendered":"Sciences Po Lille a indiqu\u00e9 ce mercredi annuler l&rsquo;inscription dans son \u00e9tablissement d&rsquo;une \u00e9tudiante gazaouie en raison de&hellip;\n","protected":false},"author":2,"featured_media":285497,"comment_status":"","ping_status":"","sticky":false,"template":"","format":"standard","meta":{"footnotes":""},"categories":[2815],"tags":[1111,11,6155,1921,4628,1013,1777,674,1011,27,811,1922,1307,12,25,133,5010],"class_list":{"0":"post-285496","1":"post","2":"type-post","3":"status-publish","4":"format-standard","5":"has-post-thumbnail","7":"category-lille","8":"tag-actu","9":"tag-actualites","10":"tag-antisemitisme","11":"tag-article-video","12":"tag-bande-de-gaza","13":"tag-bruno-retailleau","14":"tag-eu","15":"tag-europe","16":"tag-fr","17":"tag-france","18":"tag-hauts-de-france","19":"tag-info","20":"tag-lille","21":"tag-news","22":"tag-republique-francaise","23":"tag-video","24":"tag-video-sujets-de-societe"},"share_on_mastodon":{"url":"https:\/\/pubeurope.com\/@fr\/114944991768825666","error":""},"_links":{"self":[{"href":"https:\/\/www.europesays.com\/fr\/wp-json\/wp\/v2\/posts\/285496","targetHints":{"allow":["GET"]}}],"collection":[{"href":"https:\/\/www.europesays.com\/fr\/wp-json\/wp\/v2\/posts"}],"about":[{"href":"https:\/\/www.europesays.com\/fr\/wp-json\/wp\/v2\/types\/post"}],"author":[{"embeddable":true,"href":"https:\/\/www.europesays.com\/fr\/wp-json\/wp\/v2\/users\/2"}],"replies":[{"embeddable":true,"href":"https:\/\/www.europesays.com\/fr\/wp-json\/wp\/v2\/comments?post=285496"}],"version-history":[{"count":0,"href":"https:\/\/www.europesays.com\/fr\/wp-json\/wp\/v2\/posts\/285496\/revisions"}],"wp:featuredmedia":[{"embeddable":true,"href":"https:\/\/www.europesays.com\/fr\/wp-json\/wp\/v2\/media\/285497"}],"wp:attachment":[{"href":"https:\/\/www.europesays.com\/fr\/wp-json\/wp\/v2\/media?parent=285496"}],"wp:term":[{"taxonomy":"category","embeddable":true,"href":"https:\/\/www.europesays.com\/fr\/wp-json\/wp\/v2\/categories?post=285496"},{"taxonomy":"post_tag","embeddable":true,"href":"https:\/\/www.europesays.com\/fr\/wp-json\/wp\/v2\/tags?post=285496"}],"curies":[{"name":"wp","href":"https:\/\/api.w.org\/{rel}","templated":true}]}}