{"id":285498,"date":"2025-07-31T00:22:10","date_gmt":"2025-07-31T00:22:10","guid":{"rendered":"https:\/\/www.europesays.com\/fr\/285498\/"},"modified":"2025-07-31T00:22:10","modified_gmt":"2025-07-31T00:22:10","slug":"previsions-du-jeudi-31-juillet-2025-5","status":"publish","type":"post","link":"https:\/\/www.europesays.com\/fr\/285498\/","title":{"rendered":"pr\u00e9visions du jeudi 31 juillet 2025"},"content":{"rendered":"<p>Marseille va \u00eatre inond\u00e9e de soleil durant cette journ\u00e9e. Il va faire 24\u00b0C en moyenne. Les temp\u00e9ratures avoisineront les 24\u00b0C au cours de la matin\u00e9e. Un vent de nord-ouest rafra\u00eechira l\u00e9g\u00e8rement l&rsquo;atmosph\u00e8re. Les valeurs s&rsquo;\u00e9chelonneront entre 26 et 27\u00b0C pendant l&rsquo;apr\u00e8s-midi. Un vent d&rsquo;ouest soufflera \u00e0 20 km\/h. Le soir, les temp\u00e9ratures afficheront entre 23 et 25\u00b0C. On pr\u00e9voit une nuit claire entre jeudi et vendredi.<\/p>\n<p>C&rsquo;est un soleil splendide qui va briller demain sur Marseille. C&rsquo;est une hausse de quelques degr\u00e9s que vont enregistrer les temp\u00e9ratures. Les valeurs seront comprises entre 22 et 27\u00b0C. Les maximales pourront atteindre 26\u00b0C dans la matin\u00e9e tandis que les minimales seront de 23\u00b0C. Une brise de nord-ouest soufflera doucement. Les temp\u00e9ratures seront de 26\u00b0C au plus bas et de 27\u00b0C au maximum l&rsquo;apr\u00e8s-midi. Un vent d&rsquo;ouest est attendu : il soufflera \u00e0 22 km\/h. Les valeurs s&rsquo;\u00e9chelonneront entre 23\u00b0C et 25\u00b0C dans la soir\u00e9e. Un vent de sud-ouest soufflera un peu, avec 13 km\/h.<\/p>\n<p>Le temps restera stable les prochains jours. Le temps sera ensoleill\u00e9 avec des temp\u00e9ratures avoisinant 27\u00b0C.<\/p>\n<p><\/p>\n","protected":false},"excerpt":{"rendered":"Marseille va \u00eatre inond\u00e9e de soleil durant cette journ\u00e9e. Il va faire 24\u00b0C en moyenne. Les temp\u00e9ratures avoisineront&hellip;\n","protected":false},"author":2,"featured_media":285499,"comment_status":"","ping_status":"","sticky":false,"template":"","format":"standard","meta":{"footnotes":""},"categories":[2814],"tags":[1111,11,885,1777,674,1011,27,884,12,883,2119,882,25],"class_list":{"0":"post-285498","1":"post","2":"type-post","3":"status-publish","4":"format-standard","5":"has-post-thumbnail","7":"category-marseille","8":"tag-actu","9":"tag-actualites","10":"tag-bouches-du-rhone","11":"tag-eu","12":"tag-europe","13":"tag-fr","14":"tag-france","15":"tag-marseille","16":"tag-news","17":"tag-paca","18":"tag-previsions-meteo","19":"tag-provence-alpes-cote-dazur","20":"tag-republique-francaise"},"share_on_mastodon":{"url":"https:\/\/pubeurope.com\/@fr\/114944995671434318","error":""},"_links":{"self":[{"href":"https:\/\/www.europesays.com\/fr\/wp-json\/wp\/v2\/posts\/285498","targetHints":{"allow":["GET"]}}],"collection":[{"href":"https:\/\/www.europesays.com\/fr\/wp-json\/wp\/v2\/posts"}],"about":[{"href":"https:\/\/www.europesays.com\/fr\/wp-json\/wp\/v2\/types\/post"}],"author":[{"embeddable":true,"href":"https:\/\/www.europesays.com\/fr\/wp-json\/wp\/v2\/users\/2"}],"replies":[{"embeddable":true,"href":"https:\/\/www.europesays.com\/fr\/wp-json\/wp\/v2\/comments?post=285498"}],"version-history":[{"count":0,"href":"https:\/\/www.europesays.com\/fr\/wp-json\/wp\/v2\/posts\/285498\/revisions"}],"wp:featuredmedia":[{"embeddable":true,"href":"https:\/\/www.europesays.com\/fr\/wp-json\/wp\/v2\/media\/285499"}],"wp:attachment":[{"href":"https:\/\/www.europesays.com\/fr\/wp-json\/wp\/v2\/media?parent=285498"}],"wp:term":[{"taxonomy":"category","embeddable":true,"href":"https:\/\/www.europesays.com\/fr\/wp-json\/wp\/v2\/categories?post=285498"},{"taxonomy":"post_tag","embeddable":true,"href":"https:\/\/www.europesays.com\/fr\/wp-json\/wp\/v2\/tags?post=285498"}],"curies":[{"name":"wp","href":"https:\/\/api.w.org\/{rel}","templated":true}]}}