{"id":285500,"date":"2025-07-31T00:23:10","date_gmt":"2025-07-31T00:23:10","guid":{"rendered":"https:\/\/www.europesays.com\/fr\/285500\/"},"modified":"2025-07-31T00:23:10","modified_gmt":"2025-07-31T00:23:10","slug":"a-marseille-le-laboratoire-dastrophysique-participe-aux-grandes-missions-dexploration-spatiale","status":"publish","type":"post","link":"https:\/\/www.europesays.com\/fr\/285500\/","title":{"rendered":"\u00c0 Marseille, le laboratoire d\u2019astrophysique participe aux grandes missions d\u2019exploration spatiale"},"content":{"rendered":"\n<p>Derri\u00e8re les \u00e9toiles, le Laboratoire d\u2019astrophysique de Marseille (LAM) explore l\u2019univers sous plusieurs facettes\u00a0: les exoplan\u00e8tes, le syst\u00e8me solaire et ses plan\u00e8tes, ast\u00e9ro\u00efdes et com\u00e8tes. \u00ab\u00a0On a aussi un groupe sp\u00e9cialis\u00e9 dans la cosmologie, c\u2019est l\u2019\u00e9tude des ph\u00e9nom\u00e8nes physiques, comme la mati\u00e8re noire ou l\u2019\u00e9nergie sombre, qui d\u00e9finissent la structure de notre univers\u00a0\u00bb, explique \u00c9lodie Choquet qui n\u2019oublie pas le volet recherche instrumentale. Un groupe y d\u00e9veloppe de nouvelles technologies pour repousser les limites des futurs instruments d\u2019astronomie.<\/p>\n<p>Astronome adjointe au LAM depuis 2019, elle, y poursuit ses recherches sur l\u2019imagerie directe des exoplan\u00e8tes, apr\u00e8s \u00eatre pass\u00e9e par l\u2019Observatoire de Paris au Space Telescope Science Institute \u00e0 Baltimore et au Jet Propulsion Laboratory en Californie. Le laboratoire marseillais, lui, se distingue par sa double expertise.<\/p>\n<p>\u00ab\u00a0On a d\u00e9velopp\u00e9 une technique unique de polissage de miroirs utilis\u00e9e sur le t\u00e9lescope spatial Roman que la Nasa lancera en 2026\u00a0\u00bb, poursuit la jeune femme. Ce savoir-faire a valu au LAM une nouvelle reconnaissance internationale et \u00e0 Michel Marcos, le technicien responsable du polissage, le prix Cristal. Rattach\u00e9e au CNRS, \u00e0 Aix-Marseille Universit\u00e9 et au Cnes, cette unit\u00e9 mixte de recherche regroupe 200\u00a0chercheurs, doctorants, post-doctorants, ing\u00e9nieurs, techniciens et administratifs.<\/p>\n<p> Le r\u00eave d\u2019une communaut\u00e9\n              <\/p>\n<p>Mais le laboratoire est au c\u0153ur d\u2019autres missions d\u2019exploration spatiales majeures\u00a0: Plato, le t\u00e9lescope spatial europ\u00e9en qui en 2026 cherchera des exoplan\u00e8tes par la m\u00e9thode des transits\u00a0; et le Extremely Large Telescope, un g\u00e9ant terrestre de 39\u00a0m\u00e8tres en construction dans le d\u00e9sert d\u2019Atacama au Chili \u00e0 l\u2019horizon 2030. La LAM y travaille sur deux instruments, Harmoni, pour analyser les atmosph\u00e8res plan\u00e9taires, et Mosaic pour \u00e9tudier les galaxies lointaines.<\/p>\n<p>Pour \u00c9lodie Choquet, l\u2019objectif est clair\u00a0: \u00ab\u00a0Sur les exoplan\u00e8tes, c\u2019est chercher, trouver une plan\u00e8te qui ressemble \u00e0 la Terre. C\u2019est l\u2019enjeu \u00e0 l\u2019horizon 2035-2040\u00a0: imager une photo d\u2019une plan\u00e8te comme la Terre pour pouvoir en analyser la composition atmosph\u00e9rique. C\u2019est le r\u00eave de notre communaut\u00e9, parce que quand on pense Terre, on esp\u00e8re trouver des signes de signatures biologiques int\u00e9ressantes.\u00a0\u00bb<\/p>\n","protected":false},"excerpt":{"rendered":"Derri\u00e8re les \u00e9toiles, le Laboratoire d\u2019astrophysique de Marseille (LAM) explore l\u2019univers sous plusieurs facettes\u00a0: les exoplan\u00e8tes, le syst\u00e8me&hellip;\n","protected":false},"author":2,"featured_media":285501,"comment_status":"","ping_status":"","sticky":false,"template":"","format":"standard","meta":{"footnotes":""},"categories":[2814],"tags":[1111,11,1777,674,1011,27,884,12,4916,882,25],"class_list":{"0":"post-285500","1":"post","2":"type-post","3":"status-publish","4":"format-standard","5":"has-post-thumbnail","7":"category-marseille","8":"tag-actu","9":"tag-actualites","10":"tag-eu","11":"tag-europe","12":"tag-fr","13":"tag-france","14":"tag-marseille","15":"tag-news","16":"tag-projets","17":"tag-provence-alpes-cote-dazur","18":"tag-republique-francaise"},"share_on_mastodon":{"url":"https:\/\/pubeurope.com\/@fr\/114944999646132298","error":""},"_links":{"self":[{"href":"https:\/\/www.europesays.com\/fr\/wp-json\/wp\/v2\/posts\/285500","targetHints":{"allow":["GET"]}}],"collection":[{"href":"https:\/\/www.europesays.com\/fr\/wp-json\/wp\/v2\/posts"}],"about":[{"href":"https:\/\/www.europesays.com\/fr\/wp-json\/wp\/v2\/types\/post"}],"author":[{"embeddable":true,"href":"https:\/\/www.europesays.com\/fr\/wp-json\/wp\/v2\/users\/2"}],"replies":[{"embeddable":true,"href":"https:\/\/www.europesays.com\/fr\/wp-json\/wp\/v2\/comments?post=285500"}],"version-history":[{"count":0,"href":"https:\/\/www.europesays.com\/fr\/wp-json\/wp\/v2\/posts\/285500\/revisions"}],"wp:featuredmedia":[{"embeddable":true,"href":"https:\/\/www.europesays.com\/fr\/wp-json\/wp\/v2\/media\/285501"}],"wp:attachment":[{"href":"https:\/\/www.europesays.com\/fr\/wp-json\/wp\/v2\/media?parent=285500"}],"wp:term":[{"taxonomy":"category","embeddable":true,"href":"https:\/\/www.europesays.com\/fr\/wp-json\/wp\/v2\/categories?post=285500"},{"taxonomy":"post_tag","embeddable":true,"href":"https:\/\/www.europesays.com\/fr\/wp-json\/wp\/v2\/tags?post=285500"}],"curies":[{"name":"wp","href":"https:\/\/api.w.org\/{rel}","templated":true}]}}