{"id":285508,"date":"2025-07-31T00:30:18","date_gmt":"2025-07-31T00:30:18","guid":{"rendered":"https:\/\/www.europesays.com\/fr\/285508\/"},"modified":"2025-07-31T00:30:18","modified_gmt":"2025-07-31T00:30:18","slug":"la-nba-de-retour-a-paris-en-2027-et-2028","status":"publish","type":"post","link":"https:\/\/www.europesays.com\/fr\/285508\/","title":{"rendered":"la NBA de retour \u00e0 Paris\u2026 en 2027 et 2028"},"content":{"rendered":"<p>La ligue nord-am\u00e9ricaine annonce la tenue d\u2019une s\u00e9rie de matchs de saison r\u00e9guli\u00e8re en Europe pour les trois prochaines ann\u00e9es, dont deux dans la capitale fran\u00e7aise.<\/p>\n<p class=\"fig-paragraph\">La NBA de retour \u00e0 Paris\u00a0? Oui, mais pas tout de suite. La Ligue nord-am\u00e9ricaine de basket annonce ce mardi la tenue de six matchs de saison r\u00e9guli\u00e8re sur les trois prochaines ann\u00e9es. Les stars US se produiront sur les planches de l\u2019Accor Arena de Paris en 2027 et 2028. Les affiches et les dates de ces deux nouvelles rencontres parisiennes seront d\u00e9voil\u00e9es plus tard.<\/p>\n<p class=\"fig-paragraph\">Rappelons qu\u2019apr\u00e8s avoir organis\u00e9 neuf matchs de saison r\u00e9guli\u00e8re \u00e0 Londres entre 2011 et 2019, dont deux en 2011, l\u2019Association avait \u00e9lu domicile \u00e0 Paris depuis 2020, avec une pause de deux ans pour cause de Covid-19.\u00a0<a href=\"https:\/\/www.lefigaro.fr\/sports\/basket\/nba\/actualites\/nba-a-paris-batum-ambassadeur-et-go-de-luxe-pour-les-hornets-990164\" data-fig-type=\"Article\" data-gtm-custom-categorie=\"navigation\" data-gtm-custom-action=\"crossclick\" data-gtm-custom-label=\"Contextuel\" data-gtm-event=\"customEventSPE\" data-fig-domain=\"LEFIGARO\" rel=\"nofollow noopener\" target=\"_blank\">Les Bucks de Giannis Antetokounmpo avaient affront\u00e9 Nicolas Batum et les Hornets en 2020<\/a>, avant Chicago-Detroit en 2023 et Brooklyn-Cleveland en 2024. En d\u00e9but d\u2019ann\u00e9e,\u00a0<a href=\"http:\/\/www.lefigaro.fr\/sports\/basket\/nba\/nba-retour-aux-sources-plan-medias-emotions-fortes-et-partagees-kebab-la-wembamania-a-deferle-sur-paris-et-la-france-20250126\" data-fig-type=\"NewsFlash\" data-gtm-custom-categorie=\"navigation\" data-gtm-custom-action=\"crossclick\" data-gtm-custom-label=\"Contextuel\" data-gtm-event=\"customEventSPE\" data-fig-domain=\"LEFIGARO\" rel=\"nofollow noopener\" target=\"_blank\">la \u00abWembamania\u00bb s\u2019\u00e9tait empar\u00e9e de la capitale fran\u00e7aise<\/a>, avec deux matchs entre les San Antonio Spurs et les Pacers de l\u2019Indiana,\u00a0<a href=\"http:\/\/www.lefigaro.fr\/sports\/basket\/nba\/finales-nba-okc-sacre-face-a-indiana-l-epilogue-gache-par-la-blessure-de-tyrese-haliburton-20250623\" data-fig-type=\"NewsFlash\" data-gtm-custom-categorie=\"navigation\" data-gtm-custom-action=\"crossclick\" data-gtm-custom-label=\"Contextuel\" data-gtm-event=\"customEventSPE\" data-fig-domain=\"LEFIGARO\" rel=\"nofollow noopener\" target=\"_blank\">futurs finalistes malheureux contre OKC<\/a>. Adam Silver avait rapidement fait comprendre que la NBA souhaitait investir d\u2019autres march\u00e9s en 2026, tout en ouvrant la porte \u00e0 un retour par la suite.<\/p>\n<p>                                    <a class=\"fig-a11y-skip a11y-hidden\" href=\"#fig-a11y-skip-main-inarticle\"><br \/>\n        Passer la publicit\u00e9<br \/>\n    <\/a><\/p>\n<p>San Antonio candidat<\/p>\n<p class=\"fig-paragraph\">Ce sera donc chose faite en 2027 et 2028. Avec les Spurs en t\u00eate d\u2019affiche\u00a0? Possible. Pas s\u00fbr. \u00abOn l\u00e8vera notre main \u00e0 chaque fois qu\u2019on le pourra\u00bb, avait indiqu\u00e9 le CEO de la franchise d\u2019Alamo City, RC Buford, en janvier dernier \u00e0 Bercy. Victor Wembanyama n\u2019a pas cach\u00e9 non plus son souhait de revenir \u00e0 Paris. Sauf que d\u2019autres clubs sont int\u00e9ress\u00e9s. Ce genre de match en Europe est peut-\u00eatre couteux en termes d\u2019argent et de temps, mais il rapporte beaucoup en termes d\u2019image. Surtout \u00e0 Paris, plus gros march\u00e9 en Europe.<\/p>\n<p class=\"fig-paragraph\">Pour ce qui est de 2026, les Memphis Grizzlies de Ja Morant et les Orlando Magic de Paolo Banchero et Franz Wagner disputeront des matchs de saison r\u00e9guli\u00e8re \u00e0 l\u2019Uber Arena de Berlin le jeudi 15 janvier, pour ce qui sera le premier match de saison r\u00e9guli\u00e8re sur le sol allemand, et \u00e0 l\u2019O2 Arena de Londres le dimanche 18 janvier. Deux matchs aussi en 2027 et 2028, \u00e0 Paris donc, mais aussi au Co-op Live de Manchester en 2027 et \u00e0 Berlin, en 2028.<\/p>\n<p class=\"fig-paragraph\">En ce qui concerne le match \u00e0 Paris en 2027, il s\u2019agira du 16e organis\u00e9 sur les bords de la Seine, la sixi\u00e8me rencontre de saison r\u00e9guli\u00e8re. Deuxi\u00e8me pays le plus repr\u00e9sent\u00e9 au sein de la NBA, derri\u00e8re le Canada, la France pourrait par exemple accueillir les Hawks de Zaccharie Risacher, les Wizards d\u2019Alex Sarr et Bilal Coulibaly ou les Knicks de Guerschon Yabusele si la Ligue veut mettre en avant les talents fran\u00e7ais. Nul doute que les Spurs de Victor Wembanyama seront de nouveau concern\u00e9s, t\u00f4t ou tard, par ces NBA Paris Games&#8230;<\/p>\n","protected":false},"excerpt":{"rendered":"La ligue nord-am\u00e9ricaine annonce la tenue d\u2019une s\u00e9rie de matchs de saison r\u00e9guli\u00e8re en Europe pour les trois&hellip;\n","protected":false},"author":2,"featured_media":285509,"comment_status":"","ping_status":"","sticky":false,"template":"","format":"standard","meta":{"footnotes":""},"categories":[1888],"tags":[1111,1928,11,1927,1791,1777,674,1011,27,2182,12,1926,626,1925,25],"class_list":{"0":"post-285508","1":"post","2":"type-post","3":"status-publish","4":"format-standard","5":"has-post-thumbnail","7":"category-paris","8":"tag-actu","9":"tag-actu-paris","10":"tag-actualites","11":"tag-actualites-paris","12":"tag-basket-ball","13":"tag-eu","14":"tag-europe","15":"tag-fr","16":"tag-france","17":"tag-nba","18":"tag-news","19":"tag-news-paris","20":"tag-paris","21":"tag-paris-news","22":"tag-republique-francaise"},"share_on_mastodon":{"url":"https:\/\/pubeurope.com\/@fr\/114945027161671227","error":""},"_links":{"self":[{"href":"https:\/\/www.europesays.com\/fr\/wp-json\/wp\/v2\/posts\/285508","targetHints":{"allow":["GET"]}}],"collection":[{"href":"https:\/\/www.europesays.com\/fr\/wp-json\/wp\/v2\/posts"}],"about":[{"href":"https:\/\/www.europesays.com\/fr\/wp-json\/wp\/v2\/types\/post"}],"author":[{"embeddable":true,"href":"https:\/\/www.europesays.com\/fr\/wp-json\/wp\/v2\/users\/2"}],"replies":[{"embeddable":true,"href":"https:\/\/www.europesays.com\/fr\/wp-json\/wp\/v2\/comments?post=285508"}],"version-history":[{"count":0,"href":"https:\/\/www.europesays.com\/fr\/wp-json\/wp\/v2\/posts\/285508\/revisions"}],"wp:featuredmedia":[{"embeddable":true,"href":"https:\/\/www.europesays.com\/fr\/wp-json\/wp\/v2\/media\/285509"}],"wp:attachment":[{"href":"https:\/\/www.europesays.com\/fr\/wp-json\/wp\/v2\/media?parent=285508"}],"wp:term":[{"taxonomy":"category","embeddable":true,"href":"https:\/\/www.europesays.com\/fr\/wp-json\/wp\/v2\/categories?post=285508"},{"taxonomy":"post_tag","embeddable":true,"href":"https:\/\/www.europesays.com\/fr\/wp-json\/wp\/v2\/tags?post=285508"}],"curies":[{"name":"wp","href":"https:\/\/api.w.org\/{rel}","templated":true}]}}