{"id":28551,"date":"2025-04-16T05:51:59","date_gmt":"2025-04-16T05:51:59","guid":{"rendered":"https:\/\/www.europesays.com\/fr\/28551\/"},"modified":"2025-04-16T05:51:59","modified_gmt":"2025-04-16T05:51:59","slug":"ce-joueur-de-handball-a-rouen-est-une-veritable-star","status":"publish","type":"post","link":"https:\/\/www.europesays.com\/fr\/28551\/","title":{"rendered":"ce joueur de handball \u00e0 Rouen est une v\u00e9ritable star"},"content":{"rendered":"<p>            Par<br \/>\n        <strong><br \/>\n            <a href=\"https:\/\/actu.fr\/auteur\/jessie-leclerc\" title=\"Consulter tous les articles de Jessie Leclerc\" target=\"_blank\" rel=\"noopener\">Jessie Leclerc<\/a><br \/>\n        <\/strong><\/p>\n<p>        Publi\u00e9 le<\/p>\n<p>            13 avr. 2025 \u00e0 13h06        <\/p>\n<p><strong>Gautier Mvumbi<\/strong>, 30\u00a0ans, est une star dans son domaine\u2009: le handball. Il fait parler de lui tant pour sa carrure impressionnante que pour son parcours. C\u2019est un sacr\u00e9 personnage. Depuis deux ans, il joue en Nationale 1<strong> au Rouen Handball (RHB)<\/strong>. Mais Gautier porte une triple casquette. Il travaille aussi dans un coll\u00e8ge <a href=\"https:\/\/actu.fr\/normandie\/rouen_76540\" target=\"_blank\" rel=\"noopener\">de Rouen (Seine-Maritime)<\/a> et est joueur dans l\u2019\u00e9quipe nationale du Congo, rien que \u00e7a\u2009!<br \/>Son go\u00fbt pour le handball, son histoire\u2026 Il se livre \u00e0 76actu.<\/p>\n<p>Le hand, un sport par d\u00e9faut\u2009?<\/p>\n<p class=\" wall-content\">D\u2019origine franco-congolaise, il est n\u00e9 \u00e0 Dreux (28) en 1994. Ses mensurations (1.92\u00a0m\u00e8tres) ont toujours fait parler, mais il en a fait sa force. Dit \u00ab\u2009El Giant\u2009\u00bb, il est aussi surnomm\u00e9 le \u00ab\u2009Shaq of Handball\u2009\u00bb, en clin d\u2019\u0153il au l\u00e9gendaire basketteur <strong>Shaquille O\u2019Neal<\/strong>.<\/p>\n<p class=\" wall-content\">Pourtant, avant le handball,<strong> il r\u00eavait de football<\/strong>. Rep\u00e9r\u00e9 pour int\u00e9grer la formation de Ch\u00e2teauroux, il n\u2019a finalement pas pass\u00e9 les tests, son p\u00e8re le poussant vers les \u00e9tudes. Il renonce donc \u00e0 l\u2019id\u00e9e de rentrer dans le monde du football. C\u2019est finalement<strong> le handball qui est venu \u00e0 lui<\/strong>. Il d\u00e9bute la pratique via l\u2019association sportive de son coll\u00e8ge, <strong>\u00e0 14\u00a0ans<\/strong>. \u00ab\u2009C\u2019est tard pour un joueur de commencer \u00e0 cet \u00e2ge-l\u00e0\u2009\u00bb, pr\u00e9cise-t-il.<\/p>\n<p class=\" wall-content\">C\u2019est son <a href=\"https:\/\/actu.fr\/normandie\/rouen_76540\/sylvain-delorme-entraineur-du-rouen-metropole-basket-est-un-coach-pas-comme-les-autres_61889189.html\" target=\"_blank\" rel=\"noopener\">premier coach<\/a>, Yassine Baladi, qui l\u2019a vraiment mis sur la voie\u2009: \u00ab\u2009Il m\u2019a dit \u2018je te paie les chaussures et la licence et tu viens jouer\u2019, donc j\u2019ai jou\u00e9\u2009\u00bb.<\/p>\n<p>De ses premiers matchs \u00e0 son arriv\u00e9e \u00e0 Rouen<\/p>\n<p class=\" wall-content\">Il se souvient de ses premiers matchs. \u00ab\u2009Je ne comprenais pas trop les r\u00e8gles, j\u2019ai m\u00eame bless\u00e9 un gardien en tirant\u2026 D\u2019ailleurs, quand j\u2019ai eu la balle de nouveau, le gardien est carr\u00e9ment sorti du but. C\u2019est comme \u00e7a que j\u2019ai marqu\u00e9 mon premier but\u2009\u00bb.<\/p>\n<p class=\" wall-content\">Positionn\u00e9 d\u2019abord arri\u00e8re gauche, Gautier est maintenant <strong>au poste de pivot<\/strong>\u2009: \u00ab\u2009Je n\u2019aimais pas trop au d\u00e9part, mais \u00e7a a chang\u00e9, je l\u2019ai adopt\u00e9\u2009\u00bb.<\/p>\n<p class=\" wall-content\">Apr\u00e8s une classe jeune \u00e0 Vernouillet, il int\u00e8gre le p\u00f4le espoir de Chartres, puis le centre de formation de Cr\u00e9teil o\u00f9 il n\u2019a finalement pas \u00e9t\u00e9 gard\u00e9.<\/p>\n<blockquote class=\"ac-article-quote wall-content\">\n<p>J&rsquo;ai toujours eu des facilit\u00e9s physiques. Je r\u00e9ussis \u00e0 faire des trucs qu&rsquo;un gars de 90 kg peut faire. Et en plus, je peux porter du poids, je suis un peu un tricheur. Mais le plus dur, c&rsquo;est l&rsquo;entra\u00eenement moral. Mon \u00e9chec \u00e0 Cr\u00e9teil m&rsquo;a rendu plus fort. Maintenant je n&rsquo;abandonne plus.<\/p>\n<p>    <strong>Gautier Mvumbi<\/strong><br \/>\n        Pivot dans l&rsquo;\u00e9quipe masculine du Rouen Handball (N1M)    <\/p><\/blockquote>\n<p class=\" wall-content\">Au <strong>niveau international<\/strong>, Gautier obtient sa premi\u00e8re s\u00e9lection avec l\u2019\u00e9quipe du Congo en 2015 et participe \u00e0 de nombreuses comp\u00e9titions comme les Jeux africains, la Championnats d\u2019Afrique des Nations (CAN), et surtout, <a href=\"https:\/\/actu.fr\/normandie\/montville_76452\/jo-de-paris-2024-ce-kine-normand-est-le-plus-decore-au-monde-en-handball_61469579.html\" target=\"_blank\" rel=\"noopener\">les championnats du monde<\/a> d\u2019\u00c9gypte en 2021.<\/p>\n<p class=\" wall-content\">C\u2019est cet \u00e9v\u00e9nement qui l\u2019a mis sur le devant de la sc\u00e8ne. Il y avait fait le buzz pour son sans-faute lors de son premier match face \u00e0 l\u2019Argentine\u2009: 4 tirs, 4\u00a0buts. Mais c\u2019est aussi sa carrure qui a interpell\u00e9. Il faut dire qu\u2019il impressionne, son gabarit atypique se d\u00e9marque sur le terrain.<\/p>\n<p class=\" wall-content\">Malgr\u00e9 l\u2019\u00e9limination de l\u2019\u00e9quipe, le jeune joueur a marqu\u00e9 les esprits\u2009: \u00ab\u2009\u00c7a a \u00e9bloui les gens que quelqu\u2019un avec ma corpulence a pu jouer et d\u00e9fendre sa partie comme \u00e7a\u2009\u00bb, sourit Gautier.<\/p>\n<blockquote class=\"tiktok-embed\" cite=\"https:\/\/www.tiktok.com\/@gauthiermvumbi\/video\/7332589253207018785\" data-video-id=\"7332589253207018785\" data-embed-from=\"oembed\" style=\"max-width:605px; min-width:325px;\"><p>\n<a target=\"_blank\" title=\"@gauthiermvumbi\" href=\"https:\/\/www.tiktok.com\/@gauthiermvumbi?refer=embed\" rel=\"noopener\">@gauthiermvumbi<\/a> <\/p>\n<p>Highlights Handball Congo \ud83c\udde8\ud83c\udde9 <a title=\"congolaise\" target=\"_blank\" href=\"https:\/\/www.tiktok.com\/tag\/congolaise?refer=embed\" rel=\"noopener\">#congolaise<\/a> <a title=\"congo\" target=\"_blank\" href=\"https:\/\/www.tiktok.com\/tag\/congo?refer=embed\" rel=\"noopener\">#Congo<\/a> <a title=\"handball\" target=\"_blank\" href=\"https:\/\/www.tiktok.com\/tag\/handball?refer=embed\" rel=\"noopener\">#handball<\/a>  <a title=\"rdcongohandball\" target=\"_blank\" href=\"https:\/\/www.tiktok.com\/tag\/rdcongohandball?refer=embed\" rel=\"noopener\">#RDCongoHandball<\/a> <a title=\"teamrdcongo\" target=\"_blank\" href=\"https:\/\/www.tiktok.com\/tag\/teamrdcongo?refer=embed\" rel=\"noopener\">#TeamRDCongo<\/a> <a title=\"tiktokhandball\" target=\"_blank\" href=\"https:\/\/www.tiktok.com\/tag\/tiktokhandball?refer=embed\" rel=\"noopener\">#TikTokHandball<\/a> <a title=\"d\u00e9termination\" target=\"_blank\" href=\"https:\/\/www.tiktok.com\/tag\/d%C3%A9termination?refer=embed\" rel=\"noopener\">#D\u00e9termination<\/a> @Handball Premium <\/p>\n<p> <a target=\"_blank\" title=\"\u266c Coup du marteau - Tam Sir\" href=\"https:\/\/www.tiktok.com\/music\/Coup-du-marteau-7310379089155115009?refer=embed\" rel=\"noopener\">\u266c Coup du marteau \u2013 Tam Sir<\/a> <\/p>\n<\/blockquote>\n<p class=\" wall-content\">puis 2023, <strong>Gautier <\/strong><a href=\"https:\/\/actu.fr\/normandie\/rouen_76540\/elles-s-entrainent-15-heures-par-semaine-le-quotidien-de-deux-jeunes-pros-au-rouen-handball_62243548.html\" target=\"_blank\" rel=\"noopener\">\u00e9volue au RHB<\/a><strong> (N1)<\/strong>, apr\u00e8s un passage par Pouzauges (N1) et Charente Handball (N2). Et il s\u2019y sent bien. Malgr\u00e9 une saison difficile marqu\u00e9e par des blessures, le num\u00e9ro\u00a015 garde confiance.<\/p>\n<blockquote class=\"ac-article-quote wall-content\">\n<p>On m&rsquo;a bien accueilli. Je suis content d&rsquo;\u00e9voluer ici, car il y a plein de trucs positifs \u00e0 faire \u00e0 Rouen. C&rsquo;est un projet qui pourrait bien se d\u00e9rouler \u00e0 mon sens.<\/p>\n<p>    <strong>Gautier Mvumbi<\/strong>\n            <\/p><\/blockquote>\n<p class=\" wall-content\">En parall\u00e8le du handball, Gautier est <strong>assistant d\u2019\u00e9ducation au coll\u00e8ge Georges Braque<\/strong> de Rouen\u2009: \u00ab\u2009Au d\u00e9but, j\u2019\u00e9tais incognito, puis les jeunes ont compris qui j\u2019\u00e9tais.\u2009\u00bb Il interagit beaucoup avec eux. \u00ab\u2009Ils viennent des quartiers et ils se cherchent. J\u2019essaie de les aider \u00e0 prendre confiance\u2009\u00bb, confie le handballeur. Et d\u2019ajouter, \u00ab\u2009je veux aussi leur dire qu\u2019il n\u2019y a pas que le foot, mais que d\u2019autres sports sont accessibles\u2009\u00bb.<\/p>\n<p>Une explosion sur les r\u00e9seaux sociaux<\/p>\n<p class=\" wall-content\">Depuis 2021, Gautier est pass\u00e9 de l\u2019anonymat \u00e0 <strong>plus de 53\u2009000 abonn\u00e9s<\/strong> sur Instagram. \u00ab\u2009Je ne m\u2019attendais pas \u00e0 ce succ\u00e8s, moi qui ne suis pas r\u00e9seaux de base. C\u2019\u00e9tait surprenant de voir que tout peut aller tr\u00e8s vite\u2009\u00bb, s\u2019\u00e9tonne-t-il encore. Il est devenu comme un porte-parole du handball. Il partage du contenu tr\u00e8s port\u00e9 sur la jeunesse. C\u00f4t\u00e9 partenariats, Gautier travaille aussi avec la Conf\u00e9d\u00e9ration africaine de handball et pr\u00e9voit des projets avec des marques.<\/p>\n<p class=\" wall-content\">Pour ceux qui veulent suivre ses traces, <strong>voici ses conseils<\/strong>\u2009: \u201cIl faut s\u2019amuser d\u2019abord. Mais si on veut devenir pro, il faut travailler dur et surtout\u2026 le mental, c\u2019est la cl\u00e9.\u201d<\/p>\n<p>Retrouvez Gautier Mvumbi sur ses r\u00e9seaux sociaux\u2009: <a href=\"https:\/\/www.instagram.com\/gauthiermvumbi\/?hl=fr\" target=\"_blank\" rel=\"noopener\">Instagram<\/a>, <a href=\"https:\/\/www.facebook.com\/profile.php?id=100067148296693\" target=\"_blank\" rel=\"noopener\">Facebook<\/a> et <a href=\"https:\/\/www.tiktok.com\/@gauthiermvumbi\" target=\"_blank\" rel=\"noopener\">TikTok<\/a>.Suivez l\u2019actualit\u00e9 de Rouen <a href=\"https:\/\/www.whatsapp.com\/channel\/0029VaKfnf99hXF2ddApFB1D\" target=\"_blank\" rel=\"noopener\">sur notre cha\u00eene WhatsApp<\/a> et <a href=\"https:\/\/www.tiktok.com\/@76actu.fr?lang=fr\" target=\"_blank\" rel=\"noopener\">sur notre compte TikTok<\/a><\/p>\n<p class=\" wall-content\">Suivez toute l\u2019actualit\u00e9 de vos villes et m\u00e9dias favoris en vous inscrivant \u00e0 <a href=\"https:\/\/moncompte.actu.fr\" title=\"D\u00e9couvez Mon Actu\" rel=\"nofollow noopener\" data-trk=\"{&quot;cta&quot;:{&quot;action&quot;:&quot;https:\\\/\\\/moncompte.actu.fr&quot;,&quot;category&quot;:&quot;mon compte&quot;,&quot;from&quot;:&quot;article footer&quot;,&quot;name&quot;:&quot;Mon actu&quot;,&quot;type&quot;:&quot;cta&quot;}}\" target=\"_blank\">Mon Actu<\/a>.<\/p>\n<p>                    <script async src=\"\/\/www.instagram.com\/embed.js\"><\/script><script async src=\"\/\/www.tiktok.com\/embed.js\"><\/script><\/p>\n","protected":false},"excerpt":{"rendered":"Par Jessie Leclerc Publi\u00e9 le 13 avr. 2025 \u00e0 13h06 Gautier Mvumbi, 30\u00a0ans, est une star dans son&hellip;\n","protected":false},"author":2,"featured_media":28552,"comment_status":"","ping_status":"","sticky":false,"template":"","format":"standard","meta":{"footnotes":""},"categories":[9587],"tags":[1111,11,1777,674,1011,27,1792,12,5161,25,938,10035,9590,60,240],"class_list":{"0":"post-28551","1":"post","2":"type-post","3":"status-publish","4":"format-standard","5":"has-post-thumbnail","7":"category-rouen","8":"tag-actu","9":"tag-actualites","10":"tag-eu","11":"tag-europe","12":"tag-fr","13":"tag-france","14":"tag-handball","15":"tag-news","16":"tag-normandie","17":"tag-republique-francaise","18":"tag-reseaux-sociaux","19":"tag-rhb-rouen-handball","20":"tag-rouen","21":"tag-sports","22":"tag-temoignage"},"share_on_mastodon":{"url":"https:\/\/pubeurope.com\/@fr\/114346088330450102","error":""},"_links":{"self":[{"href":"https:\/\/www.europesays.com\/fr\/wp-json\/wp\/v2\/posts\/28551","targetHints":{"allow":["GET"]}}],"collection":[{"href":"https:\/\/www.europesays.com\/fr\/wp-json\/wp\/v2\/posts"}],"about":[{"href":"https:\/\/www.europesays.com\/fr\/wp-json\/wp\/v2\/types\/post"}],"author":[{"embeddable":true,"href":"https:\/\/www.europesays.com\/fr\/wp-json\/wp\/v2\/users\/2"}],"replies":[{"embeddable":true,"href":"https:\/\/www.europesays.com\/fr\/wp-json\/wp\/v2\/comments?post=28551"}],"version-history":[{"count":0,"href":"https:\/\/www.europesays.com\/fr\/wp-json\/wp\/v2\/posts\/28551\/revisions"}],"wp:featuredmedia":[{"embeddable":true,"href":"https:\/\/www.europesays.com\/fr\/wp-json\/wp\/v2\/media\/28552"}],"wp:attachment":[{"href":"https:\/\/www.europesays.com\/fr\/wp-json\/wp\/v2\/media?parent=28551"}],"wp:term":[{"taxonomy":"category","embeddable":true,"href":"https:\/\/www.europesays.com\/fr\/wp-json\/wp\/v2\/categories?post=28551"},{"taxonomy":"post_tag","embeddable":true,"href":"https:\/\/www.europesays.com\/fr\/wp-json\/wp\/v2\/tags?post=28551"}],"curies":[{"name":"wp","href":"https:\/\/api.w.org\/{rel}","templated":true}]}}