{"id":285510,"date":"2025-07-31T00:31:13","date_gmt":"2025-07-31T00:31:13","guid":{"rendered":"https:\/\/www.europesays.com\/fr\/285510\/"},"modified":"2025-07-31T00:31:13","modified_gmt":"2025-07-31T00:31:13","slug":"previsions-du-jeudi-31-juillet-2025-7","status":"publish","type":"post","link":"https:\/\/www.europesays.com\/fr\/285510\/","title":{"rendered":"pr\u00e9visions du jeudi 31 juillet 2025"},"content":{"rendered":"<p>\u00c0 Paris, les temp\u00e9ratures tourneront autour des 22\u00b0C dans la journ\u00e9e. La matin\u00e9e qui s&rsquo;annonce, promet d&rsquo;\u00eatre belle et ensoleill\u00e9e ! Le thermom\u00e8tre affichera 22\u00b0C en moyenne. Un vent d&rsquo;ouest rafra\u00eechira l\u00e9g\u00e8rement l&rsquo;atmosph\u00e8re. L&rsquo;apr\u00e8s-midi, le soleil risque d&rsquo;\u00eatre dissimul\u00e9 par de petits nuages. Les valeurs seront comprises entre 22\u00b0C et 27\u00b0C. La soir\u00e9e va rester grise \u00e0 cause de nuages qui persistent dans le ciel. Des pluies \u00e9parses sont attendues. On pr\u00e9voit une nuit claire entre jeudi et vendredi.<\/p>\n<p>Une baisse des temp\u00e9ratures est attendue \u00e0 Paris, demain. Les valeurs afficheront entre 16 et 25\u00b0C. Un petit vent de nord-ouest sera ressenti par les habitants. Le ciel sera assez lumineux, avec quelques \u00e9claircies le matin. Demain apr\u00e8s-midi, les Parisiens vont pouvoir b\u00e9n\u00e9ficier d&rsquo;un soleil magnifique. La m\u00e9t\u00e9o va se r\u00e9chauffer avec une hausse de quelques degr\u00e9s. Les valeurs s&rsquo;\u00e9chelonneront entre 24 et 25\u00b0C.<\/p>\n<p>La m\u00e9t\u00e9o restera inchang\u00e9e les prochains jours. Une m\u00e9t\u00e9o ensoleill\u00e9e, avec des temp\u00e9ratures de 25\u00b0C environ, est pr\u00e9vue.<\/p>\n<p><\/p>\n","protected":false},"excerpt":{"rendered":"\u00c0 Paris, les temp\u00e9ratures tourneront autour des 22\u00b0C dans la journ\u00e9e. La matin\u00e9e qui s&rsquo;annonce, promet d&rsquo;\u00eatre belle&hellip;\n","protected":false},"author":2,"featured_media":285511,"comment_status":"","ping_status":"","sticky":false,"template":"","format":"standard","meta":{"footnotes":""},"categories":[1888],"tags":[11,1777,674,1011,27,662,12,626,2119,25],"class_list":{"0":"post-285510","1":"post","2":"type-post","3":"status-publish","4":"format-standard","5":"has-post-thumbnail","7":"category-paris","8":"tag-actualites","9":"tag-eu","10":"tag-europe","11":"tag-fr","12":"tag-france","13":"tag-ile-de-france","14":"tag-news","15":"tag-paris","16":"tag-previsions-meteo","17":"tag-republique-francaise"},"share_on_mastodon":{"url":"https:\/\/pubeurope.com\/@fr\/114945031124471767","error":""},"_links":{"self":[{"href":"https:\/\/www.europesays.com\/fr\/wp-json\/wp\/v2\/posts\/285510","targetHints":{"allow":["GET"]}}],"collection":[{"href":"https:\/\/www.europesays.com\/fr\/wp-json\/wp\/v2\/posts"}],"about":[{"href":"https:\/\/www.europesays.com\/fr\/wp-json\/wp\/v2\/types\/post"}],"author":[{"embeddable":true,"href":"https:\/\/www.europesays.com\/fr\/wp-json\/wp\/v2\/users\/2"}],"replies":[{"embeddable":true,"href":"https:\/\/www.europesays.com\/fr\/wp-json\/wp\/v2\/comments?post=285510"}],"version-history":[{"count":0,"href":"https:\/\/www.europesays.com\/fr\/wp-json\/wp\/v2\/posts\/285510\/revisions"}],"wp:featuredmedia":[{"embeddable":true,"href":"https:\/\/www.europesays.com\/fr\/wp-json\/wp\/v2\/media\/285511"}],"wp:attachment":[{"href":"https:\/\/www.europesays.com\/fr\/wp-json\/wp\/v2\/media?parent=285510"}],"wp:term":[{"taxonomy":"category","embeddable":true,"href":"https:\/\/www.europesays.com\/fr\/wp-json\/wp\/v2\/categories?post=285510"},{"taxonomy":"post_tag","embeddable":true,"href":"https:\/\/www.europesays.com\/fr\/wp-json\/wp\/v2\/tags?post=285510"}],"curies":[{"name":"wp","href":"https:\/\/api.w.org\/{rel}","templated":true}]}}