{"id":285514,"date":"2025-07-31T00:33:13","date_gmt":"2025-07-31T00:33:13","guid":{"rendered":"https:\/\/www.europesays.com\/fr\/285514\/"},"modified":"2025-07-31T00:33:13","modified_gmt":"2025-07-31T00:33:13","slug":"jour-1253-de-resistance-la-federation-de-russie-utilise-deja-des-drones-a-reaction","status":"publish","type":"post","link":"https:\/\/www.europesays.com\/fr\/285514\/","title":{"rendered":"Jour 1253 de r\u00e9sistance: la F\u00e9d\u00e9ration de Russie utilise d\u00e9j\u00e0 des drones \u00e0 r\u00e9action"},"content":{"rendered":"<p>Le renseignement militaire ukrainien (GUR) a d\u00e9clar\u00e9 avoir obtenu de nouvelles preuves de l\u2019enl\u00e8vement d\u2019enfants ukrainiens par la Russie. La Russie a lanc\u00e9 une attaque avec 78 drones, dont 8 \u00e0 r\u00e9action. Un s\u00e9nateur am\u00e9ricain \u00e0 propos du projet de loi sur les sanctions : \u00ab Poutine ne m\u00e9rite pas de d\u00e9lai suppl\u00e9mentaire \u00bb.<\/p>\n<p><strong>La Russie a attaqu\u00e9 avec 78 drones, dont 8 \u00e0 r\u00e9action<\/strong><\/p>\n<p>Dans la nuit du 30 juillet, les occupants russes ont attaqu\u00e9 l\u2019Ukraine avec 78 drones d\u2019attaque de type Shahed ainsi que divers drones leurres.<br \/>Les Forces a\u00e9riennes ont d\u00e9clar\u00e9:<\/p>\n<p>\u00ab\u00c0 9h00, la d\u00e9fense antia\u00e9rienne avait abattu ou neutralis\u00e9 51 drones ennemis dans le nord et l\u2019est du pays.<br \/>Des frappes de 27 drones ont \u00e9t\u00e9 enregistr\u00e9es dans 7 localit\u00e9s, et des d\u00e9bris de drones abattus sont tomb\u00e9s dans 2 autres\u00bb.<\/p>\n<p>Les envahisseurs ont lanc\u00e9 les drones \u00e0 partir de 22h30 le 29 juillet, depuis plusieurs directions, notamment Or\u00ebl, Koursk et Gvardi\u00efske (Crim\u00e9e temporairement occup\u00e9e).<\/p>\n<p>Les Forces a\u00e9riennes ont signal\u00e9 que l\u2019une des particularit\u00e9s de cette attaque nocturne \u00e9tait l\u2019usage par l\u2019ennemi de jusqu\u2019\u00e0 8 drones \u00e0 r\u00e9action dans la direction nord.<\/p>\n<p>Pour rappel, le premier vice-Premier ministre et ministre de la Transformation num\u00e9rique, Mykhailo Fedorov, a d\u00e9clar\u00e9 lors d\u2019un t\u00e9l\u00e9journal que les Russes modernisent leurs Shahed pour mieux \u00e9chapper aux drones intercepteurs ukrainiens. Il a \u00e9galement ajout\u00e9:<\/p>\n<p>\u00abLa Russie passera in\u00e9vitablement aux drones \u00e0 r\u00e9action, et nous devons d\u00e8s maintenant y travailler\u00bb.<\/p>\n<p><strong>Le renseignement militaire ukrainien (le GUR) a d\u00e9clar\u00e9 avoir obtenu de nouvelles preuves de l\u2019enl\u00e8vement d\u2019enfants ukrainiens par la Russie.<\/strong><\/p>\n<p>La Direction principale du renseignement du minist\u00e8re de la D\u00e9fense ukrainien (GUR) a annonc\u00e9 avoir obtenu de nouvelles preuves de l\u2019enl\u00e8vement d\u2019enfants ukrainiens par les forces russes depuis les territoires temporairement occup\u00e9s.<\/p>\n<p>Selon le GUR: \u00abDans le cadre d\u2019une vaste cyberop\u00e9ration, les agents du renseignement ont eu acc\u00e8s aux serveurs du soi-disant \u201cgouvernement de Crim\u00e9e\u201d. Ces ressources contenaient des documents prouvant le transfert forc\u00e9 d\u2019enfants depuis les territoires temporairement occup\u00e9s des r\u00e9gions de Kherson, Zaporijjia, Donetsk et Louhansk\u00bb.<\/p>\n<p>Les sp\u00e9cialistes du GUR ont eu acc\u00e8s \u00e0 \u00abplusieurs milliers de listes\u00bb d\u2019enfants d\u00e9plac\u00e9s de force, ainsi qu\u2019\u00e0 des fiches sur les enfants enlev\u00e9s laiss\u00e9s sans protection parentale, \u00e0 des d\u00e9cisions ill\u00e9gales attribuant de nouveaux tuteurs russes \u00e0 ces enfants orphelins, ainsi qu\u2019aux adresses de leurs nouveaux lieux de r\u00e9sidence et de relocalisation.<\/p>\n<p>D\u2019apr\u00e8s le repr\u00e9sentant du GUR, Andriy Yusov, \u00abdes milliers de fichiers contenant des informations pr\u00e9cieuses pour la justice\u00bb ont d\u00e9j\u00e0 \u00e9t\u00e9 transmis aux autorit\u00e9s judiciaires.<\/p>\n<p>\u00abCes informations permettront de retrouver et de rapatrier les enfants enlev\u00e9s, et de punir ceux impliqu\u00e9s dans ce crime \u00bb, a-t-il d\u00e9clar\u00e9.<\/p>\n<p>Le pr\u00e9sident Volodymyr Zelensky a par ailleurs indiqu\u00e9 que, lors des n\u00e9gociations \u00e0 Istanbul le 2 juin, la d\u00e9l\u00e9gation russe avait de facto reconnu l\u2019enl\u00e8vement d\u2019enfants ukrainiens, tout en refusant de communiquer leur nombre exact.<\/p>\n<p>L\u2019Ukraine estime que la Russie a ill\u00e9galement d\u00e9port\u00e9 au moins 19 546 enfants ukrainiens.<\/p>\n<p><strong>Un s\u00e9nateur am\u00e9ricain \u00e0 propos du projet de loi sur les sanctions: \u00abPoutine ne m\u00e9rite pas de d\u00e9lai suppl\u00e9mentaire\u00bb<\/strong><\/p>\n<p>Le s\u00e9nateur am\u00e9ricain Richard Blumenthal a d\u00e9clar\u00e9 qu\u2019il \u00e9tait n\u00e9cessaire d\u2019acc\u00e9l\u00e9rer l\u2019adoption du projet de loi sur les sanctions, car, selon lui, le dirigeant du Kremlin, Vladimir Poutine, \u00abne m\u00e9rite pas de d\u00e9lai suppl\u00e9mentaire \u00bb.<\/p>\n<p>Dans une d\u00e9claration au m\u00e9dia public ukrainien Suspilne, Blumenthal a affirm\u00e9:<\/p>\n<p>\u00abJe suis d\u2019accord: Vladimir Poutine ne m\u00e9rite pas de temps suppl\u00e9mentaire, et nous devons acc\u00e9l\u00e9rer le vote du projet de loi sur les sanctions. Tout ce que fait le pr\u00e9sident va dans la bonne direction, mais je milite fermement pour que les sanctions soient \u00e0 500 %, pas \u00e0 100 %\u00bb.\u00a0<\/p>\n<p>Il appelle \u00e0 \u00absaisir le moment\u00bb pour adopter la loi, pr\u00e9cisant que 85 s\u00e9nateurs soutiennent d\u00e9j\u00e0 l\u2019initiative, et qu\u2019un total de 90 votes est envisageable.<\/p>\n<p>\u00abJe pense que ce vote est tout \u00e0 fait r\u00e9alisable et absolument n\u00e9cessaire. C\u2019est maintenant qu\u2019il faut agir \u2014 non seulement via un d\u00e9cret pr\u00e9sidentiel, mais aussi par une initiative l\u00e9gislative, pour montrer l\u2019unit\u00e9 entre le pr\u00e9sident et le Congr\u00e8s. Nous devons adopter cette loi pour prouver que nous tenons nos engagements envers l\u2019Ukraine\u00bb.<\/p>\n<p>Blumenthal a soulign\u00e9 que ce projet de sanctions contre la Russie pourrait \u00ab aider \u00e0 mettre fin \u00e0 la guerre \u00bb, et que \u00abPoutine doit le comprendre\u00bb.<\/p>\n<p>Par ailleurs, le pr\u00e9sident Donald Trump a annonc\u00e9 un nouveau d\u00e9lai de dix jours donn\u00e9 \u00e0 la Russie pour cesser ses actions militaires contre l\u2019Ukraine, \u00e0 compter du mardi 29 juillet.<\/p>\n<p>Pour rappel, Trump s\u2019\u00e9tait auparavant dit d\u00e9\u00e7u par Vladimir Poutine et avait promis de raccourcir \u00e0 50 jours le d\u00e9lai initialement accord\u00e9 pour parvenir \u00e0 la paix en Ukraine.<\/p>\n<p>Le pr\u00e9sident ukrainien Volodymyr Zelensky a salu\u00e9 ce nouveau d\u00e9lai impos\u00e9 par Trump, tandis que le ministre des Affaires \u00e9trang\u00e8res, Andriy Sybiha, a qualifi\u00e9 la position du pr\u00e9sident am\u00e9ricain de \u00ab r\u00e9aliste et ferme \u00bb.<\/p>\n","protected":false},"excerpt":{"rendered":"Le renseignement militaire ukrainien (GUR) a d\u00e9clar\u00e9 avoir obtenu de nouvelles preuves de l\u2019enl\u00e8vement d\u2019enfants ukrainiens par la&hellip;\n","protected":false},"author":2,"featured_media":285515,"comment_status":"","ping_status":"","sticky":false,"template":"","format":"standard","meta":{"footnotes":""},"categories":[1591],"tags":[11,1887,12,1885,1886,132],"class_list":{"0":"post-285514","1":"post","2":"type-post","3":"status-publish","4":"format-standard","5":"has-post-thumbnail","7":"category-russie","8":"tag-actualites","9":"tag-federation-de-russie","10":"tag-news","11":"tag-russia","12":"tag-russian-federation","13":"tag-russie"},"share_on_mastodon":{"url":"https:\/\/pubeurope.com\/@fr\/114945038950244959","error":""},"_links":{"self":[{"href":"https:\/\/www.europesays.com\/fr\/wp-json\/wp\/v2\/posts\/285514","targetHints":{"allow":["GET"]}}],"collection":[{"href":"https:\/\/www.europesays.com\/fr\/wp-json\/wp\/v2\/posts"}],"about":[{"href":"https:\/\/www.europesays.com\/fr\/wp-json\/wp\/v2\/types\/post"}],"author":[{"embeddable":true,"href":"https:\/\/www.europesays.com\/fr\/wp-json\/wp\/v2\/users\/2"}],"replies":[{"embeddable":true,"href":"https:\/\/www.europesays.com\/fr\/wp-json\/wp\/v2\/comments?post=285514"}],"version-history":[{"count":0,"href":"https:\/\/www.europesays.com\/fr\/wp-json\/wp\/v2\/posts\/285514\/revisions"}],"wp:featuredmedia":[{"embeddable":true,"href":"https:\/\/www.europesays.com\/fr\/wp-json\/wp\/v2\/media\/285515"}],"wp:attachment":[{"href":"https:\/\/www.europesays.com\/fr\/wp-json\/wp\/v2\/media?parent=285514"}],"wp:term":[{"taxonomy":"category","embeddable":true,"href":"https:\/\/www.europesays.com\/fr\/wp-json\/wp\/v2\/categories?post=285514"},{"taxonomy":"post_tag","embeddable":true,"href":"https:\/\/www.europesays.com\/fr\/wp-json\/wp\/v2\/tags?post=285514"}],"curies":[{"name":"wp","href":"https:\/\/api.w.org\/{rel}","templated":true}]}}