{"id":285518,"date":"2025-07-31T00:35:10","date_gmt":"2025-07-31T00:35:10","guid":{"rendered":"https:\/\/www.europesays.com\/fr\/285518\/"},"modified":"2025-07-31T00:35:10","modified_gmt":"2025-07-31T00:35:10","slug":"trump-annonce-un-accord-avec-la-coree-du-sud-qui-se-verra-appliquer-15-de-surtaxes","status":"publish","type":"post","link":"https:\/\/www.europesays.com\/fr\/285518\/","title":{"rendered":"Trump annonce un accord avec la Cor\u00e9e du Sud, qui se verra appliquer 15% de surtaxes"},"content":{"rendered":"<p class=\"fig-paragraph\">Donald Trump a d\u00e9clar\u00e9 mercredi 30 juillet avoir trouv\u00e9 un accord commercial avec\u00a0<a href=\"https:\/\/www.lefigaro.fr\/tag\/coree-du-sud\" target=\"_blank\" rel=\"noopener\" data-gtm-custom-categorie=\"navigation\" data-gtm-custom-action=\"crossclick\" data-gtm-custom-label=\"Contextuel\" data-gtm-event=\"customEventSPE\">la Cor\u00e9e du Sud<\/a>, pr\u00e9voyant l&rsquo;application de 15% de droits de douane aux produits cor\u00e9ens entrant aux \u00c9tats-Unis. \u00abNous sommes parvenus \u00e0 un accord sur des droits de douane de 15% pour la Cor\u00e9e du Sud\u00bb, a \u00e9crit le pr\u00e9sident am\u00e9ricain sur sa plateforme Truth Social, soulignant que S\u00e9oul s&rsquo;est engag\u00e9 \u00e0 investir 350 milliards de dollars aux \u00c9tats-Unis. Avec cet accord, la Cor\u00e9e du Sud \u00e9chappe ainsi \u00e0 la menace initiale de Donald Trump de 25% de surtaxes.<\/p>\n<p class=\"fig-paragraph\">Le r\u00e9publicain s&rsquo;est aussi f\u00e9licit\u00e9 d&rsquo;un \u00abmontant important d&rsquo;argent\u00bb qui sera investi par la Cor\u00e9e du Sud aux \u00c9tats-Unis, avec notamment l&rsquo;achat \u00abpour 100 milliards de dollars\u00bb de gaz naturel liqu\u00e9fi\u00e9 \u00abou d&rsquo;autres sources d&rsquo;\u00e9nergie\u00bb. Depuis son retour au pouvoir, Donald Trump a fait des droits de douane l&rsquo;outil principal de sa politique \u00e9conomique et un levier de n\u00e9gociations majeur. Des dizaines de pays sont concern\u00e9s par ces surtaxes qui doivent entrer en vigueur le 1er ao\u00fbt, apr\u00e8s des pauses \u00e0 r\u00e9p\u00e9tition.<\/p>\n","protected":false},"excerpt":{"rendered":"Donald Trump a d\u00e9clar\u00e9 mercredi 30 juillet avoir trouv\u00e9 un accord commercial avec\u00a0la Cor\u00e9e du Sud, pr\u00e9voyant l&rsquo;application&hellip;\n","protected":false},"author":2,"featured_media":285519,"comment_status":"","ping_status":"","sticky":false,"template":"","format":"standard","meta":{"footnotes":""},"categories":[1589],"tags":[11,5640,73,1866,12,1864,1865,1863,308],"class_list":{"0":"post-285518","1":"post","2":"type-post","3":"status-publish","4":"format-standard","5":"has-post-thumbnail","7":"category-etats-unis","8":"tag-actualites","9":"tag-coree-du-sud","10":"tag-etats-unis","11":"tag-etats-unis-damerique","12":"tag-news","13":"tag-united-states","14":"tag-united-states-of-america","15":"tag-us","16":"tag-usa"},"share_on_mastodon":{"url":"https:\/\/pubeurope.com\/@fr\/114945046812755713","error":""},"_links":{"self":[{"href":"https:\/\/www.europesays.com\/fr\/wp-json\/wp\/v2\/posts\/285518","targetHints":{"allow":["GET"]}}],"collection":[{"href":"https:\/\/www.europesays.com\/fr\/wp-json\/wp\/v2\/posts"}],"about":[{"href":"https:\/\/www.europesays.com\/fr\/wp-json\/wp\/v2\/types\/post"}],"author":[{"embeddable":true,"href":"https:\/\/www.europesays.com\/fr\/wp-json\/wp\/v2\/users\/2"}],"replies":[{"embeddable":true,"href":"https:\/\/www.europesays.com\/fr\/wp-json\/wp\/v2\/comments?post=285518"}],"version-history":[{"count":0,"href":"https:\/\/www.europesays.com\/fr\/wp-json\/wp\/v2\/posts\/285518\/revisions"}],"wp:featuredmedia":[{"embeddable":true,"href":"https:\/\/www.europesays.com\/fr\/wp-json\/wp\/v2\/media\/285519"}],"wp:attachment":[{"href":"https:\/\/www.europesays.com\/fr\/wp-json\/wp\/v2\/media?parent=285518"}],"wp:term":[{"taxonomy":"category","embeddable":true,"href":"https:\/\/www.europesays.com\/fr\/wp-json\/wp\/v2\/categories?post=285518"},{"taxonomy":"post_tag","embeddable":true,"href":"https:\/\/www.europesays.com\/fr\/wp-json\/wp\/v2\/tags?post=285518"}],"curies":[{"name":"wp","href":"https:\/\/api.w.org\/{rel}","templated":true}]}}