{"id":285522,"date":"2025-07-31T00:37:14","date_gmt":"2025-07-31T00:37:14","guid":{"rendered":"https:\/\/www.europesays.com\/fr\/285522\/"},"modified":"2025-07-31T00:37:14","modified_gmt":"2025-07-31T00:37:14","slug":"apres-lallemagne-litalie-voit-aussi-son-pib-reculer-de-01-au-second-trimestre-2025","status":"publish","type":"post","link":"https:\/\/www.europesays.com\/fr\/285522\/","title":{"rendered":"Apr\u00e8s l&rsquo;Allemagne, l&rsquo;Italie voit aussi son PIB reculer de 0,1% au second trimestre 2025"},"content":{"rendered":"<p>L&rsquo;Italie a vu son produit int\u00e9rieur brut (PIB) baisser de 0,1% au deuxi\u00e8me trimestre par rapport au trimestre pr\u00e9c\u00e9dent en raison d&rsquo;une baisse de tous les secteurs, \u00e0 l&rsquo;exception des services, stationnaires, selon une premi\u00e8re estimation de l&rsquo;Institut national des statistiques (Istat).<\/p>\n<p>La croissance recule aussi en Italie. Selon une premi\u00e8re estimation de l&rsquo;Institut national des statistiques (Istat), son produit int\u00e9rieur brut (PIB) a baiss\u00e9 de 0,1% au deuxi\u00e8me trimestre par rapport au trimestre pr\u00e9c\u00e9dent en raison d&rsquo;une baisse de tous les secteurs, \u00e0 l&rsquo;exception des services, stationnaires.<\/p>\n<p>Compar\u00e9 au deuxi\u00e8me trimestre 2024, le PIB a augment\u00e9 de 0,4%, pr\u00e9cise l&rsquo;Istat qui confirme s&rsquo;attendre \u00e0 une croissance de 0,5% sur l&rsquo;ensemble de l&rsquo;ann\u00e9e en cours.<\/p>\n<p>Pr\u00e9vions d\u00e9grad\u00e9es par les droits de douane am\u00e9ricains<\/p>\n<p>Le gouvernement italien avait divis\u00e9 par deux d\u00e9but avril ses pr\u00e9visions de croissance pour l&rsquo;ann\u00e9e 2025 <a href=\"https:\/\/www.bfmtv.com\/economie\/les-europeens-prennent-15-de-droits-de-douane-et-les-americains-moins-de-1-elles-sont-ou-les-retorsions-et-contreparties-promises-depuis-des-semaines_AN-202507290249.html\" title=\"Les Europ\u00e9ens prennent 15% de droits de douane et les Am\u00e9ricains moins de 1%: elles sont o\u00f9 les &quot;r\u00e9torsions&quot; et &quot;contreparties&quot; promises depuis des semaines?\" class=\"internal_link\" rel=\"nofollow noopener\" target=\"_blank\">en raison de la hausse des droits de douane impos\u00e9e par les \u00c9tats-Unis<\/a>, tablant sur une progression annuelle du PIB de 0,6% contre 1,2% attendu pr\u00e9c\u00e9demment.<\/p>\n<p>Le Fonds mon\u00e9taire international (FMI) a en revanche revu mardi l\u00e9g\u00e8rement \u00e0 la hausse ses pr\u00e9visions de croissance du PIB italien en 2025, \u00e0 0,5%, contre 0,4% lors de ses pr\u00e9visions publi\u00e9es en avril.<\/p>\n<p>L&rsquo;Italie n&rsquo;est pas le seul pays europ\u00e9en \u00e0 subir une baisse de sa croissance \u00e9conomique. Apr\u00e8s deux ans de r\u00e9cession, <a href=\"https:\/\/www.bfmtv.com\/economie\/international\/apres-deux-annees-de-recession-l-allemagne-peine-a-sortir-la-tete-de-l-eau-et-voit-son-economie-replonger-de-maniere-inattendue-au-2e-trimestre_AD-202507300230.html\" title=\"Apr\u00e8s deux ann\u00e9es de r\u00e9cession, l&#039;Allemagne peine \u00e0 sortir la t\u00eate de l&#039;eau et voit son \u00e9conomie replonger de mani\u00e8re inattendue au 2e trimestre\" class=\"internal_link\" rel=\"nofollow noopener\" target=\"_blank\">l&rsquo;Allemagne peine \u00e0 sortir la t\u00eate de l&rsquo;eau et voit aussi son PIB replonger au deuxi\u00e8me trimestre 2025<\/a>, apr\u00e8s une hausse en d\u00e9but d&rsquo;ann\u00e9e.<\/p>\n<p>Croissance meilleure qu&rsquo;attendu en France<\/p>\n<p>En France en revanche, <a href=\"https:\/\/www.bfmtv.com\/economie\/economie-social\/les-menages-se-remettent-enfin-a-consommer-la-croissance-du-pib-est-meilleure-qu-attendu-a-0-3_AD-202507300132.html\" title=\"Les m\u00e9nages se remettent enfin \u00e0 consommer, la croissance du PIB est meilleure qu\u2019attendu \u00e0 0,3%\" class=\"internal_link\" rel=\"nofollow noopener\" target=\"_blank\">la croissance \u00e9conomique fran\u00e7aise est meilleure qu&rsquo;esp\u00e9r\u00e9<\/a>, atteignant 0,3% au deuxi\u00e8me trimestre. Tir\u00e9 par les stcoks et un l\u00e9ger rebond de la consommation des m\u00e9nages selon l&rsquo;Insee, le PIB fran\u00e7ais est donc mieux qu&rsquo;anticip\u00e9, l&rsquo;Institut national de la statistique tablant initialement sur uen croissance de 0,2% apr\u00e8s +0,1% au premier trimestre.<\/p>\n","protected":false},"excerpt":{"rendered":"L&rsquo;Italie a vu son produit int\u00e9rieur brut (PIB) baisser de 0,1% au deuxi\u00e8me trimestre par rapport au trimestre&hellip;\n","protected":false},"author":2,"featured_media":285523,"comment_status":"","ping_status":"","sticky":false,"template":"","format":"standard","meta":{"footnotes":""},"categories":[1587],"tags":[11,672,1804,1805,1803,1777,674,1801,12,1802],"class_list":{"0":"post-285522","1":"post","2":"type-post","3":"status-publish","4":"format-standard","5":"has-post-thumbnail","7":"category-allemagne","8":"tag-actualites","9":"tag-allemagne","10":"tag-bundesrepublik-deutschland","11":"tag-de","12":"tag-deutschland","13":"tag-eu","14":"tag-europe","15":"tag-germany","16":"tag-news","17":"tag-republique-federale-dallemagne"},"share_on_mastodon":{"url":"https:\/\/pubeurope.com\/@fr\/114945054689454762","error":""},"_links":{"self":[{"href":"https:\/\/www.europesays.com\/fr\/wp-json\/wp\/v2\/posts\/285522","targetHints":{"allow":["GET"]}}],"collection":[{"href":"https:\/\/www.europesays.com\/fr\/wp-json\/wp\/v2\/posts"}],"about":[{"href":"https:\/\/www.europesays.com\/fr\/wp-json\/wp\/v2\/types\/post"}],"author":[{"embeddable":true,"href":"https:\/\/www.europesays.com\/fr\/wp-json\/wp\/v2\/users\/2"}],"replies":[{"embeddable":true,"href":"https:\/\/www.europesays.com\/fr\/wp-json\/wp\/v2\/comments?post=285522"}],"version-history":[{"count":0,"href":"https:\/\/www.europesays.com\/fr\/wp-json\/wp\/v2\/posts\/285522\/revisions"}],"wp:featuredmedia":[{"embeddable":true,"href":"https:\/\/www.europesays.com\/fr\/wp-json\/wp\/v2\/media\/285523"}],"wp:attachment":[{"href":"https:\/\/www.europesays.com\/fr\/wp-json\/wp\/v2\/media?parent=285522"}],"wp:term":[{"taxonomy":"category","embeddable":true,"href":"https:\/\/www.europesays.com\/fr\/wp-json\/wp\/v2\/categories?post=285522"},{"taxonomy":"post_tag","embeddable":true,"href":"https:\/\/www.europesays.com\/fr\/wp-json\/wp\/v2\/tags?post=285522"}],"curies":[{"name":"wp","href":"https:\/\/api.w.org\/{rel}","templated":true}]}}