{"id":285524,"date":"2025-07-31T00:38:17","date_gmt":"2025-07-31T00:38:17","guid":{"rendered":"https:\/\/www.europesays.com\/fr\/285524\/"},"modified":"2025-07-31T00:38:17","modified_gmt":"2025-07-31T00:38:17","slug":"quels-sont-les-pays-deurope-qui-ont-le-plus-a-perdre","status":"publish","type":"post","link":"https:\/\/www.europesays.com\/fr\/285524\/","title":{"rendered":"quels sont les pays d\u2019Europe qui ont le plus \u00e0 perdre ?"},"content":{"rendered":"<p><strong>D\u00c9CRYPTAGE &#8211;<\/strong> Le deal pass\u00e9 dimanche en \u00c9cosse pr\u00e9voit 15% de droits de douane sur la plupart des produits europ\u00e9ens et en exempte certaines fili\u00e8res.<\/p>\n<p class=\"fig-paragraph\">Bien des d\u00e9tails restent encore \u00e0 clarifier\u00a0<a href=\"http:\/\/www.lefigaro.fr\/economie\/aeronautique-automobile-pharmacie-luxe-les-gagnants-et-les-perdants-de-l-accord-douanier-entre-l-europe-et-les-etats-unis-20250727\" data-fig-type=\"Article\" data-gtm-custom-categorie=\"navigation\" data-gtm-custom-action=\"crossclick\" data-gtm-custom-label=\"Contextuel\" data-gtm-event=\"customEventSPE\" data-fig-domain=\"LEFIGARO\" rel=\"nofollow noopener\" target=\"_blank\">sur l\u2019accord commercial, act\u00e9 dimanche dernier en \u00c9cosse, entre Donald Trump et Ursula von\u00a0der\u00a0Leyen.<\/a>\u00a0De 10\u00a0% de droits de douane, appliqu\u00e9s depuis le 1er\u00a0avril sur les importations europ\u00e9ennes, \u00e0 30\u00a0%, menace brandie par le pr\u00e9sident am\u00e9ricain le 12\u00a0juillet, la Commission s\u2019est donc satisfaite d\u2019un couperet \u00e0 15\u00a0%. \u00c0 ce stade, pr\u00e9cise Bruxelles, cela concerne quelque 70\u00a0% des importations europ\u00e9ennes, incluant l\u2019automobile et les cosm\u00e9tiques.<\/p>\n<p class=\"fig-paragraph\">Apr\u00e8s le deal politique pass\u00e9 dans le domaine de Turnberry, luxueux golf de l\u2019empire Trump, les n\u00e9gociations se poursuivent pour d\u00e9terminer les diff\u00e9rents niveaux de taxations. Un document conjoint doit \u00eatre finalis\u00e9 d\u2019ici \u00e0 la fin de semaine. Plusieurs fili\u00e8res, \u00e0 commencer par les vins et spiritueux, si sensibles vu de France et d\u2019Italie, ne savent pas \u00e0 quelle sauce elles vont \u00eatre mang\u00e9es. Le sort des produits pharmaceutiques, hautement strat\u00e9giques pour le pr\u00e9sident am\u00e9ricain, devrait \u00eatre scell\u00e9 d\u2019ici\u2026<\/p>\n<p class=\"fig-premium-paywall__infos\">\n        Cet article est r\u00e9serv\u00e9 aux abonn\u00e9s.        Il vous reste 82% \u00e0 d\u00e9couvrir.\n    <\/p>\n<p>                <img  data- alt=\"Le Figaro\" class=\"fig-img--complete fig-img\"\/><\/p>\n<p class=\"fig-premium-paywall__title\">Vous avez envie de lire la suite ?<\/p>\n<p class=\"fig-premium-paywall__subtitle\">D\u00e9bloquez tous les articles imm\u00e9diatement.<\/p>\n<p class=\"fig-premium-paywall__connect\">\n                D\u00e9j\u00e0 abonn\u00e9\u00a0?                <a class=\"fig-premium-paywall__connect-link\" href=\"https:\/\/connect.lefigaro.fr\/login?client=horizon_web&amp;type=main&amp;redirect_uri=https%3A%2F%2Fwww.lefigaro.fr%2Fconjoncture%2Faccord-commercial-avec-trump-quels-sont-les-pays-d-europe-qui-ont-le-plus-a-perdre-20250730\" data-js-gtm=\"{&quot;customCategorie&quot;: &quot;conversion&quot;, &quot;customAction&quot;: &quot;before_Landing_Connexion_paywall_auto&quot;, &quot;customLabel&quot;: &quot;bGVmaWdhcm8uZnJfXzFmMDZjOThhLTNhY2EtNjhlMi1iNDA5LTY3ZDJjNWE3OTg2Yl9fQXJ0aWNsZQ==_Accord commercial avec Trump\u00a0: quels sont les pays d\u2019Europe qui ont le plus \u00e0 perdre\u00a0?_509&quot;, &quot;customIDSPE&quot;: &quot;bGVmaWdhcm8uZnJfXzFmMDZjOThhLTNhY2EtNjhlMi1iNDA5LTY3ZDJjNWE3OTg2Yl9fQXJ0aWNsZQ==&quot;, &quot;event&quot;: &quot;customEventSPE&quot;}\" rel=\"nofollow noopener\" target=\"_blank\"><br \/>\n                    Connectez-vous<br \/>\n                <\/a>\n            <\/p>\n","protected":false},"excerpt":{"rendered":"D\u00c9CRYPTAGE &#8211; Le deal pass\u00e9 dimanche en \u00c9cosse pr\u00e9voit 15% de droits de douane sur la plupart des&hellip;\n","protected":false},"author":2,"featured_media":285525,"comment_status":"","ping_status":"","sticky":false,"template":"","format":"standard","meta":{"footnotes":""},"categories":[1586],"tags":[11,215,73,1777,674,1011,27,12,25,364],"class_list":{"0":"post-285524","1":"post","2":"type-post","3":"status-publish","4":"format-standard","5":"has-post-thumbnail","7":"category-europe","8":"tag-actualites","9":"tag-commerce","10":"tag-etats-unis","11":"tag-eu","12":"tag-europe","13":"tag-fr","14":"tag-france","15":"tag-news","16":"tag-republique-francaise","17":"tag-union-europeenne"},"share_on_mastodon":{"url":"https:\/\/pubeurope.com\/@fr\/114945058659141985","error":""},"_links":{"self":[{"href":"https:\/\/www.europesays.com\/fr\/wp-json\/wp\/v2\/posts\/285524","targetHints":{"allow":["GET"]}}],"collection":[{"href":"https:\/\/www.europesays.com\/fr\/wp-json\/wp\/v2\/posts"}],"about":[{"href":"https:\/\/www.europesays.com\/fr\/wp-json\/wp\/v2\/types\/post"}],"author":[{"embeddable":true,"href":"https:\/\/www.europesays.com\/fr\/wp-json\/wp\/v2\/users\/2"}],"replies":[{"embeddable":true,"href":"https:\/\/www.europesays.com\/fr\/wp-json\/wp\/v2\/comments?post=285524"}],"version-history":[{"count":0,"href":"https:\/\/www.europesays.com\/fr\/wp-json\/wp\/v2\/posts\/285524\/revisions"}],"wp:featuredmedia":[{"embeddable":true,"href":"https:\/\/www.europesays.com\/fr\/wp-json\/wp\/v2\/media\/285525"}],"wp:attachment":[{"href":"https:\/\/www.europesays.com\/fr\/wp-json\/wp\/v2\/media?parent=285524"}],"wp:term":[{"taxonomy":"category","embeddable":true,"href":"https:\/\/www.europesays.com\/fr\/wp-json\/wp\/v2\/categories?post=285524"},{"taxonomy":"post_tag","embeddable":true,"href":"https:\/\/www.europesays.com\/fr\/wp-json\/wp\/v2\/tags?post=285524"}],"curies":[{"name":"wp","href":"https:\/\/api.w.org\/{rel}","templated":true}]}}