{"id":285526,"date":"2025-07-31T00:39:11","date_gmt":"2025-07-31T00:39:11","guid":{"rendered":"https:\/\/www.europesays.com\/fr\/285526\/"},"modified":"2025-07-31T00:39:11","modified_gmt":"2025-07-31T00:39:11","slug":"antoine-duhamel-aurait-eu-cent-ans-la-liberte-dun-compositeur-entre-nouvelle-vague-et-opera","status":"publish","type":"post","link":"https:\/\/www.europesays.com\/fr\/285526\/","title":{"rendered":"Antoine Duhamel aurait eu cent ans\u00a0: la libert\u00e9 d\u2019un compositeur entre nouvelle vague et op\u00e9ra"},"content":{"rendered":"<p>Durant ses jeunes ann\u00e9es, Antoine Duhamel se questionne\u00a0: \u00ab\u00a0Jeune compositeur dod\u00e9caphoniste, je me creusais la t\u00eate \u00e0 me demander comment, avec le langage dod\u00e9caphonique, \u00e9crire de la musique qui pourrait donner un plaisir, une joie pareille \u00e0 celle que je trouvais dans les Gershwin et dans les grandes com\u00e9dies musicales am\u00e9ricaines\u00a0\u00bb. Quant \u00e0 la musique, il explique \u00e9galement se passionner pour la musique des films historiques japonais, car pour lui, dans ce pays\u00a0: \u00ab\u00a0la musique n\u2019est pas distingu\u00e9e des autres arts\u00a0: elle fait partie int\u00e9grante de l\u2019expression artistique. Dans l\u2019intellectualisme fran\u00e7ais, la musique est un peu consid\u00e9r\u00e9e comme quelque chose \u00e0 part, d\u2019un peu g\u00eanant, d\u00e9bile. Quelque part, mon travail s\u2019est toujours fait contre \u00e7a\u00a0\u00bb.<\/p>\n<p>Il signe bien d\u2019autres bandes originales, comme celle de\u00a0La Chanson de Roland\u00a0de Franck Cassenti (1945-2023) en\u00a01978. Dans les ann\u00e9es\u00a01970, il s\u2019adonne aussi \u00e0 l\u2019op\u00e9ra, non sans humour, comme dans\u00a0<a href=\"https:\/\/www.ina.fr\/ina-eclaire-actu\/video\/i15229386\/ubu-a-l-opera-au-festival-d-avignon\" target=\"_blank\" rel=\"nofollow noopener\">Ubu \u00e0 l\u2019Op\u00e9ra<\/a>. Il compose aussi de la musique religieuse, comme un\u00a0Requiem\u00a0sur un texte de Jean Cocteau. R\u00e9solument libre, le compositeur prolifique et inclassable\u00a0est un personnage \u00e0 d\u00e9couvrir pleinement, au d\u00e9tour de\u00a0Contretemps, un film-essai de Jean-Daniel Pollet, ou de ses\u00a0Variations\u00a0sur des \u0153uvres d\u2019Arnold Schoenberg (1874-1951).<\/p>\n","protected":false},"excerpt":{"rendered":"Durant ses jeunes ann\u00e9es, Antoine Duhamel se questionne\u00a0: \u00ab\u00a0Jeune compositeur dod\u00e9caphoniste, je me creusais la t\u00eate \u00e0 me&hellip;\n","protected":false},"author":2,"featured_media":285527,"comment_status":"","ping_status":"","sticky":false,"template":"","format":"standard","meta":{"footnotes":""},"categories":[1586],"tags":[11,1777,674,1779,1011,27,12,25,1778,364],"class_list":{"0":"post-285526","1":"post","2":"type-post","3":"status-publish","4":"format-standard","5":"has-post-thumbnail","7":"category-europe","8":"tag-actualites","9":"tag-eu","10":"tag-europe","11":"tag-european-union","12":"tag-fr","13":"tag-france","14":"tag-news","15":"tag-republique-francaise","16":"tag-ue","17":"tag-union-europeenne"},"share_on_mastodon":{"url":"https:\/\/pubeurope.com\/@fr\/114945062551526301","error":""},"_links":{"self":[{"href":"https:\/\/www.europesays.com\/fr\/wp-json\/wp\/v2\/posts\/285526","targetHints":{"allow":["GET"]}}],"collection":[{"href":"https:\/\/www.europesays.com\/fr\/wp-json\/wp\/v2\/posts"}],"about":[{"href":"https:\/\/www.europesays.com\/fr\/wp-json\/wp\/v2\/types\/post"}],"author":[{"embeddable":true,"href":"https:\/\/www.europesays.com\/fr\/wp-json\/wp\/v2\/users\/2"}],"replies":[{"embeddable":true,"href":"https:\/\/www.europesays.com\/fr\/wp-json\/wp\/v2\/comments?post=285526"}],"version-history":[{"count":0,"href":"https:\/\/www.europesays.com\/fr\/wp-json\/wp\/v2\/posts\/285526\/revisions"}],"wp:featuredmedia":[{"embeddable":true,"href":"https:\/\/www.europesays.com\/fr\/wp-json\/wp\/v2\/media\/285527"}],"wp:attachment":[{"href":"https:\/\/www.europesays.com\/fr\/wp-json\/wp\/v2\/media?parent=285526"}],"wp:term":[{"taxonomy":"category","embeddable":true,"href":"https:\/\/www.europesays.com\/fr\/wp-json\/wp\/v2\/categories?post=285526"},{"taxonomy":"post_tag","embeddable":true,"href":"https:\/\/www.europesays.com\/fr\/wp-json\/wp\/v2\/tags?post=285526"}],"curies":[{"name":"wp","href":"https:\/\/api.w.org\/{rel}","templated":true}]}}