{"id":285533,"date":"2025-07-31T00:45:13","date_gmt":"2025-07-31T00:45:13","guid":{"rendered":"https:\/\/www.europesays.com\/fr\/285533\/"},"modified":"2025-07-31T00:45:13","modified_gmt":"2025-07-31T00:45:13","slug":"rugby-nationale-cette-elimination-contre-carcassonne-restera-une-cicatrice-dont-on-se-servira-comme-dune-force-tranche-le-capitaine-du-rc-narbonnais-paul-belzons","status":"publish","type":"post","link":"https:\/\/www.europesays.com\/fr\/285533\/","title":{"rendered":"Rugby \u2013 Nationale\u00a0: \u00ab\u00a0Cette \u00e9limination contre Carcassonne restera une cicatrice dont on se servira comme d\u2019une force\u00a0\u00bb, tranche le capitaine du RC Narbonnais, Paul Belzons"},"content":{"rendered":"<p>\n                                                                L\u2019enfant du club et guide du Racing Club Narbonnais traduit l\u00e0, la mentalit\u00e9 de tout un groupe. Son espoir surtout. Le capitaine du RCN Paul Belzons a accept\u00e9 de prendre la parole \u00e0 quelques heures du premier match amical de pr\u00e9-saison \u00e0 Aurillac, ce vendredi 1er\u00a0ao\u00fbt (18\u00a0h\u00a030).\n                            <\/p>\n<p>En une quinzaine d\u2019ann\u00e9es, le terme est devenu fourre-tout, tr\u00e8s \u00e0 la mode, usit\u00e9 ad nauseam\u2026 Cependant, en\u00a0l\u2019occurrence, il colle parfaitement \u00e0 la s\u00e9quence printemps-\u00e9t\u00e9 du Racing Club Narbonnais\u00a0: la r\u00e9silience. La d\u00e9route 22-40\u00a0en demi-finale du championnat de Nationale face au voisin carcassonnais le 10\u00a0mai 2025, les orange et noir l\u2019ont rapidement accept\u00e9e, m\u00e2ch\u00e9e, dig\u00e9r\u00e9e. Sur les bords de la Robine, elle a tordu le c\u0153ur et l\u2019estomac, seulement, les Racingmen n\u2019ont pas d\u00e9tourn\u00e9\u00a0les yeux pour la fixer comme on regarde bien droit dans le soleil. Une d\u00e9marche qui aura\u00a0facilit\u00e9 la reconstruction.<\/p>\n<p>Et \u00e0 quelques heures du premier match amical de pr\u00e9-saison, au stade Jean-Alric d\u2019Aurillac, ce vendredi \u00e0 18\u00a0h\u00a030 (trois fois 30 minutes), surtout \u00e0 trois semaines de la rencontre inaugurale de Nationale version 2025-2026 \u00e0 Massy, on en reparle forc\u00e9ment. Comme pour finir de se convaincre que non, ce naufrage ne continuera pas de noircir la trajectoire narbonnaise\u2026<\/p>\n<p>\u00ab\u00a0On ne va pas se le cacher, \u00e7\u2019a \u00e9t\u00e9 compliqu\u00e9\u2026 Mais on avait tous envie de tourner la page rapidement quand m\u00eame. \u00c7a restera une cicatrice, c\u2019est comme \u00e7a, une cicatrice dont on se servira comme d\u2019une force\u00a0\u00bb, assure le troisi\u00e8me ligne et capitaine du RCN, Paul Belzons. \u00ab\u00a0Ce qui est certain, c\u2019est que l\u2019an dernier, tout le monde s\u2019est donn\u00e9 \u00e0 fond, personne n\u2019a trich\u00e9. On n\u2019a peut-\u00eatre pas toujours \u00e9t\u00e9 beau \u00e0 voir sur le terrain, cependant, enfin, on a achev\u00e9 la saison r\u00e9guli\u00e8re \u00e0 la deuxi\u00e8me place, c\u2019est donc que ce n\u2019\u00e9tait pas si mal\u2026\u00a0\u00bb, analyse-t-il.<\/p>\n<p>Le probl\u00e8me alors, parce qu\u2019il y a bien eu tout de m\u00eame une sorte de probl\u00e8me\u00a0? \u00ab\u00a0Le probl\u00e8me, tout le monde le conna\u00eet, c\u2019est qu\u2019on n\u2019a pas \u00e9t\u00e9 pr\u00eat au bon moment. On n\u2019a pas remport\u00e9 le match qu\u2019il aurait fallu remporter, on ne s\u2019est pas montr\u00e9 tranchant au bon moment\u2026 Contrairement aux Carcassonnais qui dans cet aspect des choses doivent\u00a0nous inspirer. Dans cet aspect de tueur de\u00a0fin de saison.\u00a0\u00bb<\/p>\n<blockquote>\n<p>Ce groupe est meilleur que celui de la saison derni\u00e8re (Charles Malet)<\/p>\n<\/blockquote>\n<p>Le directeur sportif Charles Malet acquiesce\u00a0: \u00ab\u00a0Paul a raison. Carcassonne a \u00e9t\u00e9 pr\u00eat au bon moment. Et nous, \u00e0 ce moment-l\u00e0, on \u00e9tait essouffl\u00e9. \u00c7a faisait deux ans que c\u2019\u00e9taient les m\u00eames joueurs qui tiraient le groupe vers le haut, et l\u00e0, \u00e7\u2019a craqu\u00e9.\u00a0\u00bb D\u2019o\u00f9 le recrutement orient\u00e9 vers la jeunesse de Charles Malet et son ambition de travailler dans la dur\u00e9e avec ces nouveaux arrivants.<\/p>\n<p>\u00ab\u00a0Comme je l\u2019ai d\u00e9j\u00e0 expliqu\u00e9, j\u2019ai souhait\u00e9 rajeunir l\u2019effectif, mais pas seulement. J\u2019ai surtout voulu faire venir des mecs qui s\u2019investiraient\u00a0dans l\u2019avenir du club.\u00a0\u00bb Ce groupe, programm\u00e9 pour durer, est-il intrins\u00e8quement meilleur que le pr\u00e9c\u00e9dent\u00a0? \u00ab\u00a0Oui, clairement, je le pense sinc\u00e8rement du moins. Je vous le confirmerai dans quelques mois (sourire)\u00a0\u00bb, r\u00e9plique Charles Malet.<\/p>\n<p class=\"std-elt__inline\">\n        <strong>\u00c0 lire aussi :<\/strong><br \/>\n        <a href=\"https:\/\/www.lindependant.fr\/2025\/07\/26\/rugby-nationale-une-etiquette-de-mec-de-top-14-ca-ne-sert-a-rien-il-faut-etre-bon-sur-le-terrain-lucas-bachelier-debute-une-nouvelle-aventure-a-12834661.php\" rel=\"nofollow noopener\" target=\"_blank\">Rugby \u2013 Nationale\u00a0: \u00ab\u00a0Une \u00e9tiquette de mec de Top 14, \u00e7a ne sert \u00e0 rien\u2026 Il faut \u00eatre bon sur le terrain\u00a0\u00bb, Lucas Bachelier d\u00e9bute une nouvelle aventure \u00e0 Narbonne<\/a>\n    <\/p>\n<p>\u00ab\u00a0Tr\u00e8s honn\u00eatement, je n\u2019ai pas trop suivi la saison de\u00a0Narbonne, ceci dit, je trouve que ces deux derni\u00e8res ann\u00e9es, ce n\u2019\u00e9tait pas si mal que \u00e7a\u2026 Surtout l\u2019avant-derni\u00e8re\u2026 On peut m\u00eame parler d\u2019une\u00a0r\u00e9ussite quand m\u00eame. Lorsque tu tr\u00e9buches sur la derni\u00e8re marche, bon, c\u2019est un\u00a0\u00e9chec, mais c\u2019est aussi du\u00a0positif. En mai dernier, tout le monde l\u2019a reconnu, l\u2019\u00e9quipe \u00e9tait au bout du rouleau\u2026 Le temps des regrets est maintenant termin\u00e9. L\u2019\u00e9chec est dig\u00e9r\u00e9.\u00a0Tu n\u2019\u00e9tais\u00a0pas invit\u00e9, tu as\u00a0perdu contre meilleur, c\u2019est \u00e7a la vie\u2026\u00a0\u00bb, \u00e9vacue le nouveau manager du RCN, Jacques Delmas.<\/p>\n<blockquote>\n<p>\u00c7a faisait deux ans que c\u2019\u00e9taient les m\u00eames joueurs qui tiraient le groupe vers le haut, et l\u00e0, \u00e7\u2019a craqu\u00e9<\/p>\n<\/blockquote>\n<p>Cette vision de la situation sied en tout cas \u00e0 Paul Belzons. \u00ab\u00a0J\u2019ai \u00e9t\u00e9 content de reprendre. Je me sens bien. Et puis, il y avait l\u2019excitation du d\u00e9but d\u2019une nouvelle \u00e8re, de la nouveaut\u00e9, du changement\u2026 Apr\u00e8s, je tiens \u00e0 le souligner, je m\u2019entendais bien avec l\u2019ancien staff aussi. Mais force est de constater qu\u2019apr\u00e8s quatre ans d\u2019exercice, la direction a fait des choix que tout le monde doit respecter. Un air frais va souffler et on est tr\u00e8s content de ce qui nous arrive.\u00a0\u00bb<\/p>\n<blockquote>\n<p>Paul est un leader par l\u2019exemple<\/p>\n<\/blockquote>\n<p>Une certitude\u00a0: Belzons, 31 ans le 10\u00a0septembre prochain, continuera d\u2019assurer le capitanat. \u00ab\u00a0Paul repr\u00e9sente bien ce que l\u2019on veut mettre en place. Et il sera \u00e9paul\u00e9 par des vice-capitaines que l\u2019on d\u00e9finira plus tard\u00a0\u00bb, d\u00e9taille Jacques Delmas. \u00ab\u00a0Paul est un leader par l\u2019exemple.\u00a0C\u2019est toujours le premier partout, le\u00a0meilleur aux\u00a0tests physiques.\u00a0Il repr\u00e9sente tout ce qui nous rassemble au sein du club\u00a0\u00bb, appuie Charles Malet. \u00ab\u00a0Pour moi, ce r\u00f4le est\u00a0gratifiant.\u00a0Apr\u00e8s, si je ne devais plus \u00eatre capitaine, je n\u2019en ferai jamais un drame.\u00a0Moi, ce que je veux, c\u2019est jouer, ce que je souhaite plus que tout, c\u2019est la r\u00e9ussite de mon club.\u00a0\u00bb<\/p>\n<p>C\u2019est ce qu\u2019on appelle un discours de capitaine\u2026 Non\u00a0?<\/p>\n","protected":false},"excerpt":{"rendered":"L\u2019enfant du club et guide du Racing Club Narbonnais traduit l\u00e0, la mentalit\u00e9 de tout un groupe. Son&hellip;\n","protected":false},"author":2,"featured_media":285534,"comment_status":"","ping_status":"","sticky":false,"template":"","format":"standard","meta":{"footnotes":""},"categories":[1416],"tags":[1011,27,479,1468,60],"class_list":{"0":"post-285533","1":"post","2":"type-post","3":"status-publish","4":"format-standard","5":"has-post-thumbnail","7":"category-rugby","8":"tag-fr","9":"tag-france","10":"tag-rugby","11":"tag-rugby-football","12":"tag-sports"},"share_on_mastodon":{"url":"https:\/\/pubeurope.com\/@fr\/114945086199818560","error":""},"_links":{"self":[{"href":"https:\/\/www.europesays.com\/fr\/wp-json\/wp\/v2\/posts\/285533","targetHints":{"allow":["GET"]}}],"collection":[{"href":"https:\/\/www.europesays.com\/fr\/wp-json\/wp\/v2\/posts"}],"about":[{"href":"https:\/\/www.europesays.com\/fr\/wp-json\/wp\/v2\/types\/post"}],"author":[{"embeddable":true,"href":"https:\/\/www.europesays.com\/fr\/wp-json\/wp\/v2\/users\/2"}],"replies":[{"embeddable":true,"href":"https:\/\/www.europesays.com\/fr\/wp-json\/wp\/v2\/comments?post=285533"}],"version-history":[{"count":0,"href":"https:\/\/www.europesays.com\/fr\/wp-json\/wp\/v2\/posts\/285533\/revisions"}],"wp:featuredmedia":[{"embeddable":true,"href":"https:\/\/www.europesays.com\/fr\/wp-json\/wp\/v2\/media\/285534"}],"wp:attachment":[{"href":"https:\/\/www.europesays.com\/fr\/wp-json\/wp\/v2\/media?parent=285533"}],"wp:term":[{"taxonomy":"category","embeddable":true,"href":"https:\/\/www.europesays.com\/fr\/wp-json\/wp\/v2\/categories?post=285533"},{"taxonomy":"post_tag","embeddable":true,"href":"https:\/\/www.europesays.com\/fr\/wp-json\/wp\/v2\/tags?post=285533"}],"curies":[{"name":"wp","href":"https:\/\/api.w.org\/{rel}","templated":true}]}}