{"id":285536,"date":"2025-07-31T00:48:14","date_gmt":"2025-07-31T00:48:14","guid":{"rendered":"https:\/\/www.europesays.com\/fr\/285536\/"},"modified":"2025-07-31T00:48:14","modified_gmt":"2025-07-31T00:48:14","slug":"motogp-le-classement-general-metamorphose-zarco-ejecte-du-top-10-au-general-sprint","status":"publish","type":"post","link":"https:\/\/www.europesays.com\/fr\/285536\/","title":{"rendered":"MotoGP Le classement g\u00e9n\u00e9ral m\u00e9tamorphos\u00e9, Zarco \u00e9ject\u00e9 du top 10 au g\u00e9n\u00e9ral \u00ab\u00a0sprint\u00a0\u00bb !"},"content":{"rendered":"<p>L\u2019organisation de la MotoGP s\u2019est livr\u00e9e tout r\u00e9cemment \u00e0 un petit jeu. En effet, un tableau comparatif des points marqu\u00e9s par les pilotes dans les \u00e9preuves sprint vs les courses principales a \u00e9t\u00e9 publi\u00e9. Avec, \u00e0 chaque fois, les dix premiers du classement dans chacune des cat\u00e9gories.<\/p>\n<p>MotoGP : Quartararo septi\u00e8me dans le classement g\u00e9n\u00e9ral \u201csprint\u201d<\/p>\n<p>Et bien c\u00f4t\u00e9 podium, cela permettrait \u00e0 <a href=\"https:\/\/lemagsportauto.ouest-france.fr\/tag\/fabio-di-giannantonio\/\" target=\"_blank\" rel=\"noopener nofollow\">Fabio di Giannantonio<\/a> de figurer \u00e0 la troisi\u00e8me place ! L\u2019italien ayant davantage perform\u00e9 dans cet exercice que lors des courses du dimanche. Autre modification d\u2019importance, Johann Zarco, peu performant le samedi, sortirait tout simplement du top dix ! Alors que pour sa part, son compatriote, Fabio Quartararo, gagnerait des places pour se classer septi\u00e8me du g\u00e9n\u00e9ral.<\/p>\n<p>Enfin, Maverick Vinal\u00e8s int\u00e9grerait le top dix, l\u2019Espagnol ayant, lui aussi, sign\u00e9 de bons r\u00e9sultats sur le format court. Par contre, devant, aucun changement pour les fr\u00e8res Marquez, qui dominent tout autant dans les deux types d\u2019p\u00e9reuves. Voici le tableau en question.<\/p>\n<blockquote class=\"twitter-tweet\">\n<p dir=\"ltr\" lang=\"en\">Some get more points on Saturday and others on Sundays tell a different story \ud83d\udcc9\ud83d\udcc8<\/p>\n<p>But it\u2019s the same two riders in the Top 2 \ud83d\udc40<a href=\"https:\/\/twitter.com\/hashtag\/MotoGP?src=hash&amp;ref_src=twsrc%5Etfw\" target=\"_blank\" rel=\"noopener nofollow\">#MotoGP<\/a> <a href=\"https:\/\/t.co\/g9K1q2Yqii\" rel=\"nofollow\">pic.twitter.com\/g9K1q2Yqii<\/a><\/p>\n<p>\u2014 MotoGP\u2122\ud83c\udfc1 (@MotoGP) <a href=\"https:\/\/twitter.com\/MotoGP\/status\/1949726518063644745?ref_src=twsrc%5Etfw\" target=\"_blank\" rel=\"noopener nofollow\">July 28, 2025<\/a><\/p>\n<\/blockquote>\n<p>Article publi\u00e9 le 28\/07\/2025 \u00e0 11h50<\/p>\n<p>                                                            <script async src=\"https:\/\/platform.twitter.com\/widgets.js\" charset=\"utf-8\"><\/script><\/p>\n","protected":false},"excerpt":{"rendered":"L\u2019organisation de la MotoGP s\u2019est livr\u00e9e tout r\u00e9cemment \u00e0 un petit jeu. En effet, un tableau comparatif des&hellip;\n","protected":false},"author":2,"featured_media":285537,"comment_status":"","ping_status":"","sticky":false,"template":"","format":"standard","meta":{"footnotes":""},"categories":[1413],"tags":[1981,1011,27,1741,1457,1456,1458,60],"class_list":{"0":"post-285536","1":"post","2":"type-post","3":"status-publish","4":"format-standard","5":"has-post-thumbnail","7":"category-moto","8":"tag-classement","9":"tag-fr","10":"tag-france","11":"tag-johann-zarco","12":"tag-moto","13":"tag-motocycle","14":"tag-motogp","15":"tag-sports"},"share_on_mastodon":{"url":"https:\/\/pubeurope.com\/@fr\/114945097910993667","error":""},"_links":{"self":[{"href":"https:\/\/www.europesays.com\/fr\/wp-json\/wp\/v2\/posts\/285536","targetHints":{"allow":["GET"]}}],"collection":[{"href":"https:\/\/www.europesays.com\/fr\/wp-json\/wp\/v2\/posts"}],"about":[{"href":"https:\/\/www.europesays.com\/fr\/wp-json\/wp\/v2\/types\/post"}],"author":[{"embeddable":true,"href":"https:\/\/www.europesays.com\/fr\/wp-json\/wp\/v2\/users\/2"}],"replies":[{"embeddable":true,"href":"https:\/\/www.europesays.com\/fr\/wp-json\/wp\/v2\/comments?post=285536"}],"version-history":[{"count":0,"href":"https:\/\/www.europesays.com\/fr\/wp-json\/wp\/v2\/posts\/285536\/revisions"}],"wp:featuredmedia":[{"embeddable":true,"href":"https:\/\/www.europesays.com\/fr\/wp-json\/wp\/v2\/media\/285537"}],"wp:attachment":[{"href":"https:\/\/www.europesays.com\/fr\/wp-json\/wp\/v2\/media?parent=285536"}],"wp:term":[{"taxonomy":"category","embeddable":true,"href":"https:\/\/www.europesays.com\/fr\/wp-json\/wp\/v2\/categories?post=285536"},{"taxonomy":"post_tag","embeddable":true,"href":"https:\/\/www.europesays.com\/fr\/wp-json\/wp\/v2\/tags?post=285536"}],"curies":[{"name":"wp","href":"https:\/\/api.w.org\/{rel}","templated":true}]}}