{"id":285542,"date":"2025-07-31T00:51:11","date_gmt":"2025-07-31T00:51:11","guid":{"rendered":"https:\/\/www.europesays.com\/fr\/285542\/"},"modified":"2025-07-31T00:51:11","modified_gmt":"2025-07-31T00:51:11","slug":"louis-jean-fixe-les-priorites-les-dossiers-chauds-du-mercato","status":"publish","type":"post","link":"https:\/\/www.europesays.com\/fr\/285542\/","title":{"rendered":"Louis-Jean fixe les priorit\u00e9s, les dossiers chauds du Mercato"},"content":{"rendered":"<p><strong>Pr\u00e9sent sur OL Play en marge de la facile victoire des Gones contre Majorque (4-0) en amical lors du stage en Autriche, Matthieu Louis-Jean (directeur technique) a fait un petit point sur le Mercato rhodanien. Voici ce qu\u2019il faut en retenir.<\/strong><\/p>\n<p>La baisse de la masse salariale \u00e9tait la priorit\u00e9<\/p>\n<p>Matthieu Louis-Jean\u00a0: \u00ab\u00a0On a d\u00fb travailler avec un budget plus restreint. La DNCG fait qu\u2019on a d\u00fb travailler sur une masse salariale de 50%. On s\u2019est d\u00e9j\u00e0 engag\u00e9 sur une baisse et, depuis l\u2019appel, on a augment\u00e9 cette baisse. On s\u2019y \u00e9tait pr\u00e9par\u00e9. A nous d\u2019\u00eatre plus intelligents, plus cr\u00e9atifs, de trouver les bonnes opportunit\u00e9s sur le march\u00e9\u00a0\u00bb.<\/p>\n<p>Les recrues bling-bling, c\u2019est fini\u00a0!<\/p>\n<p>Matthieu Louis-Jean\u00a0: \u00ab\u00a0Cela va \u00eatre un \u00e9quilibre \u00e0 trouver. On va changer de logiciel. Les recrutements hors de prix, c\u2019est fini. Pour le moment en tout cas. On doit s\u2019adapter au nouveau budget. On se positionne sur des joueurs \u00e0 fort potentiel avec des crit\u00e8res bien cibl\u00e9s, en fonction des besoins et du projet de jeu du coach. C\u2019\u00e9tait important de travailler l\u00e0-dessus. On vise aussi des joueurs de performance, avec de l\u2019exp\u00e9rience. Il nous en faut toujours. On veut rester comp\u00e9titif\u00a0\u00bb.<\/p>\n<p>La cellule s\u2019est muscl\u00e9e sur le Portugal<\/p>\n<p>Matthieu Louis-Jean\u00a0: \u00ab\u00a0Les arriv\u00e9es d\u2019Afonso (Moreira) et de Ruben (Kluivert) correspondent \u00e0 des joueurs qu\u2019on suit depuis un moment. On avait dans un premier temps d\u00e9velopp\u00e9 la cellule avec un recruteur portugais d\u00e9di\u00e9 \u00e0 la r\u00e9gion Portugal \u2013 Espagne avec des crit\u00e8res tr\u00e8s sp\u00e9cifiques comme la vitesse, la percussion et les qualit\u00e9s de finition pour Afonso et de la vitesse, de la taille et un impact dans les duels pour Ruben. C\u2019\u00e9tait des qualit\u00e9s qu\u2019on recherchait depuis le d\u00e9part de Jake O\u2019Brien. On va continuer\u2026\u00a0\u00bb<\/p>\n<p>Priorit\u00e9 \u00e0 l\u2019attaque<\/p>\n<p>Matthieu Louis-Jean\u00a0: \u00ab\u00a0Les postes offensifs seront privil\u00e9gi\u00e9s sur les prochains recrutements. On va aussi s\u00fbrement bouger au milieu de terrain. On sait qu\u2019il nous manque encore du monde. Mais, encore une fois, la strat\u00e9gie \u00e9tait d\u2019abord de diminuer la masse salariale et de se s\u00e9parer de quelques joueurs avec des d\u00e9parts comme ceux de Rayan (Cherki) et Lucas (Perri). Maintenant on va passer \u00e0 la troisi\u00e8me phase avec du recrutement. Les joueurs offensifs sont la priorit\u00e9.\u00a0\u00bb<\/p>\n<p>Ce dont il n\u2019a pas parl\u00e9\u2026<\/p>\n<p>La probable arriv\u00e9e d\u2019un nouveau gardien N\u00b01 pour remplacer Lucas Perri. La cha\u00eene ib\u00e9rique IB3 a annonc\u00e9 pendant le match OL \u2013 Majorque (4-0) a annonc\u00e9 que <a href=\"https:\/\/www.butfootballclub.fr\/611857-ol-mercato-lol-sapprete-a-faire-une-offre-pour-le-remplacant-de-lucas-perri\/\" rel=\"noopener nofollow\" target=\"_blank\">l\u2019absence de Dominik Greif<\/a> (28 ans) ce mercredi contre Lyon \u00e9tait li\u00e9e \u00e0 l\u2019imminence de son transfert chez les Gones. Le Slovaque n\u2019a plus qu\u2019un an de contrat dans les Bal\u00e9ares et l\u2019OL aurait formul\u00e9 une offre approchant les 5 M\u20ac.<\/p>\n<p>L\u2019arriv\u00e9e annonc\u00e9e de <a href=\"https:\/\/www.lequipe.fr\/Football\/Actualites\/Mercato-nicolas-tagliafico-reste-finalement-deux-ans-de-plus-a-l-ol\/1581483\" rel=\"noopener nofollow\" target=\"_blank\">Nicolas Tagliafico<\/a>, qui devrait se d\u00e9bloquer suite au pr\u00eat act\u00e9 de Duje Caleta-Car \u00e0 la Real Sociedad. En ce moment, chaque mouvement doit encore \u00eatre compens\u00e9 par un d\u00e9part pour d\u00e9gager suffisamment de masse salariale suivant l\u2019objectif fix\u00e9 et accept\u00e9 par la DNCG.<\/p>\n<p>Du plan de d\u00e9graissage qui doit se poursuivre avec plusieurs priorit\u00e9s. L\u2019OL cherche notamment \u00e0 exfiltrer en priorit\u00e9 deux joueurs au milieu\u00a0: Paul Akouokou et Nemanja Matic. Pour l\u2019Ivoirien, un d\u00e9part vers l\u2019Espagne avec prise en charge partielle du salaire sur la base d\u2019un pr\u00eat est en discussions. Pour le Serbe, c\u2019est plus compliqu\u00e9 compte-tenu de ses \u00e9moluments XXL (4,8 M\u20ac\/an). C\u00f4me \u2013 qui \u00e9tait sur les rangs cet hiver et au d\u00e9but de l\u2019\u00e9t\u00e9 \u2013 s\u2019est \u00e9cart\u00e9 (provisoirement\u00a0?) du dossier.<\/p>\n<p>Auteur d\u2019une grosse pr\u00e9paration au poste d\u2019ailier droit, Ainsley Maitland-Niles est actuellement l\u2019un des joueurs les plus sollicit\u00e9s de l\u2019effectif. L\u2019Anglo-barbadien est, avec Paul Akouokou, le candidat le plus probable \u00e0 un d\u00e9part \u00e0 court terme. Bless\u00e9 dix jours, Malick Fofana n\u2019est toujours pas tr\u00e8s chaud \u00e0 l\u2019id\u00e9e de rejoindre Everton. Les Toffees sont, pour l\u2019heure, les seuls \u00e0 avoir fait une offre formelle mais Liverpool pourrait bouger rapidement suite au d\u00e9part de Luis Diaz au Bayern Munich (75 M\u20ac) act\u00e9 ce jour. \u00a0<\/p>\n","protected":false},"excerpt":{"rendered":"Pr\u00e9sent sur OL Play en marge de la facile victoire des Gones contre Majorque (4-0) en amical lors&hellip;\n","protected":false},"author":2,"featured_media":285543,"comment_status":"","ping_status":"","sticky":false,"template":"","format":"standard","meta":{"footnotes":""},"categories":[1410],"tags":[11,448,63,1011,27,66,3388,12,60,10662],"class_list":{"0":"post-285542","1":"post","2":"type-post","3":"status-publish","4":"format-standard","5":"has-post-thumbnail","7":"category-football","8":"tag-actualites","9":"tag-champions-league","10":"tag-football","11":"tag-fr","12":"tag-france","13":"tag-ligue-1","14":"tag-matchs","15":"tag-news","16":"tag-sports","17":"tag-transferts"},"share_on_mastodon":{"url":"https:\/\/pubeurope.com\/@fr\/114945109820633363","error":""},"_links":{"self":[{"href":"https:\/\/www.europesays.com\/fr\/wp-json\/wp\/v2\/posts\/285542","targetHints":{"allow":["GET"]}}],"collection":[{"href":"https:\/\/www.europesays.com\/fr\/wp-json\/wp\/v2\/posts"}],"about":[{"href":"https:\/\/www.europesays.com\/fr\/wp-json\/wp\/v2\/types\/post"}],"author":[{"embeddable":true,"href":"https:\/\/www.europesays.com\/fr\/wp-json\/wp\/v2\/users\/2"}],"replies":[{"embeddable":true,"href":"https:\/\/www.europesays.com\/fr\/wp-json\/wp\/v2\/comments?post=285542"}],"version-history":[{"count":0,"href":"https:\/\/www.europesays.com\/fr\/wp-json\/wp\/v2\/posts\/285542\/revisions"}],"wp:featuredmedia":[{"embeddable":true,"href":"https:\/\/www.europesays.com\/fr\/wp-json\/wp\/v2\/media\/285543"}],"wp:attachment":[{"href":"https:\/\/www.europesays.com\/fr\/wp-json\/wp\/v2\/media?parent=285542"}],"wp:term":[{"taxonomy":"category","embeddable":true,"href":"https:\/\/www.europesays.com\/fr\/wp-json\/wp\/v2\/categories?post=285542"},{"taxonomy":"post_tag","embeddable":true,"href":"https:\/\/www.europesays.com\/fr\/wp-json\/wp\/v2\/tags?post=285542"}],"curies":[{"name":"wp","href":"https:\/\/api.w.org\/{rel}","templated":true}]}}