{"id":285544,"date":"2025-07-31T00:52:10","date_gmt":"2025-07-31T00:52:10","guid":{"rendered":"https:\/\/www.europesays.com\/fr\/285544\/"},"modified":"2025-07-31T00:52:10","modified_gmt":"2025-07-31T00:52:10","slug":"sophie-ferjani-au-milieu-des-flammes-lacolyte-de-stephane-plaza-frole-le-pire-a-marseille","status":"publish","type":"post","link":"https:\/\/www.europesays.com\/fr\/285544\/","title":{"rendered":"Sophie Ferjani \u00ab\u00a0au milieu des flammes\u00a0\u00bb : l\u2019acolyte de St\u00e9phane Plaza fr\u00f4le le pire \u00e0 Marseille"},"content":{"rendered":"<p>Elle a eu tr\u00e8s peur, comme nombre de Marseillais. Le 8 juillet 2025, \u00ab\u00a0un v\u00e9hicule qui s&rsquo;est enflamm\u00e9 en roulant\u00a0\u00bb a caus\u00e9 d\u2019\u00e9normes d\u00e9g\u00e2ts autour de la Cit\u00e9 Phoc\u00e9enne, dans laquelle r\u00e9side <a href=\"https:\/\/www.public.fr\/sophie-ferjani-lex-acolyte-de-stephane-plaza-choisit-stephane-rotenberg-on-sait-enfin-quand-leur-emission-sera-diffusee\" target=\"_blank\" rel=\"noopener\">Sophie Ferjani.<\/a> En effet, <strong>un violent incendie <\/strong>s\u2019est d\u00e9clar\u00e9 et a eu beaucoup de mal \u00e0 \u00eatre ma\u00eetris\u00e9.<\/p>\n<p>Comme le rappellent nos confr\u00e8res de France Bleu, <strong>les flammes ont parcouru\u00a0plus de 750 hectares<\/strong> de pin\u00e8de\u00a0des Pennes-Mirabeau jusqu&rsquo;\u00e0 Marseille, au nord de la ville. 400 personnes ont \u00e9t\u00e9 \u00e9vacu\u00e9es, 97 ont \u00e9t\u00e9 l\u00e9g\u00e8rement bless\u00e9es, dont 24 hospitalis\u00e9es. Le 17 juillet dernier, un autre incendie qui s\u2019est d\u00e9clar\u00e9 \u00e0 Martigues a ravag\u00e9 les alentours de Marseille.<\/p>\n<p>Fort heureusement, aucune personne n\u2019a trouv\u00e9 la mort au cours de ces incendies. N\u00e9anmoins, certains ont perdu leurs maisons et gardent des images traumatisantes des flammes. <strong>Des flammes<\/strong> que Sophie Ferjani a pu observer depuis chez elle.<\/p>\n<p>Sophie Ferjani face aux flammes de l&rsquo;incendie de Marseille<\/p>\n<p>Depuis plusieurs ann\u00e9es \u00e0 pr\u00e9sent, la d\u00e9coratrice d\u2019int\u00e9rieur r\u00e9side \u00e0 Marseille avec son compagnon Bagli. <a href=\"https:\/\/www.public.fr\/ce-quon-va-faire-cet-ete-sophie-ferjani-brise-le-silence-des-nouvelles-inattendues-de-stephane-plaza\" target=\"_blank\" rel=\"noopener\">L\u2019acolyte de St\u00e9phane Plaza<\/a> a visiblement vu les flammes de l\u2019incendie du 17 juillet tr\u00e8s proches d\u2019elle comme en t\u00e9moignaient ses clich\u00e9s partag\u00e9s sur son compte Instagram.\u00a0<\/p>\n<p>\u00ab\u00a0<strong>En ce moment m\u00eame, encore un feu. Quelle d\u00e9solation\u00a0\u00bb<\/strong>, d\u00e9plorait-elle. Au cours d\u2019un entretien accord\u00e9 \u00e0 <a href=\"https:\/\/www.gala.fr\/l_actu\/news_de_stars\/exclu-sophie-ferjani-marquee-par-les-recents-incendies-non-loin-de-marseille-on-voyait-les-flammes-20250730\" target=\"_blank\" rel=\"noopener\">Gala<\/a>, Sophie Ferjani est revenue sur cet \u00e9pisode qui lui a fait tr\u00e8s \u00ab\u00a0peur\u00a0\u00bb. \u00ab\u00a0Les incendies n\u2019\u00e9taient vraiment pas loin\u00a0de chez moi. Quand on voit \u00e7a, <strong>on a forc\u00e9ment peur<\/strong>\u00ab\u00a0, a-t-elle reconnu aupr\u00e8s de nos confr\u00e8res.\u00a0<\/p>\n<p>L&rsquo;acolyte de St\u00e9phane Plaza en admiration devant le courage des marins-pompiers<\/p>\n<p>Tr\u00e8s proche des flammes qui ravageaient tout sur leur passage, l\u2019acolyte de <a href=\"https:\/\/www.public.fr\/tag\/stephane-plaza\" target=\"_blank\" rel=\"noopener\">St\u00e9phane Plaza<\/a> explique qu\u2019on \u00ab\u00a0voyait les flammes et la police \u00e9vacuait les habitants de certaines maisons par la fen\u00eatre\u00a0\u00bb. Face \u00e0 ce d\u00e9solant spectacle, la d\u00e9coratrice d\u2019int\u00e9rieur a toutefois trouv\u00e9 du positif lorsqu\u2019elle a \u00e9voqu\u00e9 les marins-pompiers de Marseille qui se sont battus pour arr\u00eater les flammes.<\/p>\n<p>En effet, elle a souhait\u00e9 saluer leur travail et leur courage. \u00ab\u00a0Franchement, je suis en admiration devant eux. Ils sont all\u00e9s au milieu des flammes pour \u00e9teindre le feu. Ils risquent leur vie au quotidien. Gr\u00e2ce \u00e0 eux,<strong> je me sens en s\u00e9curit\u00e9<\/strong>\u00ab\u00a0, a-t-elle assur\u00e9 \u00e0 Gala. Un \u00e9pisode effrayant auquel Sophie Ferjani aurait sans doute pr\u00e9f\u00e9r\u00e9 ne jamais assister.\u00a0<\/p>\n<p>      Mentionn\u00e9s dans cet article<\/p>\n<p>\u00c0 lire aussi<\/p>\n","protected":false},"excerpt":{"rendered":"Elle a eu tr\u00e8s peur, comme nombre de Marseillais. Le 8 juillet 2025, \u00ab\u00a0un v\u00e9hicule qui s&rsquo;est enflamm\u00e9&hellip;\n","protected":false},"author":2,"featured_media":285545,"comment_status":"","ping_status":"","sticky":false,"template":"","format":"standard","meta":{"footnotes":""},"categories":[1359],"tags":[58,59,1011,27,1310,884,973,39707,7221],"class_list":{"0":"post-285544","1":"post","2":"type-post","3":"status-publish","4":"format-standard","5":"has-post-thumbnail","7":"category-people","8":"tag-divertissement","9":"tag-entertainment","10":"tag-fr","11":"tag-france","12":"tag-incendie","13":"tag-marseille","14":"tag-people","15":"tag-sophie-ferjani","16":"tag-stephane-plaza"},"share_on_mastodon":{"url":"https:\/\/pubeurope.com\/@fr\/114945113730586932","error":""},"_links":{"self":[{"href":"https:\/\/www.europesays.com\/fr\/wp-json\/wp\/v2\/posts\/285544","targetHints":{"allow":["GET"]}}],"collection":[{"href":"https:\/\/www.europesays.com\/fr\/wp-json\/wp\/v2\/posts"}],"about":[{"href":"https:\/\/www.europesays.com\/fr\/wp-json\/wp\/v2\/types\/post"}],"author":[{"embeddable":true,"href":"https:\/\/www.europesays.com\/fr\/wp-json\/wp\/v2\/users\/2"}],"replies":[{"embeddable":true,"href":"https:\/\/www.europesays.com\/fr\/wp-json\/wp\/v2\/comments?post=285544"}],"version-history":[{"count":0,"href":"https:\/\/www.europesays.com\/fr\/wp-json\/wp\/v2\/posts\/285544\/revisions"}],"wp:featuredmedia":[{"embeddable":true,"href":"https:\/\/www.europesays.com\/fr\/wp-json\/wp\/v2\/media\/285545"}],"wp:attachment":[{"href":"https:\/\/www.europesays.com\/fr\/wp-json\/wp\/v2\/media?parent=285544"}],"wp:term":[{"taxonomy":"category","embeddable":true,"href":"https:\/\/www.europesays.com\/fr\/wp-json\/wp\/v2\/categories?post=285544"},{"taxonomy":"post_tag","embeddable":true,"href":"https:\/\/www.europesays.com\/fr\/wp-json\/wp\/v2\/tags?post=285544"}],"curies":[{"name":"wp","href":"https:\/\/api.w.org\/{rel}","templated":true}]}}