{"id":285546,"date":"2025-07-31T00:53:09","date_gmt":"2025-07-31T00:53:09","guid":{"rendered":"https:\/\/www.europesays.com\/fr\/285546\/"},"modified":"2025-07-31T00:53:09","modified_gmt":"2025-07-31T00:53:09","slug":"depuis-un-avc-joelle-peint-avec-son-doigt-et-expose-a-souge-le-ganelon","status":"publish","type":"post","link":"https:\/\/www.europesays.com\/fr\/285546\/","title":{"rendered":"Depuis un AVC, Jo\u00eblle peint avec son doigt et expose \u00e0 Soug\u00e9-le-Ganelon"},"content":{"rendered":"<p>            Par<br \/>\n        <strong><br \/>\n            <a href=\"https:\/\/actu.fr\/auteur\/journaliste-oh\" title=\"Consulter tous les articles de R\u00e9daction Alen\u00e7on\" rel=\"nofollow noopener\" target=\"_blank\">R\u00e9daction Alen\u00e7on<\/a><br \/>\n        <\/strong><\/p>\n<p>        Publi\u00e9 le<\/p>\n<p>            30 juil. 2025 \u00e0 11h24        <\/p>\n<p>Dans la grange de sa maison, Jo\u00eblle Sourron expose une<b> quinzaine d\u2019\u0153uvres<\/b> au public afin de montrer son travail d\u2019artiste en milieu rural et partager sa passion pour la peinture.<\/p>\n<p class=\" wall-content\">Depuis 2014, c\u2019est avec son <b>doigt <\/b>que la Mancelle d\u2019origine exprime son art. Jusqu\u2019\u00e0 la fin septembre\u00a02025, son exposition est \u00e0 d\u00e9couvrir au lieu-dit La Massu\u00e8re, \u00e0 <a href=\"https:\/\/actu.fr\/pays-de-la-loire\/souge-le-ganelon_72337\" rel=\"nofollow noopener\" target=\"_blank\">Soug\u00e9-le-Ganelon<\/a> (Sarthe).<\/p>\n<p>Une passion depuis l\u2019enfance<\/p>\n<p class=\" wall-content\">Originaire du\u00a0Mans, elle a suivi des<b> \u00e9tudes de lettres<\/b> et obtenu une licence puis une ma\u00eetrise en lettres modernes et une autre en Espagnol. Durant sa vie professionnelle, elle a principalement<b> travaill\u00e9 au sein du Tr\u00e9sor Public.<\/b><\/p>\n<p class=\" wall-content\">Depuis son enfance, elle a toujours aim\u00e9 <b>dessiner <\/b>et <b>peindre<\/b>. \u00ab\u2009Dans les ann\u00e9es 80, j\u2019ai suivi pendant trois mois des cours du soir aux <b>Beaux-Arts du\u00a0Mans<\/b>, mais cela ne m\u2019a pas plu. Je me suis donc inscrite un peu plus tard \u00e0 l\u2019\u00c9cole de peinture des Alpes Mancelles, o\u00f9 j\u2019ai rencontr\u00e9 notamment les artistes Bernard Koura et Jacqueline Andr\u00e9ozzi. J\u2019ai eu un v\u00e9ritable d\u00e9clic et j\u2019ai commenc\u00e9 \u00e0 exposer mes peintures et mes croquis au fusain\u2009\u00bb, se souvient l\u2019artiste, aujourd\u2019hui \u00e2g\u00e9e de 74\u00a0ans.<\/p>\n<p>Un AVC en 2013<\/p>\n<p class=\" wall-content\">Malheureusement, en 2013, l\u2019artiste a fait un <b>AVC <\/b>(Accident Vasculaire C\u00e9r\u00e9bral), qui est venu chambouler sa vie paisible de retrait\u00e9 \u00e0 la campagne. \u00ab\u2009J\u2019ai pass\u00e9 plusieurs mois au centre de l\u2019Arche en <b>r\u00e9\u00e9ducation<\/b>. Apr\u00e8s ce combat, j\u2019ai repris mes loisirs artistiques mais progressivement,<b> ma main droite s\u2019est paralys\u00e9e<\/b> et je ne pouvais <b>plus tenir un pinceau.<\/b>\u2009\u00bb<\/p>\n<p>Vid\u00e9os : en ce moment sur Actu<\/p>\n<p class=\" wall-content\">Afin de continuer sa passion, Jo\u00eblle Sourron a d\u00e9cid\u00e9 d\u2019essayer de peindre avec son<b> index droit,<\/b> seul doigt ayant encore une bonne capacit\u00e9 fonctionnelle. \u00ab\u2009N\u2019\u00e9tant pas du tout gauch\u00e8re, il m\u2019\u00e9tait impossible de changer de main et je dois avouer que l\u2019adaptation a finalement \u00e9t\u00e9 facile apr\u00e8s quelques heures de travail. Aujourd\u2019hui, je dirais m\u00eame que je pr\u00e9f\u00e8re mes tableaux avec cette technique, je les trouve plus lumineux\u2009\u00bb, confie l\u2019artiste.<\/p>\n<p>Exposition de Jo\u00eblle Sourron, au lieu-dit La Massu\u00e8re, \u00e0 Soug\u00e9-le-Ganelon. Jusqu\u2019\u00e0 fin septembre.<\/p>\n<p class=\" wall-content\">Suivez toute l\u2019actualit\u00e9 de vos villes et m\u00e9dias favoris en vous inscrivant \u00e0 <a href=\"https:\/\/moncompte.actu.fr\" title=\"D\u00e9couvez Mon Actu\" rel=\"nofollow noopener\" data-trk=\"{&quot;cta&quot;:{&quot;action&quot;:&quot;https:\\\/\\\/moncompte.actu.fr&quot;,&quot;category&quot;:&quot;mon compte&quot;,&quot;from&quot;:&quot;article footer&quot;,&quot;name&quot;:&quot;Mon actu&quot;,&quot;type&quot;:&quot;cta&quot;}}\" target=\"_blank\">Mon Actu<\/a>.<\/p>\n","protected":false},"excerpt":{"rendered":"Par R\u00e9daction Alen\u00e7on Publi\u00e9 le 30 juil. 2025 \u00e0 11h24 Dans la grange de sa maison, Jo\u00eblle Sourron&hellip;\n","protected":false},"author":2,"featured_media":285547,"comment_status":"","ping_status":"","sticky":false,"template":"","format":"standard","meta":{"footnotes":""},"categories":[1358],"tags":[1477,1348,1384,1385,1386,58,59,1011,27,1943,104],"class_list":{"0":"post-285546","1":"post","2":"type-post","3":"status-publish","4":"format-standard","5":"has-post-thumbnail","7":"category-arts-et-design","8":"tag-artisanat","9":"tag-arts","10":"tag-arts-and-design","11":"tag-arts-et-design","12":"tag-design","13":"tag-divertissement","14":"tag-entertainment","15":"tag-fr","16":"tag-france","17":"tag-handicap","18":"tag-societe"},"share_on_mastodon":{"url":"https:\/\/pubeurope.com\/@fr\/114945117717953139","error":""},"_links":{"self":[{"href":"https:\/\/www.europesays.com\/fr\/wp-json\/wp\/v2\/posts\/285546","targetHints":{"allow":["GET"]}}],"collection":[{"href":"https:\/\/www.europesays.com\/fr\/wp-json\/wp\/v2\/posts"}],"about":[{"href":"https:\/\/www.europesays.com\/fr\/wp-json\/wp\/v2\/types\/post"}],"author":[{"embeddable":true,"href":"https:\/\/www.europesays.com\/fr\/wp-json\/wp\/v2\/users\/2"}],"replies":[{"embeddable":true,"href":"https:\/\/www.europesays.com\/fr\/wp-json\/wp\/v2\/comments?post=285546"}],"version-history":[{"count":0,"href":"https:\/\/www.europesays.com\/fr\/wp-json\/wp\/v2\/posts\/285546\/revisions"}],"wp:featuredmedia":[{"embeddable":true,"href":"https:\/\/www.europesays.com\/fr\/wp-json\/wp\/v2\/media\/285547"}],"wp:attachment":[{"href":"https:\/\/www.europesays.com\/fr\/wp-json\/wp\/v2\/media?parent=285546"}],"wp:term":[{"taxonomy":"category","embeddable":true,"href":"https:\/\/www.europesays.com\/fr\/wp-json\/wp\/v2\/categories?post=285546"},{"taxonomy":"post_tag","embeddable":true,"href":"https:\/\/www.europesays.com\/fr\/wp-json\/wp\/v2\/tags?post=285546"}],"curies":[{"name":"wp","href":"https:\/\/api.w.org\/{rel}","templated":true}]}}