{"id":285548,"date":"2025-07-31T00:54:18","date_gmt":"2025-07-31T00:54:18","guid":{"rendered":"https:\/\/www.europesays.com\/fr\/285548\/"},"modified":"2025-07-31T00:54:18","modified_gmt":"2025-07-31T00:54:18","slug":"sur-la-cote-de-nacre-cette-librairie-installee-dans-un-garage-fete-sa-1re-annee-dun-pari-culturel-reussi","status":"publish","type":"post","link":"https:\/\/www.europesays.com\/fr\/285548\/","title":{"rendered":"Sur la C\u00f4te de Nacre, cette librairie install\u00e9e dans un garage f\u00eate sa 1re ann\u00e9e d&rsquo;un pari culturel r\u00e9ussi"},"content":{"rendered":"<p>            Par<br \/>\n        <strong><br \/>\n            <a href=\"https:\/\/actu.fr\/auteur\/mathis-guerineaud\" title=\"Consulter tous les articles de Mathis Guerineaud\" target=\"_blank\" rel=\"noopener\">Mathis Guerineaud<\/a><br \/>\n        <\/strong><\/p>\n<p>        Publi\u00e9 le<\/p>\n<p>            30 juil. 2025 \u00e0 17h20        <\/p>\n<p>Install\u00e9e <b>dans un ancien garage<\/b>, la librairie ind\u00e9pendante <b>Le Garage Herm\u00e9tique<\/b> \u00e0 <b>Luc-sur-Mer<\/b>, sur la <a href=\"https:\/\/actu.fr\/tag\/cote-de-nacre\" target=\"_blank\" rel=\"noopener\">C\u00f4te de Nacre<\/a> (Calvados) c\u00e9l\u00e8bre sa <b>premi\u00e8re bougie<\/b>. Un an apr\u00e8s l\u2019ouverture en mai 2024, son cr\u00e9ateur \u00c9tienne Fourreau dresse un bilan enthousiaste.<\/p>\n<p class=\" wall-content\">Quand on pousse la porte de cette librairie de Luc-sur-Mer, <a href=\"https:\/\/actu.fr\/normandie\/luc-sur-mer_14384\/le-garage-hermetique-a-luc-sur-mer-cette-nouvelle-librairie-a-ouvert-dans-un-garage_61059146.html\" target=\"_blank\" rel=\"noopener\">rien ne laisse deviner qu\u2019elle occupait autrefois un garage<\/a>. Pas d\u2019enseigne tapageuse ni de vitrine imposante, mais un lieu discret, chaleureux, \u00e0 l\u2019ambiance feutr\u00e9e. \u00c0 l\u2019int\u00e9rieur, des rayonnages sur mesure m\u00ealant bois et m\u00e9tal, des fauteuils confortables, un \u00e9clairage doux, et au fond, un jardin propice \u00e0 la lecture ou \u00e0 la fl\u00e2nerie.<\/p>\n<p>Un refuge pour lecteurs curieux<\/p>\n<p class=\" wall-content\">C\u2019est ici qu\u2019\u00c9tienne Fourreau a choisi de poser ses cartons de livres le 3 mai 2024. Mais \u00e0 l\u2019origine, l\u2019histoire aurait pu \u00eatre tout autre.<\/p>\n<blockquote class=\"ac-article-quote wall-content\">\n<p>Je voulais cr\u00e9er un tiers-lieu plus ambitieux avec centre de formation, restaurant, salle d\u2019activit\u00e9s\u2026 Mais apr\u00e8s le Covid, les locaux que j\u2019avais en t\u00eate \u00e0 Douvres ou Ouistreham ont \u00e9t\u00e9 bloqu\u00e9s.<\/p>\n<\/blockquote>\n<p class=\" wall-content\">Face aux lenteurs administratives, l\u2019id\u00e9e de renoncer s\u2019impose. Jusqu\u2019\u00e0 ce qu\u2019une plaisanterie devienne une piste s\u00e9rieuse : rouvrir le garage familial, inutilis\u00e9 depuis des ann\u00e9es.<\/p>\n<p>    <img   decoding=\"async\" loading=\"lazy\" class=\"size-large\" src=\"https:\/\/www.europesays.com\/fr\/wp-content\/uploads\/2025\/07\/053431eb4f786093431eb4f78dc343v-960x640.jpg\" alt=\"Avec sa devanture discr\u00e8te, le Garage Herm\u00e9tique invite ses visiteurs \u00e0 se plonger dans son univers.\" width=\"960\" height=\"640\"\/><br \/>\n    Avec sa devanture discr\u00e8te, le Garage Herm\u00e9tique invite ses visiteurs \u00e0 se plonger dans son univers. \u00a9L.G.HDe l\u2019id\u00e9e au lieu : faire na\u00eetre un univers<\/p>\n<p class=\" wall-content\">Plut\u00f4t que d\u2019attendre encore, \u00c9tienne revoit <b>ses ambitions \u00e0 la baisse <\/b>pour les adapter \u00e0 la surface disponible. \u00ab J\u2019ai r\u00e9fl\u00e9chi \u00e0 ce que je pouvais conserver de mon projet initial dans un petit volume. Il ne restait que la librairie. \u00bb<\/p>\n<p class=\" wall-content\">Mais<b> pas question de faire les choses \u00e0 moiti\u00e9<\/b>. Tout est repens\u00e9 pour que le lieu, bien qu\u2019exigu, respire la convivialit\u00e9 et l\u2019attention aux d\u00e9tails. Avec l\u2019aide d\u2019un ami artisan, il imagine un am\u00e9nagement sur mesure, joue avec les mati\u00e8res, r\u00e9cup\u00e8re des meubles anciens et module les espaces selon les saisons. \u00c0 l\u2019int\u00e9rieur comme \u00e0 l\u2019ext\u00e9rieur, tout invite \u00e0 rester :\u00a0<\/p>\n<blockquote class=\"ac-article-quote wall-content\">\n<p>Je voulais un endroit o\u00f9 les gens aient envie de venir, de se poser, de revenir. Un lieu de vie avant d\u2019\u00eatre un lieu de vente.<\/p>\n<p>Le fondateur de la librairie.<\/p><\/blockquote>\n<p>    <img   decoding=\"async\" loading=\"lazy\" class=\"size-large\" src=\"https:\/\/www.europesays.com\/fr\/wp-content\/uploads\/2025\/07\/0b0a76ea1e366fe0a76ea1e36c21a7v-960x640.jpg\" alt=\"Louise et son papa Etienne Fourreau ont ouvert la librairie Le Garage Herm\u00e9tique devant la fresque sp\u00e9cialement r\u00e9alis\u00e9e par l'artiste Trefex.\" width=\"960\" height=\"640\"\/><br \/>\n    Etienne Fourreau au moment de l\u2019ouverture de la librairie Le Garage Herm\u00e9tique. \u00a9Libert\u00e9 CaenUne librairie comme espace de m\u00e9diation<\/p>\n<p class=\" wall-content\">Au sein du Garage Herm\u00e9tique, le mot d\u2019ordre est clair : proposer plut\u00f4t que vendre. La s\u00e9lection des ouvrages est enti\u00e8rement assum\u00e9e par \u00c9tienne.<\/p>\n<blockquote class=\"ac-article-quote wall-content\">\n<p>Je choisis d\u2019abord selon ce que j\u2019ai envie de faire d\u00e9couvrir. Pas en fonction de la rentabilit\u00e9 imm\u00e9diate. Bien s\u00fbr, il faut que \u00e7a tienne \u00e9conomiquement, mais je pr\u00e9f\u00e8re proposer un seul exemplaire bien choisi qu\u2019une pile de best-sellers.<\/p>\n<p>Etienne Fourreau<\/p><\/blockquote>\n<p class=\" wall-content\">R\u00e9sultat : une librairie singuli\u00e8re o\u00f9 l\u2019on croise des p\u00e9pites de maisons d\u2019\u00e9dition ind\u00e9pendantes, des bandes dessin\u00e9es rares, des ouvrages de po\u00e9sie, des r\u00e9cits de voyage, de la musique, et m\u00eame des publications de la Philharmonie de Paris. \u00ab Je veux montrer qu\u2019on peut faire exister une autre forme de librairie, compl\u00e9mentaire de ce qu\u2019on trouve en ville. \u00bb<\/p>\n<p class=\" wall-content\">Loin de vouloir \u00ab casser les codes \u00bb, \u00c9tienne revendique une appropriation personnelle du lieu. \u00ab Ce n\u2019est pas une posture. Je ne sais juste pas faire autrement. J\u2019ai besoin que l\u2019espace me ressemble. \u00bb<\/p>\n<p>Un lieu vivant<\/p>\n<p class=\" wall-content\">D\u00e8s les premiers mois, la librairie s\u2019est impos\u00e9e comme un lieu culturel \u00e0 part enti\u00e8re. \u00c9tienne y organise r\u00e9guli\u00e8rement des concerts intimistes, des rencontres litt\u00e9raires, des ateliers d\u2019\u00e9criture et m\u00eame des expositions\u2026 dans les toilettes ! \u00ab L\u2019espace \u00e9tait grand, les murs \u00e9taient vides, alors on s\u2019est dit : pourquoi ne pas en faire un lieu d\u2019accrochage d\u2019\u0153uvres graphiques ? \u00bb<\/p>\n<p class=\" wall-content\">L\u2019hiver, les \u00e9v\u00e9nements prennent place \u00e0 l\u2019int\u00e9rieur, dans une configuration resserr\u00e9e et conviviale. L\u2019\u00e9t\u00e9, le jardin devient sc\u00e8ne de spectacle. Des conteurs, des musiciens, des auteurs venus parfois de loin investissent le lieu.<\/p>\n<p class=\" wall-content\">Peu de temps apr\u00e8s l\u2019ouverture, une artiste connue sous le nom de la Pianiste Rouge avait m\u00eame install\u00e9 son piano \u00e0 queue mobile devant la librairie, transformant la rue en sc\u00e8ne ouverte. \u00ab J\u2019aime que les \u00e9v\u00e9nements attirent les passants, cr\u00e9ent des surprises, donnent envie de s\u2019arr\u00eater. \u00bb<\/p>\n<p>    <img   decoding=\"async\" loading=\"lazy\" class=\"size-large\" src=\"https:\/\/www.europesays.com\/fr\/wp-content\/uploads\/2025\/07\/c0f631eb4f786fa3731eb4f7819673v-960x640.jpg\" alt=\"L'un des temps forts de l'ann\u00e9e pour le Garage Herm\u00e9tique, selon son fondateur Etienne Fourreau, aura \u00e9t\u00e9 le concert de La Pianiste Rouge en juin 2024.\" width=\"960\" height=\"640\"\/><br \/>\n    L\u2019un des temps forts de l\u2019ann\u00e9e pour le Garage Herm\u00e9tique, selon son fondateur Etienne Fourreau, aura \u00e9t\u00e9 le concert de La Pianiste Rouge en juin 2024. \u00a9Le Garage Herm\u00e9tiqueUne reconnaissance et de nouveaux liens<\/p>\n<p class=\" wall-content\">\u00c0 l\u2019heure du premier anniversaire, le bilan est plus que positif. La client\u00e8le, d\u2019abord locale, s\u2019est \u00e9largie.<\/p>\n<blockquote class=\"ac-article-quote wall-content\">\n<p>Je ne pouvais pas miser uniquement sur les habitants de Luc. Aujourd\u2019hui, j\u2019ai des gens qui viennent de Caen, de Courseulles, de Ouistreham\u2026 pour la librairie et pour une balade au bord de mer.<\/p>\n<\/blockquote>\n<p class=\" wall-content\">La librairie a aussi \u00e9t\u00e9 rep\u00e9r\u00e9e \u00e0 l\u2019\u00e9chelle nationale : mise en avant dans l\u2019\u00e9mission La Grande Librairie sur France 5, elle a \u00e9galement re\u00e7u le Prix de l\u2019Espace Int\u00e9rieur d\u00e9cern\u00e9 par Le Grand Prix Livres Hebdo des Librairies 2025 pour la qualit\u00e9 de son am\u00e9nagement. Une reconnaissance qui confirme la justesse du projet. \u00ab \u00c7a prouve que ce n\u2019est pas juste une id\u00e9e bricol\u00e9e dans un coin, mais un lieu qui a du sens. \u00bb<\/p>\n<p>Une suite en construction<\/p>\n<p class=\" wall-content\">S\u2019il avoue \u00eatre un peu fatigu\u00e9 par un \u00e9t\u00e9 dense en \u00e9v\u00e9nements, \u00c9tienne Fourreau reste port\u00e9 par l\u2019enthousiasme de ses visiteurs et des auteurs invit\u00e9s. \u00c0 la rentr\u00e9e, de nouvelles rencontres litt\u00e9raires sont pr\u00e9vues, avec toujours la m\u00eame logique : proposer autre chose. \u00ab Les auteurs locaux tournent d\u00e9j\u00e0 beaucoup dans les librairies de la r\u00e9gion. Ici, je pr\u00e9f\u00e8re inviter ceux qu\u2019on n\u2019aurait pas crois\u00e9s autrement. \u00bb<\/p>\n<p class=\" wall-content\">Et si la librairie reste un projet individuel, elle b\u00e9n\u00e9ficie aussi du r\u00e9seau de sa fille, \u00e9ditrice chez \u00c7\u00e0 et L\u00e0, une maison ind\u00e9pendante \u00e0 Paris. Une passerelle pr\u00e9cieuse vers les \u00e9diteurs, les catalogues, les salons. \u00ab On est chacun \u00e0 notre place, mais on se compl\u00e8te bien. \u00bb<\/p>\n<p>    <img decoding=\"async\" loading=\"lazy\" class=\"size-large\" src=\"https:\/\/www.europesays.com\/fr\/wp-content\/uploads\/2025\/07\/82ffe0eb4f78676ffe0eb4f784affev-576x640.jpg\" alt=\"Au Garage Herm\u00e9tique, il est m\u00eame possible de lire son livre dans le jardin.\" width=\"576\" height=\"640\"\/><br \/>\n    Au Garage Herm\u00e9tique, il est m\u00eame possible de lire son livre dans le jardin. \u00a9L.G.HUn nom plein de sens<\/p>\n<p class=\" wall-content\">Le nom de la librairie n\u2019a pas \u00e9t\u00e9 choisi au hasard. Il rend hommage \u00e0 l\u2019univers de Moebius, alias Jean Giraud, immense auteur de bande dessin\u00e9e de science-fiction d\u00e9c\u00e9d\u00e9 en 2012. \u00ab Je voulais un nom qui garde l\u2019id\u00e9e de garage, mais aussi une ouverture vers l\u2019imaginaire. En retombant sur la BD le Garage herm\u00e9tique chez moi, j\u2019ai eu un d\u00e9clic. \u00bb Apr\u00e8s avoir contact\u00e9 la fille de Moebius, il re\u00e7oit son feu vert enthousiaste. \u00ab \u00c7a me donne aussi une visibilit\u00e9 dans le milieu de la BD. \u00bb<\/p>\n<p class=\" wall-content\">Ce qui frappe au \u00ab Garage Herm\u00e9tique \u00bb, c\u2019est la sensation d\u2019\u00eatre ailleurs.<\/p>\n<blockquote class=\"ac-article-quote wall-content\">\n<p>J\u2019essaie de proposer un lieu qui d\u00e9connecte du quotidien. On vient ici, on est un peu suspendus. Le temps ralentit.<\/p>\n<\/blockquote>\n<p class=\" wall-content\">Une librairie comme un refuge, o\u00f9 le choix des livres invite au voyage int\u00e9rieur, sans bruit ni vitrine agressive.<\/p>\n<p class=\" wall-content\">\u00ab Il y a une vraie app\u00e9tence pour ce genre d\u2019endroit. Tant que les gens viennent, tant qu\u2019ils sont contents, je continue. \u00bb Entre ancrage local et ouverture au monde, le garage d\u2019\u00c9tienne Fourreau est devenu bien plus qu\u2019un simple commerce. Une bulle culturelle, fragile mais vivace, en bord de mer.<\/p>\n<p>Librairie Le Garage Herm\u00e9tique, 5 rue de la Br\u00e8che Marais, 14530 Luc-sur-Mer. Site internet : <a href=\"https:\/\/linktr.ee\/legaragehermetique\" target=\"_blank\" rel=\"noopener\">www.legaragehermetique.fr<\/a> Insta : <a href=\"https:\/\/www.instagram.com\/librairie_legaragehermetique?fbclid=IwZXh0bgNhZW0CMTAAAR3Q5P3RDrlMYP3BpDhvDhJ76Pekdah6ZKU-pB_PDY3IcYz6kjo5NWTpePc_aem_AYJ-bDAiPS5PfO4l_qqrJAIh57csUT0gO728uP6dkMj4l0GEKJXNoX0qnQOs6r5KjudcV8yi4Uox_an3F9uShAKu\" target=\"_blank\" rel=\"noopener\">librairie_legaragehermetique<\/a> Facebook : <a href=\"https:\/\/www.facebook.com\/profile.php?id=61554950602043\" target=\"_blank\" rel=\"noopener\">Librairie le garage herm\u00e9tique<\/a><\/p>\n<p class=\" wall-content\">Suivez toute l\u2019actualit\u00e9 de vos villes et m\u00e9dias favoris en vous inscrivant \u00e0 <a href=\"https:\/\/moncompte.actu.fr\" title=\"D\u00e9couvez Mon Actu\" rel=\"nofollow noopener\" data-trk=\"{&quot;cta&quot;:{&quot;action&quot;:&quot;https:\\\/\\\/moncompte.actu.fr&quot;,&quot;category&quot;:&quot;mon compte&quot;,&quot;from&quot;:&quot;article footer&quot;,&quot;name&quot;:&quot;Mon actu&quot;,&quot;type&quot;:&quot;cta&quot;}}\" target=\"_blank\">Mon Actu<\/a>.<\/p>\n<p>                    <script async src=\"\/\/www.instagram.com\/embed.js\"><\/script><\/p>\n","protected":false},"excerpt":{"rendered":"Par Mathis Guerineaud Publi\u00e9 le 30 juil. 2025 \u00e0 17h20 Install\u00e9e dans un ancien garage, la librairie ind\u00e9pendante&hellip;\n","protected":false},"author":2,"featured_media":285549,"comment_status":"","ping_status":"","sticky":false,"template":"","format":"standard","meta":{"footnotes":""},"categories":[1357],"tags":[1379,5492,26093,58,59,1011,27,1380,104],"class_list":{"0":"post-285548","1":"post","2":"type-post","3":"status-publish","4":"format-standard","5":"has-post-thumbnail","7":"category-livres","8":"tag-books","9":"tag-caen","10":"tag-cote-de-nacre","11":"tag-divertissement","12":"tag-entertainment","13":"tag-fr","14":"tag-france","15":"tag-livres","16":"tag-societe"},"share_on_mastodon":{"url":"https:\/\/pubeurope.com\/@fr\/114945121633372805","error":""},"_links":{"self":[{"href":"https:\/\/www.europesays.com\/fr\/wp-json\/wp\/v2\/posts\/285548","targetHints":{"allow":["GET"]}}],"collection":[{"href":"https:\/\/www.europesays.com\/fr\/wp-json\/wp\/v2\/posts"}],"about":[{"href":"https:\/\/www.europesays.com\/fr\/wp-json\/wp\/v2\/types\/post"}],"author":[{"embeddable":true,"href":"https:\/\/www.europesays.com\/fr\/wp-json\/wp\/v2\/users\/2"}],"replies":[{"embeddable":true,"href":"https:\/\/www.europesays.com\/fr\/wp-json\/wp\/v2\/comments?post=285548"}],"version-history":[{"count":0,"href":"https:\/\/www.europesays.com\/fr\/wp-json\/wp\/v2\/posts\/285548\/revisions"}],"wp:featuredmedia":[{"embeddable":true,"href":"https:\/\/www.europesays.com\/fr\/wp-json\/wp\/v2\/media\/285549"}],"wp:attachment":[{"href":"https:\/\/www.europesays.com\/fr\/wp-json\/wp\/v2\/media?parent=285548"}],"wp:term":[{"taxonomy":"category","embeddable":true,"href":"https:\/\/www.europesays.com\/fr\/wp-json\/wp\/v2\/categories?post=285548"},{"taxonomy":"post_tag","embeddable":true,"href":"https:\/\/www.europesays.com\/fr\/wp-json\/wp\/v2\/tags?post=285548"}],"curies":[{"name":"wp","href":"https:\/\/api.w.org\/{rel}","templated":true}]}}