{"id":285550,"date":"2025-07-31T00:55:27","date_gmt":"2025-07-31T00:55:27","guid":{"rendered":"https:\/\/www.europesays.com\/fr\/285550\/"},"modified":"2025-07-31T00:55:27","modified_gmt":"2025-07-31T00:55:27","slug":"mayer-secret-story-2025-a-un-lien-etonnant-avec-un-membre-de-la-famille-kretz-dans-lagence","status":"publish","type":"post","link":"https:\/\/www.europesays.com\/fr\/285550\/","title":{"rendered":"Mayer (Secret Story 2025) a un lien \u00e9tonnant&#8230; avec un membre de la famille Kretz dans L\u2019Agence !"},"content":{"rendered":"<p>Mayer \u00e9tait l&rsquo;un des candidats embl\u00e9matiques de Secret Story 2025 diffus\u00e9 sur TF1. Com\u00e9dien en parall\u00e8le de ses \u00e9tudes, le jeune homme diagnostiqu\u00e9 HPI a un point commun avec Majo, la grand-m\u00e8re du clan Kretz de l&rsquo;\u00e9mission L&rsquo;Agence, l&rsquo;immobilier de luxe en famille diffus\u00e9e sur TMC et Netflix. T\u00e9l\u00e9-Loisirs vous en dit plus !<\/p>\n<p>C&rsquo;\u00e9tait le chouchou de nombreux t\u00e9l\u00e9spectateurs de <a href=\"https:\/\/www.programme-tv.net\/news\/tele-realite\/383544-dominique-duforest-la-voix-de-secret-story-a-t-il-un-remplacant-s-il-perd-sa-voix-il-nous-repond\/\" data-api-deeplink=\"teleloisirs:\/\/news\/383544\" rel=\"nofollow noopener\" target=\"_blank\">Secret Story 2025<\/a>. \u00c0 trois semaines de la finale de l&rsquo;\u00e9mission de t\u00e9l\u00e9r\u00e9alit\u00e9 qui sera diffus\u00e9e le jeudi 7 ao\u00fbt prochain sur TF1, <b>Mayer <\/b>avait pris la d\u00e9cision de quitter la Maison des secrets le 19 juillet dernier. Un choix qui a attrist\u00e9 les fans de \u00ab\u00a0Romayer\u00a0\u00bb, nom donn\u00e9 \u00e0 son bin\u00f4me attachant avec Romy, qui elle est d\u00e9j\u00e0 <a href=\"https:\/\/www.programme-tv.net\/news\/tele-realite\/384299-secret-story-qui-sont-les-deux-premiers-finalistes-de-la-saison-13\/\" data-api-deeplink=\"teleloisirs:\/\/news\/384299\" rel=\"nofollow noopener\" target=\"_blank\">assur\u00e9e d&rsquo;aller jusqu&rsquo;au bout de l&rsquo;aventure<\/a>. Celui qui fait partie <a href=\"https:\/\/www.programme-tv.net\/news\/tele-realite\/383814-mayer-secret-story-2025-diagnostique-hpi-comme-son-frere-jumeau-zach-ma-mere-nous-a-fait-passer-un-test-de-qi-a-11-ans\/\" data-api-deeplink=\"teleloisirs:\/\/news\/383814\" rel=\"nofollow noopener\" target=\"_blank\">des 1 % de la population mondiale \u00e0 avoir plus de 134 de QI<\/a> a d&rsquo;ores et d\u00e9j\u00e0 annonc\u00e9 qu&rsquo;il ne ferait pas d&rsquo;autres \u00e9missions t\u00e9l\u00e9. \u00ab\u00a0Je suis \u00e0 la fin de mes \u00e9tudes en sciences politiques,<b> <\/b>j\u2019ai termin\u00e9 mon Master. \u00c0 c\u00f4t\u00e9 de \u00e7a, <b>je vais continuer ma carri\u00e8re de com\u00e9dien<\/b>\u00ab\u00a0,<b> <\/b>a-t-il d\u00e9clar\u00e9 \u00e0 nos confr\u00e8res de<b> <\/b>20 Minutes.<\/p>\n<p>                        <b>D\u00e9couvrez le point commun de Mayer (<\/b><b>Secret Story<\/b><b>) et Majo (<\/b><b>L&rsquo;Agence<\/b><b>)<\/b><b> <\/b><b>!<\/b><\/p>\n<p>Comme il l&rsquo;a mentionn\u00e9 dans sa biographie sur son compte Instagram, Mayer est accompagn\u00e9 par l&rsquo;agence artistique, DS Talents dans cette carri\u00e8re qu&rsquo;il n&rsquo;avait pas indiqu\u00e9e dans son portrait de pr\u00e9sentation. Sur son CV accessible sur leur site internet, il est pr\u00e9cis\u00e9 que <a href=\"https:\/\/www.programme-tv.net\/news\/tele-realite\/382471-mayer-de-secret-story-son-frere-jumeau-zach-est-connu-sur-les-reseaux-sociaux\/\" data-api-deeplink=\"teleloisirs:\/\/news\/382471\" rel=\"nofollow noopener\" target=\"_blank\">le fr\u00e8re jumeau de Zach <\/a>a jou\u00e9 dans<b> divers courts-m\u00e9trages, des publicit\u00e9s et la s\u00e9rie <\/b><b>Allo Canal <\/b>(Canal+). Il se trouve qu&rsquo;une membre de la famille Kretz poursuit \u00e9galement une carri\u00e8re de com\u00e9dienne chapeaut\u00e9e par la fondatrice de la soci\u00e9t\u00e9, Nathalie Dubourdieu. En effet, lors de la cinqui\u00e8me saison du docu-r\u00e9alit\u00e9 de TMC, L&rsquo;Agence, les t\u00e9l\u00e9spectateurs ont pu d\u00e9couvrir <a href=\"https:\/\/www.programme-tv.net\/news\/tv\/368523-j-ai-ete-contactee-majo-l-agence-devoile-son-nouveau-projet-bien-loin-de-limmobilier\/\" data-api-deeplink=\"teleloisirs:\/\/news\/368523\" rel=\"nofollow noopener\" target=\"_blank\">les premiers pas devant la cam\u00e9ra de Majo,<\/a> la grand-m\u00e8re de la tribu d&rsquo;agents immobiliers, accompagn\u00e9e de celle qui l&rsquo;avait rep\u00e9r\u00e9e !<\/p>\n<p>            Pourquoi Mayer a choisi d&rsquo;abandonner Secret Story 2025 ?<\/p>\n<p>\u00c0 sa sortie, Mayer s&rsquo;est exprim\u00e9 sur les raisons qui l&rsquo;ont pouss\u00e9 \u00e0 abandonner le jeu pr\u00e9sent\u00e9 par <a href=\"https:\/\/www.programme-tv.net\/biographie\/42625-beaugrand-christophe\/\" data-link-people=\"c167a8d5-6211-4427-86cb-a1cdc2ec3741\" rel=\"nofollow noopener\" target=\"_blank\">Christophe Beaugrand<\/a>. \u00ab\u00a0Je me doutais que \u00e7a allait \u00eatre un peu difficile, mais pas autant. Apr\u00e8s, <b>c&rsquo;est surtout par rapport \u00e0 mon secret<\/b>, je me posais la question, je me demandais comment j\u2019allais ressentir les choses \u00e0 l\u2019int\u00e9rieur. Il faut le vivre pour le comprendre, c\u2019est un peu \u00e7a Secret Story, le contexte dans lequel on vit est tr\u00e8s tr\u00e8s particulier\u00a0\u00bb, nous avait-il expliqu\u00e9.<\/p>\n","protected":false},"excerpt":{"rendered":"Mayer \u00e9tait l&rsquo;un des candidats embl\u00e9matiques de Secret Story 2025 diffus\u00e9 sur TF1. Com\u00e9dien en parall\u00e8le de ses&hellip;\n","protected":false},"author":2,"featured_media":285551,"comment_status":"","ping_status":"","sticky":false,"template":"","format":"standard","meta":{"footnotes":""},"categories":[1356],"tags":[244,58,59,1011,27,2173,42447,37473,37469,37470,37471,37472,42446,34096,29901,37474,39375,37468,252,30052,2175,8648,1364],"class_list":{"0":"post-285550","1":"post","2":"type-post","3":"status-publish","4":"format-standard","5":"has-post-thumbnail","7":"category-television","8":"tag-commentaire","9":"tag-divertissement","10":"tag-entertainment","11":"tag-fr","12":"tag-france","13":"tag-interview","14":"tag-lagence-limmobilier-de-luxe-en-famille","15":"tag-la-quotidienne-1099514145","16":"tag-la-quotidienne-1099539196","17":"tag-la-quotidienne-1099553915","18":"tag-la-quotidienne-1099565530","19":"tag-la-quotidienne-1099565538","20":"tag-majo-kretz","21":"tag-mayer-secret-story-13","22":"tag-secret-story","23":"tag-secret-story-1099553929","24":"tag-secret-story-1099644188","25":"tag-secret-story-40318845","26":"tag-television","27":"tag-tfx","28":"tag-tl-story","29":"tag-tmc","30":"tag-tv"},"share_on_mastodon":{"url":"https:\/\/pubeurope.com\/@fr\/114945125667466849","error":""},"_links":{"self":[{"href":"https:\/\/www.europesays.com\/fr\/wp-json\/wp\/v2\/posts\/285550","targetHints":{"allow":["GET"]}}],"collection":[{"href":"https:\/\/www.europesays.com\/fr\/wp-json\/wp\/v2\/posts"}],"about":[{"href":"https:\/\/www.europesays.com\/fr\/wp-json\/wp\/v2\/types\/post"}],"author":[{"embeddable":true,"href":"https:\/\/www.europesays.com\/fr\/wp-json\/wp\/v2\/users\/2"}],"replies":[{"embeddable":true,"href":"https:\/\/www.europesays.com\/fr\/wp-json\/wp\/v2\/comments?post=285550"}],"version-history":[{"count":0,"href":"https:\/\/www.europesays.com\/fr\/wp-json\/wp\/v2\/posts\/285550\/revisions"}],"wp:featuredmedia":[{"embeddable":true,"href":"https:\/\/www.europesays.com\/fr\/wp-json\/wp\/v2\/media\/285551"}],"wp:attachment":[{"href":"https:\/\/www.europesays.com\/fr\/wp-json\/wp\/v2\/media?parent=285550"}],"wp:term":[{"taxonomy":"category","embeddable":true,"href":"https:\/\/www.europesays.com\/fr\/wp-json\/wp\/v2\/categories?post=285550"},{"taxonomy":"post_tag","embeddable":true,"href":"https:\/\/www.europesays.com\/fr\/wp-json\/wp\/v2\/tags?post=285550"}],"curies":[{"name":"wp","href":"https:\/\/api.w.org\/{rel}","templated":true}]}}