{"id":285552,"date":"2025-07-31T00:56:11","date_gmt":"2025-07-31T00:56:11","guid":{"rendered":"https:\/\/www.europesays.com\/fr\/285552\/"},"modified":"2025-07-31T00:56:11","modified_gmt":"2025-07-31T00:56:11","slug":"tu-le-mets-dans-la-culotte-cette-autre-sequence-au-cap-dagde-qui-choque-video","status":"publish","type":"post","link":"https:\/\/www.europesays.com\/fr\/285552\/","title":{"rendered":"\u201ctu le mets dans la culotte\u201d, cette autre s\u00e9quence au Cap d\u2019Agde qui choque (Vid\u00e9o)"},"content":{"rendered":"<p>La sc\u00e8ne a provoqu\u00e9 de vives r\u00e9actions. Mardi 22 juillet, <strong>Patrick S\u00e9bastien<\/strong> a donn\u00e9 un concert dans un <strong>camp naturiste<\/strong> du Cap d\u2019Agde (H\u00e9rault). Selon les informations de Mediapart, le chanteur a cependant \u201cd\u00e9rap\u00e9\u201d en proposant une sc\u00e8ne de fellation aux spectateurs.<\/p>\n<p>Alors qu\u2019il \u00e9tait sur sc\u00e8ne, Patrick S\u00e9bastien a invit\u00e9 des femmes \u00e0 le rejoindre pour chanter le tube Les Sardines. L\u2019une d\u2019elles a d\u2019abord mis <strong>sa main sur son sexe<\/strong>, avant de s\u2019agenouiller et de faire le geste d\u2019une fellation au chanteur. Si celui-ci a pris ce geste avec humour, de <strong>nombreux enfants<\/strong> ont assist\u00e9 \u00e0 la sc\u00e8ne. La vid\u00e9o a ensuite rapidement circul\u00e9 sur les r\u00e9seaux sociaux.<\/p>\n<p>Une autre vid\u00e9o de Patrick S\u00e9bastien fait pol\u00e9mique<\/p>\n<p>La sc\u00e8ne de la fellation entre Patrick S\u00e9bastien et une spectatrice n\u2019est pas la seule \u00e0 avoir fait pol\u00e9mique. En effet, <strong>une autre vid\u00e9o<\/strong> film\u00e9e au Cap d\u2019Agde a \u00e9galement \u00e9t\u00e9 d\u00e9voil\u00e9e sur X. Dans cette s\u00e9quence, on peut voir une spectatrice tenter de <strong>sortir son t\u00e9l\u00e9phone<\/strong> sur sc\u00e8ne.<\/p>\n<p>Visiblement d\u00e9rang\u00e9 par l\u2019appareil, Patrick S\u00e9bastien lui demande alors de <strong>le ranger<\/strong>. \u201cTu sais quoi avec ton portable ? Tu le mets dans ta culotte, comme \u00e7a si \u00e7a vibre, m\u00eame si la nouvelle est mauvaise, \u00e7a va te faire plaisir quand m\u00eame\u201d, lance-t-il. Une remarque qui a beaucoup fait r\u00e9agir avant le lancement des Sardines.<\/p>\n<p>Le chanteur conteste \u201ctout comportement d\u2019ordre sexuel\u201d<\/p>\n<p>Patrick S\u00e9bastien ne s\u2019est <strong>pas exprim\u00e9 publiquement<\/strong> (&#8230;)<\/p>\n<p><a href=\"https:\/\/www.closermag.fr\/people\/patrick-sebastien-tu-le-mets-dans-la-culotte-cette-autre-sequence-au-cap-dagde-qui-choque-video-3568143\" rel=\"nofollow noopener\" target=\"_blank\" data-ylk=\"slk:Lire la suite sur Closer;elm:context_link;itc:0;sec:content-canvas\" class=\"link \">Lire la suite sur Closer<\/a><\/p>\n<p><a href=\"https:\/\/www.closermag.fr\/tv_tele_realite\/quitter-le-plateau-lea-salame-prevenue-par-anne-sophie-lapix-avant-son-grand-saut-3568158\" rel=\"nofollow noopener\" target=\"_blank\" data-ylk=\"slk:\u201cQuitter le plateau\u2026\u201d : L\u00e9a Salam\u00e9 pr\u00e9venue par Anne-Sophie Lapix avant son grand saut;elm:context_link;itc:0;sec:content-canvas\" class=\"link \">\u201cQuitter le plateau\u2026\u201d : L\u00e9a Salam\u00e9 pr\u00e9venue par Anne-Sophie Lapix avant son grand saut<\/a><br \/><a href=\"https:\/\/www.closermag.fr\/people\/bertrand-cantat-revelation-malaisante-sur-sa-jeune-compagne-et-ca-a-a-voir-avec-son-fils-milo-3568156\" rel=\"nofollow noopener\" target=\"_blank\" data-ylk=\"slk:Bertrand Cantat : r\u00e9v\u00e9lation malaisante sur sa jeune compagne et \u00e7a a \u00e0 voir avec son fils Milo;elm:context_link;itc:0;sec:content-canvas\" class=\"link \">Bertrand Cantat : r\u00e9v\u00e9lation malaisante sur sa jeune compagne et \u00e7a a \u00e0 voir avec son fils Milo<\/a><br \/><a href=\"https:\/\/www.closermag.fr\/vecu\/pleine-lune-du-9-aout-ces-trois-signes-vont-rompre-avec-un-schema-qui-les-enferme-3568154\" rel=\"nofollow noopener\" target=\"_blank\" data-ylk=\"slk:Pleine Lune du 9 ao\u00fbt : ces trois signes vont rompre avec un sch\u00e9ma qui les enferme;elm:context_link;itc:0;sec:content-canvas\" class=\"link \">Pleine Lune du 9 ao\u00fbt : ces trois signes vont rompre avec un sch\u00e9ma qui les enferme<\/a><br \/><a href=\"https:\/\/www.closermag.fr\/people\/amandine-petit-fiancee-on-continuera-de-cette-precision-lourde-de-sens-sur-son-futur-mari-3568147\" rel=\"nofollow noopener\" target=\"_blank\" data-ylk=\"slk:Amandine Petit, fianc\u00e9e : &quot;On continuera de\u2026&quot; Cette pr\u00e9cision lourde de sens sur son futur mari;elm:context_link;itc:0;sec:content-canvas\" class=\"link \">Amandine Petit, fianc\u00e9e : \u00ab\u00a0On continuera de\u2026\u00a0\u00bb Cette pr\u00e9cision lourde de sens sur son futur mari<\/a><br \/><a href=\"https:\/\/www.closermag.fr\/vecu\/faits_divers\/alerte-au-tsunami-cette-star-dans-la-tourmente-pour-un-pretendu-refus-tres-egoiste-a-hawai-3568142\" rel=\"nofollow noopener\" target=\"_blank\" data-ylk=\"slk:Alerte au tsunami : cette star dans la tourmente pour un pr\u00e9tendu refus TR\u00c8S \u00e9go\u00efste \u00e0 Hawa\u00ef;elm:context_link;itc:0;sec:content-canvas\" class=\"link \">Alerte au tsunami : cette star dans la tourmente pour un pr\u00e9tendu refus TR\u00c8S \u00e9go\u00efste \u00e0 Hawa\u00ef <\/a><\/p>\n","protected":false},"excerpt":{"rendered":"La sc\u00e8ne a provoqu\u00e9 de vives r\u00e9actions. Mardi 22 juillet, Patrick S\u00e9bastien a donn\u00e9 un concert dans un&hellip;\n","protected":false},"author":2,"featured_media":285553,"comment_status":"","ping_status":"","sticky":false,"template":"","format":"standard","meta":{"footnotes":""},"categories":[1355],"tags":[42448,42450,58,59,1011,27,4006,35694,42449,1361,873,6097],"class_list":{"0":"post-285552","1":"post","2":"type-post","3":"status-publish","4":"format-standard","5":"has-post-thumbnail","7":"category-musique","8":"tag-camp-naturiste-du-cap-dagde","9":"tag-cap-dagde","10":"tag-divertissement","11":"tag-entertainment","12":"tag-fr","13":"tag-france","14":"tag-le-chanteur","15":"tag-le-geste","16":"tag-les-sardines","17":"tag-music","18":"tag-musique","19":"tag-patrick-sebastien"},"share_on_mastodon":{"url":"https:\/\/pubeurope.com\/@fr\/114945129456662009","error":""},"_links":{"self":[{"href":"https:\/\/www.europesays.com\/fr\/wp-json\/wp\/v2\/posts\/285552","targetHints":{"allow":["GET"]}}],"collection":[{"href":"https:\/\/www.europesays.com\/fr\/wp-json\/wp\/v2\/posts"}],"about":[{"href":"https:\/\/www.europesays.com\/fr\/wp-json\/wp\/v2\/types\/post"}],"author":[{"embeddable":true,"href":"https:\/\/www.europesays.com\/fr\/wp-json\/wp\/v2\/users\/2"}],"replies":[{"embeddable":true,"href":"https:\/\/www.europesays.com\/fr\/wp-json\/wp\/v2\/comments?post=285552"}],"version-history":[{"count":0,"href":"https:\/\/www.europesays.com\/fr\/wp-json\/wp\/v2\/posts\/285552\/revisions"}],"wp:featuredmedia":[{"embeddable":true,"href":"https:\/\/www.europesays.com\/fr\/wp-json\/wp\/v2\/media\/285553"}],"wp:attachment":[{"href":"https:\/\/www.europesays.com\/fr\/wp-json\/wp\/v2\/media?parent=285552"}],"wp:term":[{"taxonomy":"category","embeddable":true,"href":"https:\/\/www.europesays.com\/fr\/wp-json\/wp\/v2\/categories?post=285552"},{"taxonomy":"post_tag","embeddable":true,"href":"https:\/\/www.europesays.com\/fr\/wp-json\/wp\/v2\/tags?post=285552"}],"curies":[{"name":"wp","href":"https:\/\/api.w.org\/{rel}","templated":true}]}}