{"id":285556,"date":"2025-07-31T00:58:10","date_gmt":"2025-07-31T00:58:10","guid":{"rendered":"https:\/\/www.europesays.com\/fr\/285556\/"},"modified":"2025-07-31T00:58:10","modified_gmt":"2025-07-31T00:58:10","slug":"il-peut-contenir-une-substance-cancerigene","status":"publish","type":"post","link":"https:\/\/www.europesays.com\/fr\/285556\/","title":{"rendered":"il peut contenir une substance canc\u00e9rig\u00e8ne"},"content":{"rendered":"<p>            Par<br \/>\n        <strong><br \/>\n            <a href=\"https:\/\/actu.fr\/auteur\/redaction-actu\" title=\"Consulter tous les articles de R\u00e9daction Actu\" target=\"_blank\" rel=\"noopener\">R\u00e9daction Actu<\/a><br \/>\n        <\/strong><\/p>\n<p>        Publi\u00e9 le<\/p>\n<p>            30 juil. 2025 \u00e0 10h51        <\/p>\n<p>Mardi 29\u00a0juillet 2025, l\u2019Agence nationale de s\u00e9curit\u00e9 du m\u00e9dicament (ANSM) a indiqu\u00e9 <a href=\"https:\/\/ansm.sante.fr\/informations-de-securite\/ludiomil-25-mg-comprime-pellicule-et-ludiomil-75-mg-comprime-pellicule-laboratoire-centre-specialites-pharmaceutiques\" target=\"_blank\" rel=\"noopener\">dans un communiqu\u00e9<\/a> que des lots d\u2019un antid\u00e9presseur, le<strong> Ludiomil<\/strong> (maprotiline) sont <a href=\"https:\/\/actu.fr\/tag\/rappel-de-produits\" target=\"_blank\" rel=\"noopener\">rappel\u00e9s<\/a>.<\/p>\n<p class=\" wall-content\">Des \u00ab\u2009impuret\u00e9s de type<strong> nitrosamine\u2009\u00bb,<\/strong> class\u00e9 comme <strong>canc\u00e9rig\u00e8ne probable<\/strong>, ont \u00e9t\u00e9 retrouv\u00e9es. En cons\u00e9quence, cet antid\u00e9presseur \u00ab\u2009ne sera d\u00e9sormais plus disponible\u2009\u00bb.<\/p>\n<p>Consulter un m\u00e9decin avant de changer de traitement<\/p>\n<p class=\" wall-content\">L\u2019ANSM pr\u00e9conise de<strong> remplacer<\/strong> le Ludiomil par d\u2019autres antid\u00e9presseurs\u2009: amitriptyline (Laroxyl et g\u00e9n\u00e9riques) ou mirtazapine (Norset et g\u00e9n\u00e9riques).<\/p>\n<p class=\" wall-content\">Ce traitement, indiqu\u00e9 dans les \u00e9pisodes \u00ab\u2009d\u00e9pressifs caract\u00e9ris\u00e9s\u2009\u00bb, est actuellement utilis\u00e9 par<strong> 5\u2009000 patients<\/strong> en France, en majorit\u00e9 des personnes de plus de 60\u00a0ans, pr\u00e9cise l\u2019Agence du m\u00e9dicament.<\/p>\n<p class=\" wall-content\">L\u2019autorit\u00e9 de sant\u00e9 recommande toutefois aux patients trait\u00e9s par Ludiomil de ne <strong>pas interrompre le traitement par eux-m\u00eames<\/strong>, mais de consulter un <a href=\"https:\/\/actu.fr\/tag\/medecins\" target=\"_blank\" rel=\"noopener\">m\u00e9decin<\/a> qui pourra prescrire un autre antid\u00e9presseur sous ordonnance.<\/p>\n<blockquote class=\"ac-article-quote wall-content\">\n<p>L&rsquo;arr\u00eat brutal [du traitement] peut en effet repr\u00e9senter un risque plus important que l&rsquo;exposition aux impuret\u00e9s nitrosamines susceptibles d\u2019\u00eatre pr\u00e9sentes.\u00a0<\/p>\n<p>    <strong>ANSM<\/strong><br \/>\n        L&rsquo;Agence nationale de s\u00e9curit\u00e9 du m\u00e9dicament et des produits de sant\u00e9    <\/p><\/blockquote>\n<p>Production suspendue depuis mars\u00a02025<\/p>\n<p class=\" wall-content\">La production de Ludiomil et sa distribution avaient d\u2019ores et d\u00e9j\u00e0 \u00e9t\u00e9<strong> suspendues depuis fin mars\u00a02025<\/strong> dans l\u2019attente d\u2019une confirmation, tomb\u00e9e fin juin\u2009: \u00ab\u2009la pr\u00e9sence d\u2019impuret\u00e9s de type nitrosamine \u00e0 des taux sup\u00e9rieurs aux normes fix\u00e9es par les autorit\u00e9s <a href=\"https:\/\/actu.fr\/tag\/europe\" target=\"_blank\" rel=\"noopener\">europ\u00e9ennes\u2009\u00bb<\/a>.<\/p>\n<p class=\" wall-content\">Les nitrosamines sont \u00ab\u2009class\u00e9es<strong> canc\u00e9rog\u00e8nes probables pour l\u2019homme<\/strong> par le <a href=\"https:\/\/www.iarc.who.int\/fr\/a-propos-du-circ\/\" target=\"_blank\" rel=\"noopener\">Centre international de recherche sur le cancer<\/a> (CIRC)\u2009\u00bb, a pr\u00e9cis\u00e9 l\u2019ANSM \u00e0 l\u2019AFP. Ce classement repose \u00ab\u2009principalement sur des \u00e9tudes <a href=\"https:\/\/actu.fr\/tag\/animaux\" target=\"_blank\" rel=\"noopener\">animales<\/a>, sugg\u00e9rant qu\u2019une exposition prolong\u00e9e \u00e0 des concentrations \u00e9lev\u00e9es pourrait augmenter le risque de <a href=\"https:\/\/actu.fr\/societe\/le-nombre-de-cancers-du-foie-pourrait-doubler-d-ici-25-ans-en-france-mais-on-peut-encore-eviter-le-pire_62969656.html\" target=\"_blank\" rel=\"noopener\">cancer<\/a>\u2009\u00bb, fait encore savoir l\u2019Agence du m\u00e9dicament.<\/p>\n<p class=\" wall-content\">Les lots de Ludiomil sont donc \u00ab\u2009rappel\u00e9s et ce m\u00e9dicament ne sera d\u00e9sormais <strong>plus disponible\u2009\u00bb dans l\u2019imm\u00e9diat.<\/strong> La mise \u00e0 disposition de nouveaux lots \u00ab\u2009est attendue au mieux pour la\u00a0fin d\u2019ann\u00e9e 2026\u2009\u00bb, pr\u00e9cise encore l\u2019ANSM.<\/p>\n<p class=\" wall-content\">Source\u2009: AFP.<\/p>\n<p class=\" wall-content\">Suivez toute l\u2019actualit\u00e9 de vos villes et m\u00e9dias favoris en vous inscrivant \u00e0 <a href=\"https:\/\/moncompte.actu.fr\" title=\"D\u00e9couvez Mon Actu\" rel=\"nofollow noopener\" data-trk=\"{&quot;cta&quot;:{&quot;action&quot;:&quot;https:\\\/\\\/moncompte.actu.fr&quot;,&quot;category&quot;:&quot;mon compte&quot;,&quot;from&quot;:&quot;article footer&quot;,&quot;name&quot;:&quot;Mon actu&quot;,&quot;type&quot;:&quot;cta&quot;}}\" target=\"_blank\">Mon Actu<\/a>.<\/p>\n","protected":false},"excerpt":{"rendered":"Par R\u00e9daction Actu Publi\u00e9 le 30 juil. 2025 \u00e0 10h51 Mardi 29\u00a0juillet 2025, l\u2019Agence nationale de s\u00e9curit\u00e9 du&hellip;\n","protected":false},"author":2,"featured_media":285557,"comment_status":"","ping_status":"","sticky":false,"template":"","format":"standard","meta":{"footnotes":""},"categories":[10],"tags":[101,1011,27,72,1720,71,104],"class_list":{"0":"post-285556","1":"post","2":"type-post","3":"status-publish","4":"format-standard","5":"has-post-thumbnail","7":"category-sante","8":"tag-cancer","9":"tag-fr","10":"tag-france","11":"tag-health","12":"tag-rappel-de-produits","13":"tag-sante","14":"tag-societe"},"share_on_mastodon":{"url":"https:\/\/pubeurope.com\/@fr\/114945137327996727","error":""},"_links":{"self":[{"href":"https:\/\/www.europesays.com\/fr\/wp-json\/wp\/v2\/posts\/285556","targetHints":{"allow":["GET"]}}],"collection":[{"href":"https:\/\/www.europesays.com\/fr\/wp-json\/wp\/v2\/posts"}],"about":[{"href":"https:\/\/www.europesays.com\/fr\/wp-json\/wp\/v2\/types\/post"}],"author":[{"embeddable":true,"href":"https:\/\/www.europesays.com\/fr\/wp-json\/wp\/v2\/users\/2"}],"replies":[{"embeddable":true,"href":"https:\/\/www.europesays.com\/fr\/wp-json\/wp\/v2\/comments?post=285556"}],"version-history":[{"count":0,"href":"https:\/\/www.europesays.com\/fr\/wp-json\/wp\/v2\/posts\/285556\/revisions"}],"wp:featuredmedia":[{"embeddable":true,"href":"https:\/\/www.europesays.com\/fr\/wp-json\/wp\/v2\/media\/285557"}],"wp:attachment":[{"href":"https:\/\/www.europesays.com\/fr\/wp-json\/wp\/v2\/media?parent=285556"}],"wp:term":[{"taxonomy":"category","embeddable":true,"href":"https:\/\/www.europesays.com\/fr\/wp-json\/wp\/v2\/categories?post=285556"},{"taxonomy":"post_tag","embeddable":true,"href":"https:\/\/www.europesays.com\/fr\/wp-json\/wp\/v2\/tags?post=285556"}],"curies":[{"name":"wp","href":"https:\/\/api.w.org\/{rel}","templated":true}]}}