{"id":285560,"date":"2025-07-31T01:00:17","date_gmt":"2025-07-31T01:00:17","guid":{"rendered":"https:\/\/www.europesays.com\/fr\/285560\/"},"modified":"2025-07-31T01:00:17","modified_gmt":"2025-07-31T01:00:17","slug":"julien-arnaud-fait-ses-adieux-a-france-televisions-plus-tot-que-prevu","status":"publish","type":"post","link":"https:\/\/www.europesays.com\/fr\/285560\/","title":{"rendered":"Julien Arnaud fait ses adieux \u00e0 France T\u00e9l\u00e9visions plus t\u00f4t que pr\u00e9vu"},"content":{"rendered":"<p>                             Par Benoit Narbonne<\/p>\n<p>                Le 30 juillet 2025 \u00e0 18h15<\/p>\n<p>    Julien Arnaud<br \/>\n                Delphine GHOSAROSSIAN &#8211; France T\u00e9l\u00e9visions<\/p>\n<p>L\u2019ancien pr\u00e9sentateur de \u00abT\u00e9l\u00e9matin\u00bb et joker d\u2019Anne-Sophie Lapix quittera le service public dans les prochains jours pour rejoindre BFMTV.<\/p>\n<p class=\"fig-paragraph\">Il n\u2019aura fait qu\u2019un passage \u00e9clair sur France 2. Apr\u00e8s avoir dit au revoir \u00e0 \u00ab<a href=\"https:\/\/tvmag.lefigaro.fr\/programme-tv\/programme\/telematin-f275746025\" target=\"_blank\" rel=\"sponsored noopener nofollow\" data-gtm-custom-categorie=\"navigation\" data-gtm-custom-action=\"crossclick\" data-gtm-custom-label=\"Contextuel\" data-gtm-event=\"customEventSPE\">T\u00e9l\u00e9matin<\/a>\u00bb, c\u2019est au journal de 20H que\u00a0<a href=\"https:\/\/www.lefigaro.fr\/tag\/julien-arnaud\" target=\"_blank\" rel=\"sponsored noopener nofollow\" data-gtm-custom-categorie=\"navigation\" data-gtm-custom-action=\"crossclick\" data-gtm-custom-label=\"Contextuel\" data-gtm-event=\"customEventSPE\">Julien Arnaud<\/a>\u00a0va faire ses adieux. D\u00e9bauch\u00e9 de TF1 la saison derni\u00e8re pour animer la matinale de la Deux avec Flavie Flamand et pour \u00eatre le\u00a0<a href=\"http:\/\/tvmag.lefigaro.fr\/programme-tv\/actu-tele\/julien-arnaud-nouveau-joker-d-anne-sophie-lapix-au-jt-de-20-heures-sur-france-2-20241009\" data-fig-type=\"Article\" data-gtm-custom-categorie=\"navigation\" data-gtm-custom-action=\"crossclick\" data-gtm-custom-label=\"Contextuel\" data-gtm-event=\"customEventSPE\" data-fig-domain=\"TVMAG\" rel=\"nofollow noopener\" target=\"_blank\">Joker d\u2019Anne-Sophie Lapix<\/a>, le pr\u00e9sentateur quitte d\u00e9j\u00e0 le service public pour\u00a0<a href=\"http:\/\/tvmag.lefigaro.fr\/programme-tv\/actu-tele\/julien-arnaud-claque-la-porte-de-france-2-pour-rejoindre-bfmtv-20250708\" data-fig-type=\"Article\" data-gtm-custom-categorie=\"navigation\" data-gtm-custom-action=\"crossclick\" data-gtm-custom-label=\"Contextuel\" data-gtm-event=\"customEventSPE\" data-fig-domain=\"TVMAG\" rel=\"nofollow noopener\" target=\"_blank\">BFMTV<\/a>.<\/p>\n<p class=\"fig-paragraph\">Une d\u00e9cision notamment motiv\u00e9e par<a href=\"http:\/\/tvmag.lefigaro.fr\/programme-tv\/actu-tele\/telematin-flavie-flament-et-julien-arnaud-ecartes-maya-lauque-et-damien-thevenot-pressentis-pour-les-remplacer-20250702\" data-fig-type=\"NewsFlash\" data-gtm-custom-categorie=\"navigation\" data-gtm-custom-action=\"crossclick\" data-gtm-custom-label=\"Contextuel\" data-gtm-event=\"customEventSPE\" data-fig-domain=\"TVMAG\" rel=\"nofollow noopener\" target=\"_blank\">\u00a0son \u00e9viction, et celle de sa copr\u00e9sentatrice de \u00abT\u00e9l\u00e9matin\u00bb\u00a0<\/a>la saison prochaine. Ils seront remplac\u00e9s par\u00a0<a href=\"http:\/\/tvmag.lefigaro.fr\/programme-tv\/actu-tele\/telematin-flavie-flament-et-julien-arnaud-ecartes-maya-lauque-et-damien-thevenot-pressentis-pour-les-remplacer-20250702\" target=\"_blank\" data-fig-type=\"NewsFlash\" rel=\"noopener nofollow\" data-gtm-custom-categorie=\"navigation\" data-gtm-custom-action=\"crossclick\" data-gtm-custom-label=\"Contextuel\" data-gtm-event=\"customEventSPE\" data-fig-domain=\"TVMAG\">Maya Lauqu\u00e9 et Damien Th\u00e9venot,<\/a>\u00a0bin\u00f4me qui \u00e9tait aux commandes de l\u2019\u00e9mission le week-end.<\/p>\n<p class=\"fig-body-link\">\n            \u00c0 lire aussi<br \/>\n        <a class=\"fig-body-link__link\" href=\"http:\/\/tvmag.lefigaro.fr\/programme-tv\/actu-tele\/vivement-la-privatisation-du-service-public-le-salaire-de-lea-salame-au-20-heures-de-france-2-revele-fait-reagir-20250724\" data-fig-type=\"Article\" data-gtm-custom-categorie=\"navigation\" data-gtm-custom-action=\"crossclick\" data-gtm-custom-label=\"Contextuel\" data-gtm-event=\"customEventSPE\" data-fig-domain=\"TVMAG\" rel=\"nofollow noopener\" target=\"_blank\">\u00abVivement la privatisation du service public\u00bb\u00a0: le salaire de L\u00e9a Salam\u00e9 au \u00ab20 Heures\u00bb de France 2 fait r\u00e9agir<br \/>\n    <\/a>\n<\/p>\n<p>                                    <a class=\"fig-a11y-skip a11y-hidden\" href=\"#fig-a11y-skip-main-inarticle\"><br \/>\n        Passer la publicit\u00e9<br \/>\n    <\/a><\/p>\n<p class=\"fig-paragraph\">Aux commandes du 20H depuis le 14 juillet, il quittera son poste au cours de l\u2019\u00e9t\u00e9. Selon le journaliste d\u2019ICI ( ex-France Bleu) Nicolas Malboeuf, Julien Arnaud pr\u00e9sentera son dernier journal le jeudi 7 ao\u00fbt.\u00a0Il s\u2019agit d\u2019un d\u00e9part anticip\u00e9, le journaliste devait initialement rester en poste jusqu\u2019\u00e0 la fin de la saison estivale.<\/p>\n<p>Un d\u00e9part pour pr\u00e9parer sa rentr\u00e9e<\/p>\n<p class=\"fig-paragraph\">Dans une interview accord\u00e9e au\u00a0<a href=\"https:\/\/www.leparisien.fr\/culture-loisirs\/tv\/cest-la-vie-de-la-tele-evince-de-telematin-julien-arnaud-rejoint-bfmtv-a-la-rentree-08-07-2025-U54AS45D2BDUDIKXQCJVJ4PRQ4.php\" target=\"_blank\" rel=\"sponsored noopener nofollow\" data-gtm-custom-categorie=\"navigation\" data-gtm-custom-action=\"crossclick\" data-gtm-custom-label=\"Contextuel\" data-gtm-event=\"customEventSPE\">Parisien<\/a> \u00a0le 8 juillet, il avait d\u00e9j\u00e0 laiss\u00e9 entendre qu\u2019il pourrait partir avant la fin de l\u2019\u00e9t\u00e9, afin de pr\u00e9parer sereinement sa rentr\u00e9e. \u00ab Je ne suis pas s\u00fbr d\u2019\u00eatre l\u00e0 tout l\u2019\u00e9t\u00e9 comme pr\u00e9vu initialement. Mon d\u00e9but de vacances ayant \u00e9t\u00e9 un peu agit\u00e9, il faudra que je souffle un peu avant d\u2019attaquer la rentr\u00e9e sur BFMTV \u00bb, expliquait-il.<\/p>\n<p class=\"fig-paragraph\">Son arriv\u00e9e sur la cha\u00eene d\u2019information du groupe CMA-CGM est pr\u00e9vue pour le 25 ao\u00fbt. Il y prendra en charge la tranche 10H-12H en semaine, et participera aux grandes soir\u00e9es politiques aux c\u00f4t\u00e9s d\u2019Apolline de Malherbe et Maxime Switek.<\/p>\n<p class=\"fig-paragraph\">Malgr\u00e9 ce d\u00e9part rapide de France 2, le journaliste garde un bon souvenir de son exp\u00e9rience. \u00ab C\u2019\u00e9tait un passage court mais magnifique. J\u2019y ai \u00e9t\u00e9 tr\u00e8s heureux. C\u2019\u00e9tait une \u00e9tape importante de ma vie professionnelle apr\u00e8s vingt-sept ans \u00e0 TF1. J\u2019esp\u00e8re d\u2019ailleurs que \u201cT\u00e9l\u00e9matin\u201d continuera encore longtemps, et je souhaite le meilleur \u00e0 ses futurs animateurs.\u00bb d\u00e9clarait-il \u00e0 nos confr\u00e8res.<\/p>\n<p class=\"fig-paragraph\">Le 20H n\u2019est pas laiss\u00e9 \u00e0 l\u2019abandon. En semaine, c\u2019est Sonia Chironi qui assurera l\u2019int\u00e9rim le reste de l\u2019\u00e9t\u00e9 avant l\u2019arriv\u00e9e de\u00a0<a href=\"http:\/\/tvmag.lefigaro.fr\/programme-tv\/actu-tele\/il-fait-froid-et-on-se-sent-tres-seule-les-premiers-pas-de-lea-salame-sur-le-plateau-du-20-heures-de-france-2-20250708\" data-fig-type=\"Article\" data-gtm-custom-categorie=\"navigation\" data-gtm-custom-action=\"crossclick\" data-gtm-custom-label=\"Contextuel\" data-gtm-event=\"customEventSPE\" data-fig-domain=\"TVMAG\" rel=\"nofollow noopener\" target=\"_blank\">L\u00e9a Salam\u00e9 \u00e0 la rentr\u00e9e<\/a>. Les \u00e9ditions du week-end seront, elles, confi\u00e9es \u00e0 Julien Benedetto, visage connu des t\u00e9l\u00e9spectateurs de France Info.<\/p>\n","protected":false},"excerpt":{"rendered":"Par Benoit Narbonne Le 30 juillet 2025 \u00e0 18h15 Julien Arnaud Delphine GHOSAROSSIAN &#8211; France T\u00e9l\u00e9visions L\u2019ancien pr\u00e9sentateur&hellip;\n","protected":false},"author":2,"featured_media":285561,"comment_status":"","ping_status":"","sticky":false,"template":"","format":"standard","meta":{"footnotes":""},"categories":[8],"tags":[58,59,1011,27,23339,594],"class_list":{"0":"post-285560","1":"post","2":"type-post","3":"status-publish","4":"format-standard","5":"has-post-thumbnail","7":"category-divertissement","8":"tag-divertissement","9":"tag-entertainment","10":"tag-fr","11":"tag-france","12":"tag-france-television","13":"tag-france-2"},"share_on_mastodon":{"url":"https:\/\/pubeurope.com\/@fr\/114945145201818345","error":""},"_links":{"self":[{"href":"https:\/\/www.europesays.com\/fr\/wp-json\/wp\/v2\/posts\/285560","targetHints":{"allow":["GET"]}}],"collection":[{"href":"https:\/\/www.europesays.com\/fr\/wp-json\/wp\/v2\/posts"}],"about":[{"href":"https:\/\/www.europesays.com\/fr\/wp-json\/wp\/v2\/types\/post"}],"author":[{"embeddable":true,"href":"https:\/\/www.europesays.com\/fr\/wp-json\/wp\/v2\/users\/2"}],"replies":[{"embeddable":true,"href":"https:\/\/www.europesays.com\/fr\/wp-json\/wp\/v2\/comments?post=285560"}],"version-history":[{"count":0,"href":"https:\/\/www.europesays.com\/fr\/wp-json\/wp\/v2\/posts\/285560\/revisions"}],"wp:featuredmedia":[{"embeddable":true,"href":"https:\/\/www.europesays.com\/fr\/wp-json\/wp\/v2\/media\/285561"}],"wp:attachment":[{"href":"https:\/\/www.europesays.com\/fr\/wp-json\/wp\/v2\/media?parent=285560"}],"wp:term":[{"taxonomy":"category","embeddable":true,"href":"https:\/\/www.europesays.com\/fr\/wp-json\/wp\/v2\/categories?post=285560"},{"taxonomy":"post_tag","embeddable":true,"href":"https:\/\/www.europesays.com\/fr\/wp-json\/wp\/v2\/tags?post=285560"}],"curies":[{"name":"wp","href":"https:\/\/api.w.org\/{rel}","templated":true}]}}