{"id":285568,"date":"2025-07-31T01:04:14","date_gmt":"2025-07-31T01:04:14","guid":{"rendered":"https:\/\/www.europesays.com\/fr\/285568\/"},"modified":"2025-07-31T01:04:14","modified_gmt":"2025-07-31T01:04:14","slug":"meurtre-de-louise-les-parents-du-suspect-mis-en-examen-pour-non-denonciation-de-crime-actualites","status":"publish","type":"post","link":"https:\/\/www.europesays.com\/fr\/285568\/","title":{"rendered":"Meurtre de Louise: les parents du suspect mis en examen pour non-d\u00e9nonciation de crime : Actualit\u00e9s"},"content":{"rendered":"<p class=\"lead \">Les deux parents de l&rsquo;homme suspect\u00e9 d&rsquo;avoir poignard\u00e9 \u00e0 mort Louise, onze ans, d\u00e9but f\u00e9vrier \u00e0 Epinay-sur-Orge (Essonne), ont \u00e9t\u00e9 mis en examen mercredi pour non-d\u00e9nonciation de crime, destruction de document ou objet et subornation de t\u00e9moin, a indiqu\u00e9 dans un communiqu\u00e9 le procureur de la R\u00e9publique d\u2019\u00c9vry Gr\u00e9goire Dulin. <\/p>\n<p class=\"lead \">\u00ab\u00a0Les deux magistrats instructeurs ont proc\u00e9d\u00e9 ce jour \u00e0 la mise en examen des parents \u00e2g\u00e9s de 49 et 48 ans de l&rsquo;auteur pr\u00e9sum\u00e9 des faits\u00a0\u00bb, a indiqu\u00e9 M. Dulin, pr\u00e9cisant que \u00ab\u00a0les int\u00e9ress\u00e9s, qui ont choisi de garder le silence lors de leur interrogatoire de premi\u00e8re comparution, ont \u00e9t\u00e9 plac\u00e9s sous contr\u00f4le judiciaire\u00a0\u00bb. <\/p>\n<p class=\"lead \">Disparue \u00e0 la sortie de ses cours le 7 f\u00e9vrier, Louise avait \u00e9t\u00e9 retrouv\u00e9e assassin\u00e9e dans un bois \u00e0 Longjumeau, \u00e0 quelques centaines de m\u00e8tres de son coll\u00e8ge d&rsquo;Epinay-sur-Orge. <\/p>\n<p class=\"lead \">Le principal suspect, un homme de 23 ans, avait \u00e9t\u00e9 mis en examen pour meurtre sur mineure de moins de 15 ans et plac\u00e9 en d\u00e9tention provisoire.<\/p>\n<p class=\"lead \">Les deux parents, qui avaient \u00e9t\u00e9 plac\u00e9s en garde \u00e0 vue en f\u00e9vrier pour non-d\u00e9nonciation de crime, avaient alors assur\u00e9 ne jamais avoir eu connaissance de l&rsquo;implication de leur fils dans la mort de Louise. <\/p>\n<p class=\"lead \">Leur fils avait lui reconnu les faits lors de sa garde \u00e0 vue, apr\u00e8s avoir ni\u00e9 pendant les 24 premi\u00e8res heures. <\/p>\n<p class=\"lead \">Le suspect avait expliqu\u00e9 avoir crois\u00e9 en d\u00e9but d&rsquo;apr\u00e8s-midi Louise, \u00e9l\u00e8ve au coll\u00e8ge d&rsquo;Epinay-sur-Orge qui portait son portable autour du cou, et avoir d\u00e9cid\u00e9 de la suivre. Il l&rsquo;avait attir\u00e9e dans le bois des Templiers, en pr\u00e9textant avoir perdu un objet.<\/p>\n<p class=\"lead \">\u00ab\u00a0Arriv\u00e9 dans un coin tranquille\u00a0\u00bb, il lui avait dit qu&rsquo;il allait \u00ab\u00a0fouiller ses affaires pour lui voler de l&rsquo;argent en la mena\u00e7ant avec un couteau\u00a0\u00bb, avait d\u00e9taill\u00e9 M. Dulin lors d&rsquo;une conf\u00e9rence de presse. <\/p>\n<p class=\"lead \">Elle s&rsquo;\u00e9tait mise \u00ab\u00a0\u00e0 crier\u00a0\u00bb alors qu&rsquo;il voulait fouiller son sac, avait poursuivi le magistrat. \u00ab\u00a0Paniqu\u00e9 par ses cris\u00a0\u00bb, le jeune homme l&rsquo;a fait \u00ab\u00a0tomber \u00e0 terre\u00a0\u00bb et lui a port\u00e9 \u00ab\u00a0plusieurs coups de couteau\u00a0\u00bb.<\/p>\n<p class=\"lead \">Le 4 f\u00e9vrier, le suspect, \u00e9tudiant en BTS informatique, avait d\u00e9j\u00e0 abord\u00e9 une coll\u00e9gienne dans le m\u00eame secteur, tentant de \u00ab\u00a0se calmer\u00a0\u00bb apr\u00e8s une altercation lors d&rsquo;une partie du jeu vid\u00e9o en ligne \u00ab\u00a0Fortnite\u00a0\u00bb. <\/p>\n<p class=\"lead \">Sa petite amie, \u00e9galement \u00e2g\u00e9e de 23 ans, a \u00e9galement \u00e9t\u00e9 mise en examen pour non-d\u00e9nonciation de crime et plac\u00e9e sous contr\u00f4le judiciaire. <\/p>\n<p class=\"small font-weight-bold text-gray3 \"> publi\u00e9 le 30 juillet \u00e0 22h48, AFP<\/p>\n<p>                             Partager<\/p>\n","protected":false},"excerpt":{"rendered":"Les deux parents de l&rsquo;homme suspect\u00e9 d&rsquo;avoir poignard\u00e9 \u00e0 mort Louise, onze ans, d\u00e9but f\u00e9vrier \u00e0 Epinay-sur-Orge (Essonne),&hellip;\n","protected":false},"author":2,"featured_media":285569,"comment_status":"","ping_status":"","sticky":false,"template":"","format":"standard","meta":{"footnotes":""},"categories":[4],"tags":[11,1719,1769,1011,27,2683,12,25],"class_list":{"0":"post-285568","1":"post","2":"type-post","3":"status-publish","4":"format-standard","5":"has-post-thumbnail","7":"category-france","8":"tag-actualites","9":"tag-enfants","10":"tag-enqute","11":"tag-fr","12":"tag-france","13":"tag-homicide","14":"tag-news","15":"tag-republique-francaise"},"share_on_mastodon":{"url":"https:\/\/pubeurope.com\/@fr\/114945160904832424","error":""},"_links":{"self":[{"href":"https:\/\/www.europesays.com\/fr\/wp-json\/wp\/v2\/posts\/285568","targetHints":{"allow":["GET"]}}],"collection":[{"href":"https:\/\/www.europesays.com\/fr\/wp-json\/wp\/v2\/posts"}],"about":[{"href":"https:\/\/www.europesays.com\/fr\/wp-json\/wp\/v2\/types\/post"}],"author":[{"embeddable":true,"href":"https:\/\/www.europesays.com\/fr\/wp-json\/wp\/v2\/users\/2"}],"replies":[{"embeddable":true,"href":"https:\/\/www.europesays.com\/fr\/wp-json\/wp\/v2\/comments?post=285568"}],"version-history":[{"count":0,"href":"https:\/\/www.europesays.com\/fr\/wp-json\/wp\/v2\/posts\/285568\/revisions"}],"wp:featuredmedia":[{"embeddable":true,"href":"https:\/\/www.europesays.com\/fr\/wp-json\/wp\/v2\/media\/285569"}],"wp:attachment":[{"href":"https:\/\/www.europesays.com\/fr\/wp-json\/wp\/v2\/media?parent=285568"}],"wp:term":[{"taxonomy":"category","embeddable":true,"href":"https:\/\/www.europesays.com\/fr\/wp-json\/wp\/v2\/categories?post=285568"},{"taxonomy":"post_tag","embeddable":true,"href":"https:\/\/www.europesays.com\/fr\/wp-json\/wp\/v2\/tags?post=285568"}],"curies":[{"name":"wp","href":"https:\/\/api.w.org\/{rel}","templated":true}]}}