{"id":285580,"date":"2025-07-31T01:18:18","date_gmt":"2025-07-31T01:18:18","guid":{"rendered":"https:\/\/www.europesays.com\/fr\/285580\/"},"modified":"2025-07-31T01:18:18","modified_gmt":"2025-07-31T01:18:18","slug":"echirolles-le-forum-des-sports-et-des-associations-cest-le-6-septembre","status":"publish","type":"post","link":"https:\/\/www.europesays.com\/fr\/285580\/","title":{"rendered":"\u00c9chirolles. Le forum des sports et des associations, c\u2019est le 6\u00a0septembre"},"content":{"rendered":"<p>Le rendez-vous de la rentr\u00e9e est \u00e0 noter dans l\u2019agenda. Le <a href=\"https:\/\/www.ledauphine.com\/sport\/2024\/09\/07\/de-nombreux-visiteurs-presents-au-forum-des-sports-et-des-associations\" target=\"_blank\" rel=\"noopener\">forum des sports<\/a> et des associations d\u2019\u00c9chirolles se tiendra le samedi 6\u00a0septembre de 9\u00a0h\u00a030 \u00e0 17 heures, \u00e0 la salle des f\u00eates et au gymnase Croix-de-V\u00e9rines (tous deux accol\u00e9s). L\u2019occasion de d\u00e9couvrir les associations sportives, culturelles et citoyennes et de participer \u00e0 des animations et d\u00e9monstrations. Des articles de seconde main seront \u00e9galement propos\u00e9s.<\/p>\n<p class=\"note\">Samedi 6\u00a0septembre de 9\u00a0h\u00a030 \u00e0 17 heures, au\u00a021 et 23 avenue du 8-Mai-1945 \u00e0 \u00c9chirolles.<\/p>\n","protected":false},"excerpt":{"rendered":"Le rendez-vous de la rentr\u00e9e est \u00e0 noter dans l\u2019agenda. Le forum des sports et des associations d\u2019\u00c9chirolles&hellip;\n","protected":false},"author":2,"featured_media":285581,"comment_status":"","ping_status":"","sticky":false,"template":"","format":"standard","meta":{"footnotes":""},"categories":[9566],"tags":[1111,11,2430,9852,9853,112,1777,674,1011,27,2731,108,12,25,104,1631],"class_list":{"0":"post-285580","1":"post","2":"type-post","3":"status-publish","4":"format-standard","5":"has-post-thumbnail","7":"category-grenoble","8":"tag-actu","9":"tag-actualites","10":"tag-auvergne-rhone-alpes","11":"tag-echirolles","12":"tag-echirolles-bassin","13":"tag-edition-grenoble-agglomeration","14":"tag-eu","15":"tag-europe","16":"tag-fr","17":"tag-france","18":"tag-grenoble","19":"tag-isere","20":"tag-news","21":"tag-republique-francaise","22":"tag-societe","23":"tag-vie-associative"},"share_on_mastodon":{"url":"https:\/\/pubeurope.com\/@fr\/114945215945567018","error":""},"_links":{"self":[{"href":"https:\/\/www.europesays.com\/fr\/wp-json\/wp\/v2\/posts\/285580","targetHints":{"allow":["GET"]}}],"collection":[{"href":"https:\/\/www.europesays.com\/fr\/wp-json\/wp\/v2\/posts"}],"about":[{"href":"https:\/\/www.europesays.com\/fr\/wp-json\/wp\/v2\/types\/post"}],"author":[{"embeddable":true,"href":"https:\/\/www.europesays.com\/fr\/wp-json\/wp\/v2\/users\/2"}],"replies":[{"embeddable":true,"href":"https:\/\/www.europesays.com\/fr\/wp-json\/wp\/v2\/comments?post=285580"}],"version-history":[{"count":0,"href":"https:\/\/www.europesays.com\/fr\/wp-json\/wp\/v2\/posts\/285580\/revisions"}],"wp:featuredmedia":[{"embeddable":true,"href":"https:\/\/www.europesays.com\/fr\/wp-json\/wp\/v2\/media\/285581"}],"wp:attachment":[{"href":"https:\/\/www.europesays.com\/fr\/wp-json\/wp\/v2\/media?parent=285580"}],"wp:term":[{"taxonomy":"category","embeddable":true,"href":"https:\/\/www.europesays.com\/fr\/wp-json\/wp\/v2\/categories?post=285580"},{"taxonomy":"post_tag","embeddable":true,"href":"https:\/\/www.europesays.com\/fr\/wp-json\/wp\/v2\/tags?post=285580"}],"curies":[{"name":"wp","href":"https:\/\/api.w.org\/{rel}","templated":true}]}}