{"id":285582,"date":"2025-07-31T01:19:29","date_gmt":"2025-07-31T01:19:29","guid":{"rendered":"https:\/\/www.europesays.com\/fr\/285582\/"},"modified":"2025-07-31T01:19:29","modified_gmt":"2025-07-31T01:19:29","slug":"ces-six-groupes-de-musique-montent-le-son-au-parc-thabor-de-rennes-le-30-juillet","status":"publish","type":"post","link":"https:\/\/www.europesays.com\/fr\/285582\/","title":{"rendered":"Ces six groupes de musique montent le son au parc Thabor de Rennes, le 30 juillet"},"content":{"rendered":"<p>Six groupes du festival Folks Blues, dont cinq formations australiennes, se produisent mercredi 30 juillet \u00e0 Rennes (Ille-et-Vilaine).<\/p>\n<p>Quelques jours apr\u00e8s le <a target=\"_self\" href=\"https:\/\/saint-brieuc.maville.com\/actu\/actudet_--l-edition-la-plus-aboutie-binic-folks-blues-devient-incontournable-en-cotes-d-armor-_5-6915603_actu.Htm\" rel=\"noopener\">Binic Folks Blues Festival,<\/a> grand moment rock sur le port de Binic-\u00c9tables-sur-Mer (C\u00f4tes-d\u2019Armor), une partie des groupes se pose \u00e0 Rennes (Ille-et-Vilaine) le temps d\u2019une soir\u00e9e.<\/p>\n<p>La moiti\u00e9 des formations programm\u00e9es au festival \u00e9taient australiennes, la proportion d\u2019artistes des antipodes est encore plus forte. Seul le groupe de Seattle (Etats-Unis) Acid Tongue, dont le rock garage psych\u00e9d\u00e9lique a \u00e9t\u00e9 fort appr\u00e9ci\u00e9 au festival, d\u00e9tonne.<\/p>\n<p>La Beast Binic Summer Fest porte bien son nom, r\u00e9f\u00e9rence au festival mais aussi au label rennais Beast Records, qui \u00e9dite pour l\u2019Europe les productions de la quasi-totalit\u00e9 de ces groupes. Le rendez-vous dans la capitale bretonne est une session de rattrapage pour ceux qui n\u2019avaient pu se d\u00e9placer.<\/p>\n<p><strong> \u00ab\u00a0Bisous, bisous, bisous\u00a0\u00bb<\/strong><\/p>\n<p>Ainsi, le concert de Public House, nouveau projet de Wolfgang Buckley, chanteur des cultissimes Stiff Richards, a \u00e9t\u00e9 le grand moment de la premi\u00e8re soir\u00e9e du festival. Le quartet y donnait son premier concert europ\u00e9en. L\u2019impressionnant moustachu a fini en adressant des<strong> \u00ab\u00a0bisous, bisous, bisous\u00a0\u00bb <\/strong>au public. On peut avoir tr\u00e8s envie de r\u00e9entendre cette voix charismatique, et la puissance exaltante de l\u2019essence du punk rock australien.<\/p>\n<p>Depuis que le festival a accueilli le duo britannique Sleaford Mods en 2019, les musiques \u00e0 base \u00e9lectronique y ont droit de cit\u00e9. Les performances de Hot Tubs Time Machine et Our Carlson ont divis\u00e9, certains les trouvant stimulantes, d\u2019autres hors sujet. Les deux formations feront-elles plus consensus\u00a0? Le quartet psych\u00e9-garage Bad Bangs et le blues punk \u00e9prouv\u00e9 St Morris Sinners, ce dernier groupe bien connu des adeptes du rendez-vous, n\u2019auront pas ce probl\u00e8me. Leur musique, \u00e0 la fois famili\u00e8re et personnelle, porte toutes les marques ADN du festival.<\/p>\n<p><a target=\"_self\" href=\"https:\/\/my.weezevent.com\/beast-binic-summer-fest-2025\" rel=\"noopener\">Beast Binic Summer Fest,<\/a> mercredi 30\u00a0juillet, \u00e0 partir de 18\u00a0h\u00a030, au parc du Thabor \u00e0 Rennes. Prix libre\u00a0: 5\u00a0\u20ac minimum.<\/p>\n<p>\u00a0<\/p>\n","protected":false},"excerpt":{"rendered":"Six groupes du festival Folks Blues, dont cinq formations australiennes, se produisent mercredi 30 juillet \u00e0 Rennes (Ille-et-Vilaine).&hellip;\n","protected":false},"author":2,"featured_media":285583,"comment_status":"","ping_status":"","sticky":false,"template":"","format":"standard","meta":{"footnotes":""},"categories":[2821],"tags":[11045,1111,11,829,1777,674,1011,27,23198,2868,9370,873,12,153,584,25,3781],"class_list":{"0":"post-285582","1":"post","2":"type-post","3":"status-publish","4":"format-standard","5":"has-post-thumbnail","7":"category-rennes","8":"tag-11045","9":"tag-actu","10":"tag-actualites","11":"tag-bretagne","12":"tag-eu","13":"tag-europe","14":"tag-fr","15":"tag-france","16":"tag-groupes","17":"tag-juillet","18":"tag-montent","19":"tag-musique","20":"tag-news","21":"tag-parc","22":"tag-rennes","23":"tag-republique-francaise","24":"tag-thabor"},"share_on_mastodon":{"url":"https:\/\/pubeurope.com\/@fr\/114945219926891853","error":""},"_links":{"self":[{"href":"https:\/\/www.europesays.com\/fr\/wp-json\/wp\/v2\/posts\/285582","targetHints":{"allow":["GET"]}}],"collection":[{"href":"https:\/\/www.europesays.com\/fr\/wp-json\/wp\/v2\/posts"}],"about":[{"href":"https:\/\/www.europesays.com\/fr\/wp-json\/wp\/v2\/types\/post"}],"author":[{"embeddable":true,"href":"https:\/\/www.europesays.com\/fr\/wp-json\/wp\/v2\/users\/2"}],"replies":[{"embeddable":true,"href":"https:\/\/www.europesays.com\/fr\/wp-json\/wp\/v2\/comments?post=285582"}],"version-history":[{"count":0,"href":"https:\/\/www.europesays.com\/fr\/wp-json\/wp\/v2\/posts\/285582\/revisions"}],"wp:featuredmedia":[{"embeddable":true,"href":"https:\/\/www.europesays.com\/fr\/wp-json\/wp\/v2\/media\/285583"}],"wp:attachment":[{"href":"https:\/\/www.europesays.com\/fr\/wp-json\/wp\/v2\/media?parent=285582"}],"wp:term":[{"taxonomy":"category","embeddable":true,"href":"https:\/\/www.europesays.com\/fr\/wp-json\/wp\/v2\/categories?post=285582"},{"taxonomy":"post_tag","embeddable":true,"href":"https:\/\/www.europesays.com\/fr\/wp-json\/wp\/v2\/tags?post=285582"}],"curies":[{"name":"wp","href":"https:\/\/api.w.org\/{rel}","templated":true}]}}