{"id":285590,"date":"2025-07-31T01:23:22","date_gmt":"2025-07-31T01:23:22","guid":{"rendered":"https:\/\/www.europesays.com\/fr\/285590\/"},"modified":"2025-07-31T01:23:22","modified_gmt":"2025-07-31T01:23:22","slug":"ni-alcool-ni-stups-mais-leger-exces-de-vitesse-une-information-judiciaire-ouverte-apres-laccident-mortel-a-nice-est","status":"publish","type":"post","link":"https:\/\/www.europesays.com\/fr\/285590\/","title":{"rendered":"Ni alcool ni stups, mais l\u00e9ger exc\u00e8s de vitesse: une information judiciaire ouverte apr\u00e8s l\u2019accident mortel \u00e0 Nice-Est"},"content":{"rendered":"<p>Le parquet de Nice a ouvert une information judiciaire, ce mercredi 30 juillet, <a href=\"https:\/\/www.nicematin.com\/faits-divers\/un-pieton-meurt-percute-par-une-voiture-a-nice-est-996121\" rel=\"nofollow noopener\" target=\"_blank\">au lendemain de l\u2019accident mortel survenu la veille \u00e0 l\u2019est de la ville,<\/a> \u00e0 la hauteur du 21 boulevard Louis-Braille.<\/p>\n<p>Le jeune automobiliste mis en cause a \u00e9t\u00e9 d\u00e9f\u00e9r\u00e9 en vue d\u2019\u00eatre mis en examen. Le parquet a requis son placement sous contr\u00f4le judiciaire, avec interdiction de conduire.<\/p>\n<p>\u00c2g\u00e9 de 22 ans, il conduisait la voiture qui a percut\u00e9 un homme de 62 ans. Selon la police nationale, ce dernier aurait travers\u00e9 en courant, sur un passage prot\u00e9g\u00e9, afin d\u2019attraper son bus. L\u2019automobiliste d\u00e9passait alors d\u2019environ 10km\/h la vitesse autoris\u00e9e, d\u2019apr\u00e8s les \u00e9l\u00e9ments recueillis par la brigade des accidents et d\u00e9lits routiers (BADR), en charge de l\u2019enqu\u00eate.<\/p>\n<p>Les d\u00e9pistages se sont av\u00e9r\u00e9s n\u00e9gatifs pour l\u2019alcool et les stup\u00e9fiants. Le jeune conducteur, sans ant\u00e9c\u00e9dent judiciaire, avait \u00e9t\u00e9 pris en charge par les sapeurs-pompiers en \u00e9tat de choc, avant d\u2019\u00eatre plac\u00e9 en garde \u00e0 vue. Les pompiers et le SAMU ont tent\u00e9 de r\u00e9animer la victime, sans succ\u00e8s.<\/p>\n","protected":false},"excerpt":{"rendered":"Le parquet de Nice a ouvert une information judiciaire, ce mercredi 30 juillet, au lendemain de l\u2019accident mortel&hellip;\n","protected":false},"author":2,"featured_media":285591,"comment_status":"","ping_status":"","sticky":false,"template":"","format":"standard","meta":{"footnotes":""},"categories":[2819],"tags":[1111,11,1777,674,118,1011,27,303,12,2401,882,25],"class_list":{"0":"post-285590","1":"post","2":"type-post","3":"status-publish","4":"format-standard","5":"has-post-thumbnail","7":"category-nice","8":"tag-actu","9":"tag-actualites","10":"tag-eu","11":"tag-europe","12":"tag-faits-divers","13":"tag-fr","14":"tag-france","15":"tag-justice","16":"tag-news","17":"tag-nice","18":"tag-provence-alpes-cote-dazur","19":"tag-republique-francaise"},"share_on_mastodon":{"url":"https:\/\/pubeurope.com\/@fr\/114945235576120022","error":""},"_links":{"self":[{"href":"https:\/\/www.europesays.com\/fr\/wp-json\/wp\/v2\/posts\/285590","targetHints":{"allow":["GET"]}}],"collection":[{"href":"https:\/\/www.europesays.com\/fr\/wp-json\/wp\/v2\/posts"}],"about":[{"href":"https:\/\/www.europesays.com\/fr\/wp-json\/wp\/v2\/types\/post"}],"author":[{"embeddable":true,"href":"https:\/\/www.europesays.com\/fr\/wp-json\/wp\/v2\/users\/2"}],"replies":[{"embeddable":true,"href":"https:\/\/www.europesays.com\/fr\/wp-json\/wp\/v2\/comments?post=285590"}],"version-history":[{"count":0,"href":"https:\/\/www.europesays.com\/fr\/wp-json\/wp\/v2\/posts\/285590\/revisions"}],"wp:featuredmedia":[{"embeddable":true,"href":"https:\/\/www.europesays.com\/fr\/wp-json\/wp\/v2\/media\/285591"}],"wp:attachment":[{"href":"https:\/\/www.europesays.com\/fr\/wp-json\/wp\/v2\/media?parent=285590"}],"wp:term":[{"taxonomy":"category","embeddable":true,"href":"https:\/\/www.europesays.com\/fr\/wp-json\/wp\/v2\/categories?post=285590"},{"taxonomy":"post_tag","embeddable":true,"href":"https:\/\/www.europesays.com\/fr\/wp-json\/wp\/v2\/tags?post=285590"}],"curies":[{"name":"wp","href":"https:\/\/api.w.org\/{rel}","templated":true}]}}