{"id":285599,"date":"2025-07-31T01:28:17","date_gmt":"2025-07-31T01:28:17","guid":{"rendered":"https:\/\/www.europesays.com\/fr\/285599\/"},"modified":"2025-07-31T01:28:17","modified_gmt":"2025-07-31T01:28:17","slug":"girondins-faissal-mannai-explique-pourquoi-il-a-signe-a-bordeaux","status":"publish","type":"post","link":"https:\/\/www.europesays.com\/fr\/285599\/","title":{"rendered":"Girondins. Fa\u00efssal Manna\u00ef explique pourquoi il a sign\u00e9 \u00e0 Bordeaux"},"content":{"rendered":"<p><img decoding=\"async\" src=\"https:\/\/www.europesays.com\/fr\/wp-content\/uploads\/2025\/07\/671_3f36c1cad693a7c2a561fbd578a4d3fb.jpg\" alt=\"Girondins. Fa\u00efssal Manna\u00ef explique pourquoi il a sign\u00e9 \u00e0 Bordeaux\" class=\"img-responsive mt-3\"\/><\/p>\n<p class=\"text-center mb-3\" style=\"font-size: 14px\">\u00a9 Iconsport<\/p>\n<p>      <strong>\u00ab\u00a0Quand Bordeaux vient te chercher, les arguments ne tiennent plus\u00a0\u00bb<\/strong><\/p>\n<p style=\"text-align: justify;\">Fa\u00efssal Manna\u00ef dans <a href=\"https:\/\/www.sofoot.com\/articles\/faissal-mannai-pouvoir-dire-a-mon-fils-que-jai-joue-pour-bordeaux-cest-beau#goog_rewarded\" target=\"_blank\" rel=\"noopener\">So Foot<\/a> : \u00ab\u00a0Je suis tr\u00e8s fier d\u2019avoir sign\u00e9 dans un club si historique (En provenance de Monastir en Tunisie, NDLR). En tant qu\u2019amoureux de football, quand tu me parles de Bordeaux, je reviens \u00e0 mon adolescence et \u00e0 l\u2019\u00e9pop\u00e9e en Ligue des champions, le titre en Ligue 1 ! Les Girondins, c\u2019est un des plus grands clubs de France. J\u2019ai eu des offres beaucoup plus all\u00e9chantes financi\u00e8rement, mais je n\u2019ai jamais couru derri\u00e8re l\u2019argent, donc ce choix est logique. <\/p>\n<p style=\"text-align: justify;\">Je veux \u00e9crire l\u2019histoire et faire partie d\u2019un groupe qui aidera ce club \u00e0 \u00eatre l\u00e0 o\u00f9 il m\u00e9rite. Je pouvais jouer plus haut en France, et surtout, je ne comptais pas revenir parce que je me sentais bien \u00e0 l\u2019\u00e9tranger. Mais quand Bordeaux vient te chercher, les arguments ne tiennent plus. N2 ou pas, tu fonces. Puis, je sens un club qui me veut, qui fait de son mieux pour m\u2019int\u00e9grer. Qu\u2019est-ce que je peux demander de plus ?\u00a0\u00bb<\/p>\n<p style=\"text-align: justify;\">Bless\u00e9 au poignet (fracture), Fa\u00efssal Manna\u00ef n&rsquo;a toujours pu s&rsquo;entrainer avec le reste du groupe.<\/p>\n<p style=\"text-align: center;\"><img decoding=\"async\" src=\"https:\/\/www.europesays.com\/fr\/wp-content\/uploads\/2025\/07\/haillan.jpg\" alt=\"haillan.jpg (205 KB)\" style=\"width:683px;max-width:100%;\"\/><br \/>F\u00e4ssal Manna\u00ef \u00e0 l&rsquo;entra\u00eenement des Girondins de Bordeaux, juillet 2025 cr\u00e9dit WebGirondins<\/p>\n<p>\u00a0<\/p>\n<p>\u00c0 lire &gt;&gt; <strong><a href=\"https:\/\/www.webgirondins.com\/actualite-girondins-girondins-on-ne-va-pas-tergiverser-il-faut-gagner-les-matchs-a-domicile-pour-monter-129886\" target=\"_blank\" rel=\"noopener\">On ne va pas tergiverser, il faut gagner les matchs \u00e0 domicile pour monter\u00a0\u00bb<\/a><\/strong><\/p>\n<p>Notre podcast court mercato et gardien de but :<\/p>\n<p>\u00a0<\/p>\n<p>\u00a0<\/p>\n","protected":false},"excerpt":{"rendered":"\u00a9 Iconsport \u00ab\u00a0Quand Bordeaux vient te chercher, les arguments ne tiennent plus\u00a0\u00bb Fa\u00efssal Manna\u00ef dans So Foot :&hellip;\n","protected":false},"author":2,"featured_media":285600,"comment_status":"","ping_status":"","sticky":false,"template":"","format":"standard","meta":{"footnotes":""},"categories":[2817],"tags":[1111,11,1997,13898,1777,674,9866,38071,2257,1011,27,1987,5236,38072,12413,12,2219,22627,471,7555,8298,25,3789,3945,38073],"class_list":{"0":"post-285599","1":"post","2":"type-post","3":"status-publish","4":"format-standard","5":"has-post-thumbnail","7":"category-bordeaux","8":"tag-actu","9":"tag-actualites","10":"tag-bordeaux","11":"tag-choix","12":"tag-eu","13":"tag-europe","14":"tag-explique","15":"tag-faissal","16":"tag-foot","17":"tag-fr","18":"tag-france","19":"tag-girondins","20":"tag-jouer","21":"tag-mannai","22":"tag-milieu","23":"tag-news","24":"tag-nouvelle-aquitaine","25":"tag-offensif","26":"tag-pour","27":"tag-pourquoi","28":"tag-repondu","29":"tag-republique-francaise","30":"tag-signe","31":"tag-terrain","32":"tag-tunisien"},"share_on_mastodon":{"url":"https:\/\/pubeurope.com\/@fr\/114945255546217433","error":""},"_links":{"self":[{"href":"https:\/\/www.europesays.com\/fr\/wp-json\/wp\/v2\/posts\/285599","targetHints":{"allow":["GET"]}}],"collection":[{"href":"https:\/\/www.europesays.com\/fr\/wp-json\/wp\/v2\/posts"}],"about":[{"href":"https:\/\/www.europesays.com\/fr\/wp-json\/wp\/v2\/types\/post"}],"author":[{"embeddable":true,"href":"https:\/\/www.europesays.com\/fr\/wp-json\/wp\/v2\/users\/2"}],"replies":[{"embeddable":true,"href":"https:\/\/www.europesays.com\/fr\/wp-json\/wp\/v2\/comments?post=285599"}],"version-history":[{"count":0,"href":"https:\/\/www.europesays.com\/fr\/wp-json\/wp\/v2\/posts\/285599\/revisions"}],"wp:featuredmedia":[{"embeddable":true,"href":"https:\/\/www.europesays.com\/fr\/wp-json\/wp\/v2\/media\/285600"}],"wp:attachment":[{"href":"https:\/\/www.europesays.com\/fr\/wp-json\/wp\/v2\/media?parent=285599"}],"wp:term":[{"taxonomy":"category","embeddable":true,"href":"https:\/\/www.europesays.com\/fr\/wp-json\/wp\/v2\/categories?post=285599"},{"taxonomy":"post_tag","embeddable":true,"href":"https:\/\/www.europesays.com\/fr\/wp-json\/wp\/v2\/tags?post=285599"}],"curies":[{"name":"wp","href":"https:\/\/api.w.org\/{rel}","templated":true}]}}