{"id":285606,"date":"2025-07-31T01:32:15","date_gmt":"2025-07-31T01:32:15","guid":{"rendered":"https:\/\/www.europesays.com\/fr\/285606\/"},"modified":"2025-07-31T01:32:15","modified_gmt":"2025-07-31T01:32:15","slug":"linscription-dune-etudiante-gazaouie-annulee-apres-la-decouverte-de-propos-antisemites-sur-internet-liberation","status":"publish","type":"post","link":"https:\/\/www.europesays.com\/fr\/285606\/","title":{"rendered":"l\u2019inscription d\u2019une \u00e9tudiante gazaouie annul\u00e9e apr\u00e8s la d\u00e9couverte de \u00abpropos antis\u00e9mites\u00bb sur internet \u2013 Lib\u00e9ration"},"content":{"rendered":"<p class=\"sc-ksZaOG ehjQrN text-element\">Une d\u00e9cision implacable. L\u2019<a href=\"https:\/\/www.liberation.fr\/idees-et-debats\/tribunes\/reforme-des-admissions-a-sciences-po-non-au-retour-du-concours-ecrit-20250415_IQV344XATBD3RKNNX6BLDLNC2Q\/\" target=\"_blank\" rel=\"noreferrer noopener\" title=\"https:\/\/www.liberation.fr\/idees-et-debats\/tribunes\/reforme-des-admissions-a-sciences-po-non-au-retour-du-concours-ecrit-20250415_IQV344XATBD3RKNNX6BLDLNC2Q\/\">Institut d\u2019\u00e9tudes politiques de Lille<\/a> a annonc\u00e9 ce mercredi 30 juillet annuler l\u2019inscription d\u2019une \u00e9tudiante gazaouie apr\u00e8s avoir d\u00e9couvert ses publications sur les r\u00e9seaux sociaux, le ministre de l\u2019Int\u00e9rieur fran\u00e7ais d\u00e9non\u00e7ant des propos \u00abhaineux\u00bb et demandant une enqu\u00eate.<\/p>\n<p class=\"sc-ksZaOG ehjQrN text-element\">\u00abApr\u00e8s concertation avec le minist\u00e8re de l\u2019Enseignement sup\u00e9rieur et de la Recherche, le Rectorat de R\u00e9gion acad\u00e9mique et la Pr\u00e9fecture, la direction de Sciences Po Lille a pris la d\u00e9cision d\u2019annuler l\u2019inscription pr\u00e9vue de cette \u00e9tudiante dans notre \u00e9tablissement\u00bb, \u00e9crit Sciences Po Lille sur son compte X.<\/p>\n<p class=\"sc-ksZaOG ehjQrN text-element\">Le contenu de certaines publications de cette \u00e9tudiante sur les r\u00e9seaux sociaux \u00abentre en contradiction frontale avec les valeurs port\u00e9es par Sciences Po Lille, qui lutte contre toute forme de racisme, antis\u00e9mitisme et discrimination, ainsi que contre tout type d\u2019appel \u00e0 la haine, contre quelque population que ce soit\u00bb, a soulign\u00e9 l\u2019\u00e9cole.<\/p>\n<p class=\"sc-ksZaOG ehjQrN text-element\">Des captures d\u2019\u00e9cran circulant sur les r\u00e9seaux sociaux montrent qu\u2019un compte, qui lui est attribu\u00e9 par des internautes et a \u00e9t\u00e9 ferm\u00e9 depuis, a repartag\u00e9 des messages appelant \u00e0 tuer des juifs. Sollicit\u00e9 par l\u2019AFP, Sciences Po Lille a expliqu\u00e9 avoir \u00abaccueilli cette \u00e9tudiante sur proposition du consulat g\u00e9n\u00e9ral de France \u00e0 J\u00e9rusalem\u00bb. \u00abElle est venue en France via la diplomatie fran\u00e7aise\u00bb, pr\u00e9cise-t-on.<\/p>\n<p class=\"sc-ksZaOG ehjQrN text-element\">La jeune fille a \u00e9t\u00e9 h\u00e9berg\u00e9e provisoirement dans le logement du directeur de Sciences-Po Lille, o\u00f9 il ne vit plus, \u00abdans l\u2019attente du logement universitaire qui lui \u00e9tait r\u00e9serv\u00e9\u00bb explique \u00e9galement l\u2019\u00e9tablissement.<\/p>\n<p class=\"sc-ksZaOG ehjQrN text-element\">\u00abUne \u00e9tudiante gazaouie tenant des propos antis\u00e9mites n\u2019a rien \u00e0 faire en France. Les criblages effectu\u00e9s par les services comp\u00e9tents des minist\u00e8res concern\u00e9s n\u2019ont manifestement pas fonctionn\u00e9\u00bb, a r\u00e9agi sur X le ministre fran\u00e7ais des Affaires \u00e9trang\u00e8res <a href=\"https:\/\/www.liberation.fr\/international\/europe\/jean-noel-barrot-a-kyiv-des-drones-franco-ukrainiens-a-lhorizon-20250722_LIK7PDL3VZDL3N2M6DNIEN32WQ\/\" target=\"_blank\" rel=\"noreferrer noopener\" title=\"https:\/\/www.liberation.fr\/international\/europe\/jean-noel-barrot-a-kyiv-des-drones-franco-ukrainiens-a-lhorizon-20250722_LIK7PDL3VZDL3N2M6DNIEN32WQ\/\">Jean-No\u00ebl Barrot<\/a>. Il a indiqu\u00e9 avoir \u00abdemand\u00e9 qu\u2019une enqu\u00eate interne soit diligent\u00e9e pour que cela ne puisse en aucun cas se reproduire\u00bb.<\/p>\n<p class=\"sc-ksZaOG ehjQrN text-element\">Le ministre de l\u2019Int\u00e9rieur Bruno Retailleau a soulign\u00e9 sur le m\u00eame r\u00e9seau social avoir \u00abdemand\u00e9 de faire fermer ce compte haineux, et donn\u00e9 instruction au pr\u00e9fet de saisir la justice\u00bb, martelant : \u00abLes propagandistes du Hamas n\u2019ont rien \u00e0 faire dans notre pays\u00bb. Le pr\u00e9fet du Nord a indiqu\u00e9 avoir saisi le paquet de Lille \u00ab\u00e0 la suite des propos intol\u00e9rables tenus sur les r\u00e9seaux sociaux\u00bb.<\/p>\n<p class=\"sc-ksZaOG ehjQrN text-element\">La rectrice Sophie B\u00e9jean a annonc\u00e9, toujours sur X, son intention d\u2019effectuer un signalement \u00e0 la procureure. \u00abAucun propos antis\u00e9mite et aucune apologie du terrorisme ne sont tol\u00e9rables dans les \u00e9tablissements universitaires\u00bb, \u00e9crit-elle.<\/p>\n","protected":false},"excerpt":{"rendered":"Une d\u00e9cision implacable. L\u2019Institut d\u2019\u00e9tudes politiques de Lille a annonc\u00e9 ce mercredi 30 juillet annuler l\u2019inscription d\u2019une \u00e9tudiante&hellip;\n","protected":false},"author":2,"featured_media":285607,"comment_status":"","ping_status":"","sticky":false,"template":"","format":"standard","meta":{"footnotes":""},"categories":[2815],"tags":[1111,11,6155,1013,1777,674,1011,27,3517,3519,811,3523,1307,12,25,5516],"class_list":{"0":"post-285606","1":"post","2":"type-post","3":"status-publish","4":"format-standard","5":"has-post-thumbnail","7":"category-lille","8":"tag-actu","9":"tag-actualites","10":"tag-antisemitisme","11":"tag-bruno-retailleau","12":"tag-eu","13":"tag-europe","14":"tag-fr","15":"tag-france","16":"tag-gaza-l-escalade","17":"tag-hamas","18":"tag-hauts-de-france","19":"tag-israel-palestine-conflit","20":"tag-lille","21":"tag-news","22":"tag-republique-francaise","23":"tag-sciences-po"},"share_on_mastodon":{"url":"https:\/\/pubeurope.com\/@fr\/114945271062563832","error":""},"_links":{"self":[{"href":"https:\/\/www.europesays.com\/fr\/wp-json\/wp\/v2\/posts\/285606","targetHints":{"allow":["GET"]}}],"collection":[{"href":"https:\/\/www.europesays.com\/fr\/wp-json\/wp\/v2\/posts"}],"about":[{"href":"https:\/\/www.europesays.com\/fr\/wp-json\/wp\/v2\/types\/post"}],"author":[{"embeddable":true,"href":"https:\/\/www.europesays.com\/fr\/wp-json\/wp\/v2\/users\/2"}],"replies":[{"embeddable":true,"href":"https:\/\/www.europesays.com\/fr\/wp-json\/wp\/v2\/comments?post=285606"}],"version-history":[{"count":0,"href":"https:\/\/www.europesays.com\/fr\/wp-json\/wp\/v2\/posts\/285606\/revisions"}],"wp:featuredmedia":[{"embeddable":true,"href":"https:\/\/www.europesays.com\/fr\/wp-json\/wp\/v2\/media\/285607"}],"wp:attachment":[{"href":"https:\/\/www.europesays.com\/fr\/wp-json\/wp\/v2\/media?parent=285606"}],"wp:term":[{"taxonomy":"category","embeddable":true,"href":"https:\/\/www.europesays.com\/fr\/wp-json\/wp\/v2\/categories?post=285606"},{"taxonomy":"post_tag","embeddable":true,"href":"https:\/\/www.europesays.com\/fr\/wp-json\/wp\/v2\/tags?post=285606"}],"curies":[{"name":"wp","href":"https:\/\/api.w.org\/{rel}","templated":true}]}}