{"id":285610,"date":"2025-07-31T01:34:17","date_gmt":"2025-07-31T01:34:17","guid":{"rendered":"https:\/\/www.europesays.com\/fr\/285610\/"},"modified":"2025-07-31T01:34:17","modified_gmt":"2025-07-31T01:34:17","slug":"une-video-de-policiers-pris-a-partie-apres-leur-accident-devient-virale-sur-les-reseaux-sociaux-2","status":"publish","type":"post","link":"https:\/\/www.europesays.com\/fr\/285610\/","title":{"rendered":"Une vid\u00e9o de policiers pris \u00e0 partie apr\u00e8s leur accident devient virale sur les r\u00e9seaux sociaux"},"content":{"rendered":"<p><strong>\u00ab Une journ\u00e9e banale sur Marseille \u00bb &#8211; La vid\u00e9o, post\u00e9e sur TikTok lundi soir, montre une voiture de police, gyrophare et sir\u00e8ne allum\u00e9s, violemment percut\u00e9e \u00e0 un carrefour par un v\u00e9hicule de couleur blanche<\/strong><\/p>\n<p>Les images sont impressionnantes. Une vid\u00e9o montrant des policiers vis\u00e9s par des projectiles lundi soir \u00e0 <a href=\"https:\/\/www.20minutes.fr\/marseille\/?at_medium=RSS%20feed&amp;at_campaign=ynews&amp;utm_source=yahoo&amp;utm_medium=rss&amp;utm_campaign=news_feed&amp;utm_content=in_article_link\" rel=\"nofollow noopener\" target=\"_blank\" data-ylk=\"slk:Marseille;elm:context_link;itc:0;sec:content-canvas\" class=\"link \">Marseille<\/a>, apr\u00e8s que leur v\u00e9hicule a \u00e9t\u00e9 violemment percut\u00e9 \u00e0 une intersection, a \u00e9t\u00e9 massivement relay\u00e9e sur les r\u00e9seaux sociaux, notamment par des personnalit\u00e9s politiques locales en soutien aux forces de l\u2019ordre.<\/p>\n<p>Alors que ces policiers, qui intervenaient sur un \u00ab refus d\u2019obtemp\u00e9rer \u00bb, \u00ab s\u2019extirpaient de leur v\u00e9hicule renvers\u00e9 par le choc, une douzaine d\u2019individus les ont pris \u00e0 partie, notamment par des jets de projectiles \u00bb, a d\u00e9taill\u00e9 <a href=\"https:\/\/x.com\/prefpolice13\/status\/1950311130012012562?at_medium=RSS%20feed&amp;at_campaign=ynews&amp;utm_source=yahoo&amp;utm_medium=rss&amp;utm_campaign=news_feed&amp;utm_content=in_article_link\" rel=\"nofollow noopener\" target=\"_blank\" data-ylk=\"slk:sur X la pr\u00e9fecture de police des Bouches-du-Rh\u00f4ne;elm:context_link;itc:0;sec:content-canvas\" class=\"link \">sur X la pr\u00e9fecture de police des Bouches-du-Rh\u00f4ne<\/a>, dans un message repost\u00e9 mercredi par le ministre de l\u2019Int\u00e9rieur <a href=\"https:\/\/www.20minutes.fr\/dossier\/bruno_retailleau?at_medium=RSS%20feed&amp;at_campaign=ynews&amp;utm_source=yahoo&amp;utm_medium=rss&amp;utm_campaign=news_feed&amp;utm_content=in_article_link\" rel=\"nofollow noopener\" target=\"_blank\" data-ylk=\"slk:Bruno Retailleau;elm:context_link;itc:0;sec:content-canvas\" class=\"link \">Bruno Retailleau<\/a> et assorti d\u2019une capture d\u2019\u00e9cran de la vid\u00e9o.<\/p>\n<p>\u00ab Une journ\u00e9e banale sur Marseille \u00bb<\/p>\n<p>La pr\u00e9fecture \u00ab t\u00e9moigne son plein soutien \u00bb et son \u00ab admiration pour le sang froid, la ma\u00eetrise et le courage de ces policiers heureusement l\u00e9g\u00e8rement bless\u00e9s. [\u2026] Ceux qui les insultent et les d\u00e9fient seront punis \u00bb, ajoute le message. Sur l\u2019un des comptes o\u00f9 elle a aussi \u00e9t\u00e9 diffus\u00e9e sur Instagram, la vid\u00e9o y avait \u00e9t\u00e9 vue pr\u00e8s d\u2019un million de fois mercredi soir.<\/p>\n<p>Toujours sur X, la pr\u00e9sidente (divers droite) <a href=\"https:\/\/www.20minutes.fr\/politique\/4160391-20250625-municipale-2026-benoit-payan-martine-vassal-coude-coude-premier-tour-selon-sondage?at_medium=RSS%20feed&amp;at_campaign=ynews&amp;utm_source=yahoo&amp;utm_medium=rss&amp;utm_campaign=news_feed&amp;utm_content=in_article_link\" rel=\"nofollow noopener\" target=\"_blank\" data-ylk=\"slk:du d\u00e9partement des Bouches-du-Rh\u00f4ne, Martine Vassal;elm:context_link;itc:0;sec:content-canvas\" class=\"link \">du d\u00e9partement des Bouches-du-Rh\u00f4ne, Martine Vassal<\/a>, s\u2019est dite \u00ab choqu\u00e9e \u00bb par ces images o\u00f9 les policiers sont \u00ab insult\u00e9s, m\u00e9pris\u00e9s \u00e0 d\u00e9faut d\u2019\u00eatre secourus \u00bb : \u00ab J\u2019ai honte ce soir d\u2019\u00eatre marseillaise \u00bb, a-t-elle poursuivi, partageant la vid\u00e9o qui a ensuite \u00e9t\u00e9 vue plus de 36.000 fois.<\/p>\n<p>Portant le message \u00ab Une jou(&#8230;)<\/p>\n<p><a href=\"https:\/\/www.20minutes.fr\/faits_divers\/4166022-20250730-marseille-video-policiers-pris-partie-apres-accident-devient-virale-reseaux-sociaux?at_medium=RSS%20feed&amp;at_campaign=ynews&amp;utm_source=yahoo&amp;utm_medium=rss&amp;utm_campaign=news_feed&amp;utm_content=read_more_link\" rel=\"nofollow noopener\" target=\"_blank\" data-ylk=\"slk:Lire la suite sur 20minutes;elm:context_link;itc:0;sec:content-canvas\" class=\"link \">Lire la suite sur 20minutes<\/a><\/p>\n<p>\u00c0 lire aussi :<br \/><a href=\"https:\/\/www.20minutes.fr\/societe\/4166013-20250730-incendies-marseille-habitant-porte-plainte-contre-pompiers-apres-utilisation-eau-piscine-non?at_medium=RSS%20feed&amp;at_campaign=ynews&amp;utm_source=yahoo&amp;utm_medium=rss&amp;utm_campaign=news_feed&amp;utm_content=related_content_link\" rel=\"nofollow noopener\" target=\"_blank\" data-ylk=\"slk:Incendies \u00e0 Marseille : Un habitant porte plainte contre les pompiers apr\u00e8s l\u2019utilisation de l\u2019eau de sa piscine ? Non;elm:context_link;itc:0;sec:content-canvas\" class=\"link \">Incendies \u00e0 Marseille : Un habitant porte plainte contre les pompiers apr\u00e8s l\u2019utilisation de l\u2019eau de sa piscine ? Non<\/a><br \/><a href=\"https:\/\/www.20minutes.fr\/faits_divers\/faits-divers-marseille\/4165723-20250729-marseille-humoriste-marie-infiltre-affirme-avoir-chassee-cafe-vieux-port-parce-juive?at_medium=RSS%20feed&amp;at_campaign=ynews&amp;utm_source=yahoo&amp;utm_medium=rss&amp;utm_campaign=news_feed&amp;utm_content=related_content_link\" rel=\"nofollow noopener\" target=\"_blank\" data-ylk=\"slk:Marseille : L\u2019humoriste Marie s&#039;infiltre affirme avoir \u00e9t\u00e9 chass\u00e9e d\u2019un caf\u00e9 du Vieux-Port parce qu\u2019elle est juive;elm:context_link;itc:0;sec:content-canvas\" class=\"link \">Marseille : L\u2019humoriste Marie s&rsquo;infiltre affirme avoir \u00e9t\u00e9 chass\u00e9e d\u2019un caf\u00e9 du Vieux-Port parce qu\u2019elle est juive<\/a><\/p>\n","protected":false},"excerpt":{"rendered":"\u00ab Une journ\u00e9e banale sur Marseille \u00bb &#8211; La vid\u00e9o, post\u00e9e sur TikTok lundi soir, montre une voiture&hellip;\n","protected":false},"author":2,"featured_media":285611,"comment_status":"","ping_status":"","sticky":false,"template":"","format":"standard","meta":{"footnotes":""},"categories":[2814],"tags":[1111,11,1013,16269,1777,674,1011,27,884,12,4524,882,25,133,42458],"class_list":{"0":"post-285610","1":"post","2":"type-post","3":"status-publish","4":"format-standard","5":"has-post-thumbnail","7":"category-marseille","8":"tag-actu","9":"tag-actualites","10":"tag-bruno-retailleau","11":"tag-departement-des-bouches-du-rhone","12":"tag-eu","13":"tag-europe","14":"tag-fr","15":"tag-france","16":"tag-marseille","17":"tag-news","18":"tag-prefecture-de-police","19":"tag-provence-alpes-cote-dazur","20":"tag-republique-francaise","21":"tag-video","22":"tag-voiture-de-police"},"share_on_mastodon":{"url":"https:\/\/pubeurope.com\/@fr\/114945278913946096","error":""},"_links":{"self":[{"href":"https:\/\/www.europesays.com\/fr\/wp-json\/wp\/v2\/posts\/285610","targetHints":{"allow":["GET"]}}],"collection":[{"href":"https:\/\/www.europesays.com\/fr\/wp-json\/wp\/v2\/posts"}],"about":[{"href":"https:\/\/www.europesays.com\/fr\/wp-json\/wp\/v2\/types\/post"}],"author":[{"embeddable":true,"href":"https:\/\/www.europesays.com\/fr\/wp-json\/wp\/v2\/users\/2"}],"replies":[{"embeddable":true,"href":"https:\/\/www.europesays.com\/fr\/wp-json\/wp\/v2\/comments?post=285610"}],"version-history":[{"count":0,"href":"https:\/\/www.europesays.com\/fr\/wp-json\/wp\/v2\/posts\/285610\/revisions"}],"wp:featuredmedia":[{"embeddable":true,"href":"https:\/\/www.europesays.com\/fr\/wp-json\/wp\/v2\/media\/285611"}],"wp:attachment":[{"href":"https:\/\/www.europesays.com\/fr\/wp-json\/wp\/v2\/media?parent=285610"}],"wp:term":[{"taxonomy":"category","embeddable":true,"href":"https:\/\/www.europesays.com\/fr\/wp-json\/wp\/v2\/categories?post=285610"},{"taxonomy":"post_tag","embeddable":true,"href":"https:\/\/www.europesays.com\/fr\/wp-json\/wp\/v2\/tags?post=285610"}],"curies":[{"name":"wp","href":"https:\/\/api.w.org\/{rel}","templated":true}]}}