{"id":285612,"date":"2025-07-31T01:35:12","date_gmt":"2025-07-31T01:35:12","guid":{"rendered":"https:\/\/www.europesays.com\/fr\/285612\/"},"modified":"2025-07-31T01:35:12","modified_gmt":"2025-07-31T01:35:12","slug":"lyon-bison-fute-annonce-lenfer-sur-les-routes-avec-un-week-end-noir-les-routes-a-eviter","status":"publish","type":"post","link":"https:\/\/www.europesays.com\/fr\/285612\/","title":{"rendered":"Lyon. Bison Fut\u00e9 annonce l&rsquo;enfer sur les routes avec un week-end noir, les routes \u00e0 \u00e9viter"},"content":{"rendered":"<p>            Par<br \/>\n        <strong><br \/>\n            <a href=\"https:\/\/actu.fr\/auteur\/julien-damboise\" title=\"Consulter tous les articles de Julien Damboise\" target=\"_blank\" rel=\"noopener\">Julien Damboise<\/a><br \/>\n        <\/strong><\/p>\n<p>        Publi\u00e9 le<\/p>\n<p>            30 juil. 2025 \u00e0 18h08        <\/p>\n<p>Le grand <strong>chass\u00e9-crois\u00e9<\/strong> entre les juillettistes et les ao\u00fbtiens est pr\u00e9vu ce week-end, d\u00e8s vendredi 1er ao\u00fbt 2025. La circulation devrait \u00eatre <strong>horrible<\/strong>, notamment samedi o\u00f9 le <strong>drapeau noir<\/strong> est sorti par Bison Fut\u00e9 \u00e0 <a href=\"https:\/\/actu.fr\/auvergne-rhone-alpes\/lyon_69123\" target=\"_blank\" rel=\"noopener\">Lyon<\/a>, dans le Rh\u00f4ne et le reste de la France. On fait le point sur les pr\u00e9visions de trafic pour pr\u00e9voir votre voyage.<\/p>\n<p>Vendredi d\u00e9j\u00e0 compliqu\u00e9<\/p>\n<p class=\" wall-content\">Dans le sens des d\u00e9parts, la circulation devrait \u00eatre difficile <strong>d\u00e8s le d\u00e9but de la matin\u00e9e<\/strong> et jusqu\u2019en milieu de soir\u00e9e, ce vendredi. Selon Bison Fut\u00e9, qui sort le <strong>drapeau rouge dans le sens des d\u00e9parts<\/strong> dans le Rh\u00f4ne il faut \u00e9viter :<\/p>\n<ul class=\" wall-content\">\n<li>L\u2019<strong>A7<\/strong>, entre Lyon et Orange, de 14h \u00e0 18h, et entre Orange et Marseille de 12h \u00e0 18h<\/li>\n<li>L\u2019<strong>A71<\/strong>, entre Orl\u00e9ans et Bourges, de 10h \u00e0 14h, et entre Bourges et Clermont-Ferrand de 11h \u00e0 17h<\/li>\n<li>L\u2019<strong>A43<\/strong>, entre Lyon et Chamb\u00e9ry, de 17h \u00e0 20h<\/li>\n<li>Le <strong>tunnel du Mont-Blanc<\/strong> (N205), entre la France et l\u2019Italie, de 9h \u00e0 20h<\/li>\n<\/ul>\n<p class=\" wall-content\">Dans le sens des retours, des embouteillages devraient \u00eatre observ\u00e9s sur les axes au d\u00e9part du quart Sud-Est, principalement sur les autoroutes, A9, A7, A75 et de nouveau pour l\u2019acc\u00e8s au tunnel du Mont-Blanc. Dans le d\u00e9tail, \u00e9vitez l\u2019A7 entre Marseille et Lyon, de 11h \u00e0 20h ainsi que l\u2019A46 et la route N346 pour le contournement Est de Lyon, de 12h \u00e0 18h.<\/p>\n<p class=\" wall-content\">\n<p>Un samedi chaotique<\/p>\n<p class=\" wall-content\">Bison Fut\u00e9 fait apparaitre <strong>d\u2019importantes craintes<\/strong>, surtout pour ce samedi 2 ao\u00fbt, o\u00f9 \u00ab\u00a0la circulation devrait \u00eatre extr\u00eamement difficile sur l\u2019ensemble des grands axes du pays\u00a0\u00bb.<\/p>\n<p class=\" wall-content\">Dans le sens des d\u00e9parts, la journ\u00e9e est <strong>class\u00e9e noire<\/strong> au niveau national, il est recommand\u00e9, dans la mesure du possible, de d\u00e9caler votre d\u00e9placement pour \u00e9viter de prendre la route ce jour-l\u00e0.<\/p>\n<p class=\" wall-content\">\n<p class=\" wall-content\">Ce sera donc tr\u00e8s difficile sur <strong>l\u2019ensemble de la vall\u00e9e du Rh\u00f4ne<\/strong>, voici les moments qu\u2019il faut absolument \u00e9viter dans le sens des d\u00e9parts :\u00a0<\/p>\n<ul class=\" wall-content\">\n<li>L\u2019<strong>A7<\/strong>, entre Lyon et Orange, de 7h \u00e0 16h et entre Orange et Marseille de 10h \u00e0 17h<\/li>\n<li>L\u2019<strong>A75<\/strong>, entre Clermont-Ferrand et B\u00e9ziers, de 10h \u00e0 17h<\/li>\n<li>Le <strong>tunnel du Mont-Blanc<\/strong> (N205), entre la France et l\u2019Italie, de 8h \u00e0 16h<\/li>\n<\/ul>\n<p class=\" wall-content\">Pour les retours, avec une majorit\u00e9 de la France en jaune malgr\u00e9 quelques d\u00e9partements du Sud en rouge, Bison Fut\u00e9 recommande d\u2019\u00e9viter l\u2019autoroute A7 entre Orange et Lyon, de 11h \u00e0 17h, et le tunnel du Mont-Blanc (N205), entre l\u2019Italie et la France, de 14h \u00e0 19h.<\/p>\n<p>\u00a0Encore du rouge lundi<\/p>\n<p class=\" wall-content\">Attention, d\u2019autres difficult\u00e9s sont aussi annonc\u00e9es pour <strong>dimanche et lundi<\/strong> avec un d\u00e9partement du Rh\u00f4ne encore en rouge pour les d\u00e9parts, mais vert pour les retours.<\/p>\n<p class=\" wall-content\">Toutes les pr\u00e9visions d\u00e9taill\u00e9es sont \u00e0 retrouver sur <a href=\"https:\/\/www.bison-fute.gouv.fr\/previsions,10741.html\" target=\"_blank\" rel=\"noopener\">le site de Bison Fut\u00e9<\/a>.<\/p>\n<p class=\" wall-content\">Suivez toute l\u2019actualit\u00e9 de vos villes et m\u00e9dias favoris en vous inscrivant \u00e0 <a href=\"https:\/\/moncompte.actu.fr\" title=\"D\u00e9couvez Mon Actu\" rel=\"nofollow noopener\" data-trk=\"{&quot;cta&quot;:{&quot;action&quot;:&quot;https:\\\/\\\/moncompte.actu.fr&quot;,&quot;category&quot;:&quot;mon compte&quot;,&quot;from&quot;:&quot;article footer&quot;,&quot;name&quot;:&quot;Mon actu&quot;,&quot;type&quot;:&quot;cta&quot;}}\" target=\"_blank\">Mon Actu<\/a>.<\/p>\n","protected":false},"excerpt":{"rendered":"Par Julien Damboise Publi\u00e9 le 30 juil. 2025 \u00e0 18h08 Le grand chass\u00e9-crois\u00e9 entre les juillettistes et les&hellip;\n","protected":false},"author":2,"featured_media":285613,"comment_status":"","ping_status":"","sticky":false,"template":"","format":"standard","meta":{"footnotes":""},"categories":[1889],"tags":[1111,11,2430,6427,1777,674,1011,27,803,2428,12,25,104],"class_list":{"0":"post-285612","1":"post","2":"type-post","3":"status-publish","4":"format-standard","5":"has-post-thumbnail","7":"category-lyon","8":"tag-actu","9":"tag-actualites","10":"tag-auvergne-rhone-alpes","11":"tag-bison-fute","12":"tag-eu","13":"tag-europe","14":"tag-fr","15":"tag-france","16":"tag-info-trafic","17":"tag-lyon","18":"tag-news","19":"tag-republique-francaise","20":"tag-societe"},"share_on_mastodon":{"url":"https:\/\/pubeurope.com\/@fr\/114945282914372356","error":""},"_links":{"self":[{"href":"https:\/\/www.europesays.com\/fr\/wp-json\/wp\/v2\/posts\/285612","targetHints":{"allow":["GET"]}}],"collection":[{"href":"https:\/\/www.europesays.com\/fr\/wp-json\/wp\/v2\/posts"}],"about":[{"href":"https:\/\/www.europesays.com\/fr\/wp-json\/wp\/v2\/types\/post"}],"author":[{"embeddable":true,"href":"https:\/\/www.europesays.com\/fr\/wp-json\/wp\/v2\/users\/2"}],"replies":[{"embeddable":true,"href":"https:\/\/www.europesays.com\/fr\/wp-json\/wp\/v2\/comments?post=285612"}],"version-history":[{"count":0,"href":"https:\/\/www.europesays.com\/fr\/wp-json\/wp\/v2\/posts\/285612\/revisions"}],"wp:featuredmedia":[{"embeddable":true,"href":"https:\/\/www.europesays.com\/fr\/wp-json\/wp\/v2\/media\/285613"}],"wp:attachment":[{"href":"https:\/\/www.europesays.com\/fr\/wp-json\/wp\/v2\/media?parent=285612"}],"wp:term":[{"taxonomy":"category","embeddable":true,"href":"https:\/\/www.europesays.com\/fr\/wp-json\/wp\/v2\/categories?post=285612"},{"taxonomy":"post_tag","embeddable":true,"href":"https:\/\/www.europesays.com\/fr\/wp-json\/wp\/v2\/tags?post=285612"}],"curies":[{"name":"wp","href":"https:\/\/api.w.org\/{rel}","templated":true}]}}