{"id":285616,"date":"2025-07-31T01:39:13","date_gmt":"2025-07-31T01:39:13","guid":{"rendered":"https:\/\/www.europesays.com\/fr\/285616\/"},"modified":"2025-07-31T01:39:13","modified_gmt":"2025-07-31T01:39:13","slug":"images-la-derniere-statue-entourant-la-fleche-de-la-cathedrale-notre-dame-de-paris-a-ete-reinstallee","status":"publish","type":"post","link":"https:\/\/www.europesays.com\/fr\/285616\/","title":{"rendered":"IMAGES. La derni\u00e8re statue entourant la fl\u00e8che de la cath\u00e9drale Notre-Dame de Paris a \u00e9t\u00e9 r\u00e9install\u00e9e"},"content":{"rendered":"<p>            Par<br \/>\n        <strong><br \/>\n            <a href=\"https:\/\/actu.fr\/auteur\/redaction-paris\" title=\"Consulter tous les articles de R\u00e9daction Paris\" rel=\"nofollow noopener\" target=\"_blank\">R\u00e9daction Paris<\/a><br \/>\n        <\/strong><\/p>\n<p>        Publi\u00e9 le<\/p>\n<p>            25 juil. 2025 \u00e0 11h48        <\/p>\n<p>Des mots de Philippe Jost, pr\u00e9sident de Reb\u00e2tir <a href=\"https:\/\/actu.fr\/tag\/cathedrale-notre-dame-de-paris\" rel=\"nofollow noopener\" target=\"_blank\">Notre-Dame de Paris<\/a>, la pose de <strong>la statue Saint-Thomas<\/strong>, derni\u00e8re \u00e0 retrouver la fl\u00e8che de la cath\u00e9drale, marque \u00ab\u2009l\u2019aboutissement d\u2019un travail exceptionnel de couverture r\u00e9alis\u00e9 par nos couvreurs-ornemaniste\u2009\u00bb et la fin prochaine des travaux engag\u00e9s depuis <a href=\"https:\/\/actu.fr\/ile-de-france\/paris_75056\/incendie-de-notre-dame-les-images-avant-apres-de-la-cathedrale-on-retrouve-l-ame-du-quartier_60945185.html\" rel=\"nofollow noopener\" target=\"_blank\">l\u2019incendie qui a ravag\u00e9 l\u2019\u00e9difice<\/a> en avril\u00a02019.<\/p>\n<p>Le lion, le taureau, l\u2019ange et l\u2019aigle<\/p>\n<p class=\" wall-content\">Ce jeudi 24\u00a0juillet 2025, la statue de l\u2019ap\u00f4tre Saint-Thomas a donc retrouv\u00e9 sa place initiale, \u00e0 la base de la fl\u00e8che de la cath\u00e9drale. Ces sculptures en bronze, repr\u00e9sentant les douze ap\u00f4tres et les symboles des quatre \u00e9vang\u00e9listes (le t\u00e9tramorphe\u2009: le lion, le taureau, l\u2019ange et l\u2019aigle), sont de vraies rescap\u00e9es. <strong>Dessin\u00e9es par Viollet-le-Duc en 1857<\/strong> et sculpt\u00e9es par Adolphe-Victor Geoffroy Dechaume, elles avaient \u00e9t\u00e9 retir\u00e9es quatre jours avant que les flammes ne d\u00e9truisent la fl\u00e8che, les toitures de la nef et du transept ainsi que la charpente, afin d\u2019\u00eatre restaur\u00e9e en atelier, en Dordogne, d\u2019avril\u00a02019 \u00e0 juin\u00a02021.<\/p>\n<p class=\" wall-content\">Malgr\u00e9 sa r\u00e9ouverture au public en d\u00e9cembre\u00a02024, les travaux de la cath\u00e9drale se sont poursuivis en 2025. Leur avancement, notamment au niveau de la <strong>couverture de la fl\u00e8che<\/strong>, a permis de commencer \u00e0 reposer progressivement les statues \u00e0 leur emplacement historique.<\/p>\n<p class=\" wall-content\">\u00ab\u2009Il nous faudra attendre encore quelques semaines pour d\u00e9couvrir dans le ciel de Paris, la d\u00e9pose de l\u2019\u00e9chafaudage achev\u00e9e, le superbe r\u00e9sultat de leur travail. Mais je peux d\u00e9j\u00e0 souligner combien cet <strong>exploit illustre l\u2019exemplarit\u00e9 de cette aventure<\/strong> collective qui se poursuit [\u2026] au service du beau et du sens.\u2009\u00bb Elles devraient \u00eatre visibles \u00e0 la fin du mois d\u2019ao\u00fbt.<\/p>\n<p class=\" wall-content\">Suivez toute l\u2019actualit\u00e9 de vos villes et m\u00e9dias favoris en vous inscrivant \u00e0 <a href=\"https:\/\/moncompte.actu.fr\" title=\"D\u00e9couvez Mon Actu\" rel=\"nofollow noopener\" data-trk=\"{&quot;cta&quot;:{&quot;action&quot;:&quot;https:\\\/\\\/moncompte.actu.fr&quot;,&quot;category&quot;:&quot;mon compte&quot;,&quot;from&quot;:&quot;article footer&quot;,&quot;name&quot;:&quot;Mon actu&quot;,&quot;type&quot;:&quot;cta&quot;}}\" target=\"_blank\">Mon Actu<\/a>.<\/p>\n<ul class=\"ac-article-tag wall-content\">\n<li><a href=\"https:\/\/actu.fr\/tag\/cathedrale-notre-dame-de-paris\" data-trk=\"{&quot;cta&quot;:{&quot;action&quot;:&quot;cath\\u00e9drale Notre-Dame de Paris&quot;,&quot;category&quot;:&quot;tag&quot;,&quot;from&quot;:&quot;article footer&quot;,&quot;name&quot;:&quot;cath\\u00e9drale Notre-Dame de Paris&quot;,&quot;type&quot;:&quot;cta&quot;}}\" rel=\"nofollow noopener\" target=\"_blank\">#cath\u00e9drale Notre-Dame de Paris<\/a><\/li>\n<li><a href=\"https:\/\/actu.fr\/tag\/travaux\" data-trk=\"{&quot;cta&quot;:{&quot;action&quot;:&quot;Travaux&quot;,&quot;category&quot;:&quot;tag&quot;,&quot;from&quot;:&quot;article footer&quot;,&quot;name&quot;:&quot;Travaux&quot;,&quot;type&quot;:&quot;cta&quot;}}\" rel=\"nofollow noopener\" target=\"_blank\">#Travaux<\/a><\/li>\n<\/ul>\n","protected":false},"excerpt":{"rendered":"Par R\u00e9daction Paris Publi\u00e9 le 25 juil. 2025 \u00e0 11h48 Des mots de Philippe Jost, pr\u00e9sident de Reb\u00e2tir&hellip;\n","protected":false},"author":2,"featured_media":285617,"comment_status":"","ping_status":"","sticky":false,"template":"","format":"standard","meta":{"footnotes":""},"categories":[1888],"tags":[1111,1928,11,1927,8777,1777,674,1011,27,12,1926,626,1925,25,104,2086],"class_list":{"0":"post-285616","1":"post","2":"type-post","3":"status-publish","4":"format-standard","5":"has-post-thumbnail","7":"category-paris","8":"tag-actu","9":"tag-actu-paris","10":"tag-actualites","11":"tag-actualites-paris","12":"tag-cathedrale-notre-dame-de-paris","13":"tag-eu","14":"tag-europe","15":"tag-fr","16":"tag-france","17":"tag-news","18":"tag-news-paris","19":"tag-paris","20":"tag-paris-news","21":"tag-republique-francaise","22":"tag-societe","23":"tag-travaux"},"share_on_mastodon":{"url":"https:\/\/pubeurope.com\/@fr\/114945298573866870","error":""},"_links":{"self":[{"href":"https:\/\/www.europesays.com\/fr\/wp-json\/wp\/v2\/posts\/285616","targetHints":{"allow":["GET"]}}],"collection":[{"href":"https:\/\/www.europesays.com\/fr\/wp-json\/wp\/v2\/posts"}],"about":[{"href":"https:\/\/www.europesays.com\/fr\/wp-json\/wp\/v2\/types\/post"}],"author":[{"embeddable":true,"href":"https:\/\/www.europesays.com\/fr\/wp-json\/wp\/v2\/users\/2"}],"replies":[{"embeddable":true,"href":"https:\/\/www.europesays.com\/fr\/wp-json\/wp\/v2\/comments?post=285616"}],"version-history":[{"count":0,"href":"https:\/\/www.europesays.com\/fr\/wp-json\/wp\/v2\/posts\/285616\/revisions"}],"wp:featuredmedia":[{"embeddable":true,"href":"https:\/\/www.europesays.com\/fr\/wp-json\/wp\/v2\/media\/285617"}],"wp:attachment":[{"href":"https:\/\/www.europesays.com\/fr\/wp-json\/wp\/v2\/media?parent=285616"}],"wp:term":[{"taxonomy":"category","embeddable":true,"href":"https:\/\/www.europesays.com\/fr\/wp-json\/wp\/v2\/categories?post=285616"},{"taxonomy":"post_tag","embeddable":true,"href":"https:\/\/www.europesays.com\/fr\/wp-json\/wp\/v2\/tags?post=285616"}],"curies":[{"name":"wp","href":"https:\/\/api.w.org\/{rel}","templated":true}]}}