{"id":285624,"date":"2025-07-31T01:43:10","date_gmt":"2025-07-31T01:43:10","guid":{"rendered":"https:\/\/www.europesays.com\/fr\/285624\/"},"modified":"2025-07-31T01:43:10","modified_gmt":"2025-07-31T01:43:10","slug":"pour-caroline-thominet-didier-ong-doc4ukraine-lukraine-nest-surement-pas-le-premier-souci-du-president-americain","status":"publish","type":"post","link":"https:\/\/www.europesays.com\/fr\/285624\/","title":{"rendered":"pour Caroline Thominet-Didier (ONG Doc4Ukraine), \u00ab\u00a0l&rsquo;Ukraine n&rsquo;est s\u00fbrement pas le premier souci\u00a0\u00bb du pr\u00e9sident am\u00e9ricain"},"content":{"rendered":"<p>Ultimatum de Donald Trump contre la Russie: pour Caroline Thominet-Didier (ONG Doc4Ukraine), \u00ab\u00a0l&rsquo;Ukraine n&rsquo;est s\u00fbrement pas le premier souci\u00a0\u00bb du pr\u00e9sident am\u00e9ricainSur le m\u00eame sujet<a href=\"https:\/\/www.bfmtv.com\/international\/amerique-nord\/etats-unis\/video-ultimatum-de-donald-trump-contre-la-russie-pour-caroline-thominet-didier-ong-doc4ukraine-l-ukraine-n-est-surement-pas-le-premier-souci-du-president-americain_VN-202507300546.html\" title=\"Ultimatum de Donald Trump contre la Russie: pour Caroline Thominet-Didier (ONG Doc4Ukraine), &quot;l&#039;Ukraine n&#039;est s\u00fbrement pas le premier souci&quot; du pr\u00e9sident am\u00e9ricain\" rel=\"nofollow noopener\" target=\"_blank\"><img width=\"16\" height=\"9\" class=\"lozad\"  alt=\"Ultimatum de Donald Trump contre la Russie: pour Caroline Thominet-Didier (ONG Doc4Ukraine), &quot;l'Ukraine n'est s\u00fbrement pas le premier souci&quot; du pr\u00e9sident am\u00e9ricain\"\/>en lectureUltimatum de Donald Trump contre la Russie: pour Caroline Thominet-Didier (ONG Doc4Ukraine), \u00ab\u00a0l&rsquo;Ukraine n&rsquo;est s\u00fbrement pas le premier souci\u00a0\u00bb du pr\u00e9sident am\u00e9ricain<\/a><a href=\"https:\/\/www.bfmtv.com\/politique\/video-droits-de-douane-pour-clara-chappaz-ministre-deleguee-du-numerique-c-est-un-accord-perdant-perdant_VN-202507300540.html\" title=\"Droits de douane: pour Clara Chappaz, ministre d\u00e9l\u00e9gu\u00e9e du num\u00e9rique, &quot;c&#039;est un accord perdant-perdant&quot;\" rel=\"nofollow noopener\" target=\"_blank\"><img width=\"16\" height=\"9\" class=\"lozad\"  alt=\"Droits de douane: pour Clara Chappaz, ministre d\u00e9l\u00e9gu\u00e9e du num\u00e9rique, &quot;c'est un accord perdant-perdant&quot;\"\/>1:34Droits de douane: pour Clara Chappaz, ministre d\u00e9l\u00e9gu\u00e9e du num\u00e9rique, \u00ab\u00a0c&rsquo;est un accord perdant-perdant\u00a0\u00bb<\/a><a href=\"https:\/\/www.bfmtv.com\/economie\/video-une-question-sur-laquelle-l-accord-ne-vient-pas-c-est-services-numeriques-estime-clara-chappaz_VN-202507300538.html\" title=\"&quot;Une question sur laquelle l&#039;accord ne vient pas c&#039;est services num\u00e9riques&quot;, estime Clara Chappaz\" rel=\"nofollow noopener\" target=\"_blank\"><img width=\"16\" height=\"9\" class=\"lozad\"  alt=\"&quot;Une question sur laquelle l'accord ne vient pas c'est services num\u00e9riques&quot;, estime Clara Chappaz\"\/>1:46&Prime;Une question sur laquelle l&rsquo;accord ne vient pas c&rsquo;est services num\u00e9riques\u00a0\u00bb, estime Clara Chappaz<\/a><a href=\"https:\/\/www.bfmtv.com\/economie\/video-droits-de-douane-reunion-de-crise-flux-commerciaux-l-interview-integrale-de-veronique-louwagie_VN-202507300534.html\" title=\"Droits de douane, r\u00e9union de crise, flux commerciaux... L&#039;interview int\u00e9grale de V\u00e9ronique Louwagie \" rel=\"nofollow noopener\" target=\"_blank\"><img width=\"16\" height=\"9\" class=\"lozad\"  alt=\"Droits de douane, r\u00e9union de crise, flux commerciaux... L'interview int\u00e9grale de V\u00e9ronique Louwagie \"\/>15:06Droits de douane, r\u00e9union de crise, flux commerciaux&#8230; L&rsquo;interview int\u00e9grale de V\u00e9ronique Louwagie<\/a><a href=\"https:\/\/www.bfmtv.com\/politique\/video-droits-de-douane-veronique-louwagie-ministre-du-commerce-rappelle-que-la-france-n-est-pas-le-pays-le-plus-concerne-au-niveau-de-l-europe-sur-les-exportations-d-acier-et-d-aluminium_VN-202507300532.html\" title=\"Droits de douane: V\u00e9ronique Louwagie, ministre du Commerce, rappelle que &quot;la France n&#039;est pas le pays le plus concern\u00e9 au niveau de l&#039;Europe sur les exportations d&#039;acier et d&#039;aluminium&quot; \" rel=\"nofollow noopener\" target=\"_blank\"><img width=\"16\" height=\"9\" class=\"lozad\"  alt=\"Droits de douane: V\u00e9ronique Louwagie, ministre du Commerce, rappelle que &quot;la France n'est pas le pays le plus concern\u00e9 au niveau de l'Europe sur les exportations d'acier et d'aluminium&quot; \"\/>2:06Droits de douane: V\u00e9ronique Louwagie, ministre du Commerce, rappelle que \u00ab\u00a0la France n&rsquo;est pas le pays le plus concern\u00e9 au niveau de l&rsquo;Europe sur les exportations d&rsquo;acier et d&rsquo;aluminium\u00a0\u00bb<\/a><a href=\"https:\/\/www.bfmtv.com\/economie\/video-droits-de-douane-il-nous-faut-proteger-nos-entreprises-de-ces-flux-commerciaux-indique-veronique-louwagie-ministre-du-commerce-a-propos-des-plateformes-asiatiques_VN-202507300531.html\" title=\"Droits de douane: &quot;Il nous faut prot\u00e9ger nos entreprises de ces flux commerciaux&quot;, indique V\u00e9ronique Louwagie, ministre du Commerce, \u00e0 propos des plateformes asiatiques \" rel=\"nofollow noopener\" target=\"_blank\"><img width=\"16\" height=\"9\" class=\"lozad\"  alt=\"Droits de douane: &quot;Il nous faut prot\u00e9ger nos entreprises de ces flux commerciaux&quot;, indique V\u00e9ronique Louwagie, ministre du Commerce, \u00e0 propos des plateformes asiatiques \"\/>2:01Droits de douane: \u00ab\u00a0Il nous faut prot\u00e9ger nos entreprises de ces flux commerciaux\u00a0\u00bb, indique V\u00e9ronique Louwagie, ministre du Commerce, \u00e0 propos des plateformes asiatiques<\/a><a href=\"https:\/\/www.bfmtv.com\/politique\/video-droits-de-douane-pour-veronique-louwagie-ministre-du-commerce-les-premiers-impactes-seront-les-americains_VN-202507300526.html\" title=\"Droits de douane: pour V\u00e9ronique Louwagie, ministre du Commerce, &quot;les premiers impact\u00e9s seront les Am\u00e9ricains&quot;\" rel=\"nofollow noopener\" target=\"_blank\"><img width=\"16\" height=\"9\" class=\"lozad\"  alt=\"Droits de douane: pour V\u00e9ronique Louwagie, ministre du Commerce, &quot;les premiers impact\u00e9s seront les Am\u00e9ricains&quot;\"\/>2:25Droits de douane: pour V\u00e9ronique Louwagie, ministre du Commerce, \u00ab\u00a0les premiers impact\u00e9s seront les Am\u00e9ricains\u00a0\u00bb<\/a><a href=\"https:\/\/www.bfmtv.com\/politique\/video-droits-de-douane-de-15-pour-l-ue-est-ce-que-c-est-un-bon-accord-non-affirme-veronique-louwagie-ministre-du-commerce_VN-202507300525.html\" title=\"Droits de douane de 15% pour l&#039;UE: \u201cEst-ce que c\u2019est un bon accord? Non\u201d, affirme V\u00e9ronique Louwagie, ministre du Commerce \" rel=\"nofollow noopener\" target=\"_blank\"><img width=\"16\" height=\"9\" class=\"lozad\"  alt=\"Droits de douane de 15% pour l'UE: \u201cEst-ce que c\u2019est un bon accord? Non\u201d, affirme V\u00e9ronique Louwagie, ministre du Commerce \"\/>0:44Droits de douane de 15% pour l&rsquo;UE: \u201cEst-ce que c\u2019est un bon accord? Non\u201d, affirme V\u00e9ronique Louwagie, ministre du Commerce<\/a><a href=\"https:\/\/www.bfmtv.com\/politique\/video-droits-de-douane-de-15-pour-l-ue-on-veut-proteger-nos-entreprises-et-nos-emplois-explique-veronique-louwagie-ministre-du-commerce_VN-202507300522.html\" title=\"Droits de douane de 15% pour l&#039;UE: &quot;On veut prot\u00e9ger nos entreprises et nos emplois&quot;, explique V\u00e9ronique Louwagie, ministre du Commerce\" rel=\"nofollow noopener\" target=\"_blank\"><img width=\"16\" height=\"9\" class=\"lozad\"  alt=\"Droits de douane de 15% pour l'UE: &quot;On veut prot\u00e9ger nos entreprises et nos emplois&quot;, explique V\u00e9ronique Louwagie, ministre du Commerce\"\/>0:44Droits de douane de 15% pour l&rsquo;UE: \u00ab\u00a0On veut prot\u00e9ger nos entreprises et nos emplois\u00a0\u00bb, explique V\u00e9ronique Louwagie, ministre du Commerce<\/a><a href=\"https:\/\/www.bfmtv.com\/international\/amerique-nord\/etats-unis\/video-le-patron-de-la-banque-centrale-americaine-defend-son-independance-face-aux-pressions-de-donald-trump_VN-202507300517.html\" title=\"Le patron de la banque centrale am\u00e9ricaine d\u00e9fend son ind\u00e9pendance face aux pressions de Donald Trump\" rel=\"nofollow noopener\" target=\"_blank\"><img width=\"16\" height=\"9\" class=\"lozad\"  alt=\"Le patron de la banque centrale am\u00e9ricaine d\u00e9fend son ind\u00e9pendance face aux pressions de Donald Trump\"\/>1:07Le patron de la banque centrale am\u00e9ricaine d\u00e9fend son ind\u00e9pendance face aux pressions de Donald Trump<\/a><a href=\"https:\/\/www.bfmtv.com\/economie\/video-droits-de-douane-pour-maya-atig-directrice-generale-de-la-federation-bancaire-francaise-la-reunion-au-ministere-des-finances-a-ete-extremement-utile_VN-202507300503.html\" title=\"Droits de douane: pour Maya Atig, directrice g\u00e9n\u00e9rale de la F\u00e9d\u00e9ration bancaire fran\u00e7aise, la r\u00e9union au minist\u00e8re des Finances &quot;a \u00e9t\u00e9 extr\u00eamement utile&quot;\" rel=\"nofollow noopener\" target=\"_blank\"><img width=\"16\" height=\"9\" class=\"lozad\"  alt=\"Droits de douane: pour Maya Atig, directrice g\u00e9n\u00e9rale de la F\u00e9d\u00e9ration bancaire fran\u00e7aise, la r\u00e9union au minist\u00e8re des Finances &quot;a \u00e9t\u00e9 extr\u00eamement utile&quot;\"\/>1:49Droits de douane: pour Maya Atig, directrice g\u00e9n\u00e9rale de la F\u00e9d\u00e9ration bancaire fran\u00e7aise, la r\u00e9union au minist\u00e8re des Finances \u00ab\u00a0a \u00e9t\u00e9 extr\u00eamement utile\u00a0\u00bb<\/a><a href=\"https:\/\/www.bfmtv.com\/international\/amerique-nord\/etats-unis\/video-guerre-en-ukraine-le-kremlin-n-a-toujours-pas-repondu-a-l-ultimatum-de-donald-trump_VN-202507300478.html\" title=\"Guerre en Ukraine: le Kremlin n&#039;a toujours pas r\u00e9pondu \u00e0 l&#039;ultimatum de Donald Trump\" rel=\"nofollow noopener\" target=\"_blank\"><img width=\"16\" height=\"9\" class=\"lozad\"  alt=\"Guerre en Ukraine: le Kremlin n'a toujours pas r\u00e9pondu \u00e0 l'ultimatum de Donald Trump\"\/>1:50Guerre en Ukraine: le Kremlin n&rsquo;a toujours pas r\u00e9pondu \u00e0 l&rsquo;ultimatum de Donald Trump<\/a><a href=\"https:\/\/www.bfmtv.com\/economie\/video-droits-de-douane-ursula-von-der-leyen-a-obtenu-l-accord-le-moins-mauvais-possible-assure-jean-luc-demarty-ancien-directeur-general-du-commerce-exterieur-de-la-commission-europeenne_VN-202507300452.html\" title=\"Droits de douane: &quot;Ursula von der Leyen a obtenu l&#039;accord le moins mauvais possible&quot;, assure Jean-Luc Demarty, ancien directeur g\u00e9n\u00e9ral du commerce ext\u00e9rieur de la Commission europ\u00e9enne\" rel=\"nofollow noopener\" target=\"_blank\"><img width=\"16\" height=\"9\" class=\"lozad\"  alt=\"Droits de douane: &quot;Ursula von der Leyen a obtenu l'accord le moins mauvais possible&quot;, assure Jean-Luc Demarty, ancien directeur g\u00e9n\u00e9ral du commerce ext\u00e9rieur de la Commission europ\u00e9enne\"\/>1:52Droits de douane: \u00ab\u00a0Ursula von der Leyen a obtenu l&rsquo;accord le moins mauvais possible\u00a0\u00bb, assure Jean-Luc Demarty, ancien directeur g\u00e9n\u00e9ral du commerce ext\u00e9rieur de la Commission europ\u00e9enne<\/a><a href=\"https:\/\/www.bfmtv.com\/politique\/video-droits-de-douane-c-est-le-signe-patent-d-une-europe-qui-est-un-nain-politique-assure-yves-jego-ancien-depute_VN-202507300440.html\" title=\"Droits de douane: &quot;C&#039;est le signe patent d&#039;une Europe qui est un nain politique&quot;, assure Yves J\u00e9go, ancien d\u00e9put\u00e9\" rel=\"nofollow noopener\" target=\"_blank\"><img width=\"16\" height=\"9\" class=\"lozad\"  alt=\"Droits de douane: &quot;C'est le signe patent d'une Europe qui est un nain politique&quot;, assure Yves J\u00e9go, ancien d\u00e9put\u00e9\"\/>1:55Droits de douane: \u00ab\u00a0C&rsquo;est le signe patent d&rsquo;une Europe qui est un nain politique\u00a0\u00bb, assure Yves J\u00e9go, ancien d\u00e9put\u00e9<\/a><a class=\"jumpToVideo\" target=\"_blank\"><img class=\"thumbnailPreview\"\/><\/a><\/p>\n","protected":false},"excerpt":{"rendered":"Ultimatum de Donald Trump contre la Russie: pour Caroline Thominet-Didier (ONG Doc4Ukraine), \u00ab\u00a0l&rsquo;Ukraine n&rsquo;est s\u00fbrement pas le premier&hellip;\n","protected":false},"author":2,"featured_media":285625,"comment_status":"","ping_status":"","sticky":false,"template":"","format":"standard","meta":{"footnotes":""},"categories":[1591],"tags":[11,1887,12,1885,1886,132],"class_list":{"0":"post-285624","1":"post","2":"type-post","3":"status-publish","4":"format-standard","5":"has-post-thumbnail","7":"category-russie","8":"tag-actualites","9":"tag-federation-de-russie","10":"tag-news","11":"tag-russia","12":"tag-russian-federation","13":"tag-russie"},"share_on_mastodon":{"url":"https:\/\/pubeurope.com\/@fr\/114945314255857387","error":""},"_links":{"self":[{"href":"https:\/\/www.europesays.com\/fr\/wp-json\/wp\/v2\/posts\/285624","targetHints":{"allow":["GET"]}}],"collection":[{"href":"https:\/\/www.europesays.com\/fr\/wp-json\/wp\/v2\/posts"}],"about":[{"href":"https:\/\/www.europesays.com\/fr\/wp-json\/wp\/v2\/types\/post"}],"author":[{"embeddable":true,"href":"https:\/\/www.europesays.com\/fr\/wp-json\/wp\/v2\/users\/2"}],"replies":[{"embeddable":true,"href":"https:\/\/www.europesays.com\/fr\/wp-json\/wp\/v2\/comments?post=285624"}],"version-history":[{"count":0,"href":"https:\/\/www.europesays.com\/fr\/wp-json\/wp\/v2\/posts\/285624\/revisions"}],"wp:featuredmedia":[{"embeddable":true,"href":"https:\/\/www.europesays.com\/fr\/wp-json\/wp\/v2\/media\/285625"}],"wp:attachment":[{"href":"https:\/\/www.europesays.com\/fr\/wp-json\/wp\/v2\/media?parent=285624"}],"wp:term":[{"taxonomy":"category","embeddable":true,"href":"https:\/\/www.europesays.com\/fr\/wp-json\/wp\/v2\/categories?post=285624"},{"taxonomy":"post_tag","embeddable":true,"href":"https:\/\/www.europesays.com\/fr\/wp-json\/wp\/v2\/tags?post=285624"}],"curies":[{"name":"wp","href":"https:\/\/api.w.org\/{rel}","templated":true}]}}