{"id":285626,"date":"2025-07-31T01:44:13","date_gmt":"2025-07-31T01:44:13","guid":{"rendered":"https:\/\/www.europesays.com\/fr\/285626\/"},"modified":"2025-07-31T01:44:13","modified_gmt":"2025-07-31T01:44:13","slug":"en-direct-ukraine-kiev-va-corriger-la-loi-anticorruption-critiquee","status":"publish","type":"post","link":"https:\/\/www.europesays.com\/fr\/285626\/","title":{"rendered":"EN DIRECT &#8211; Ukraine : Kiev va \u00ab\u00a0corriger\u00a0\u00bb la loi anticorruption critiqu\u00e9e"},"content":{"rendered":"<ul class=\"jsx-862013697 ArticleChapo__List\">\n<li class=\"jsx-862013697 ArticleChapo__List_Item flex\">L&rsquo;Ukraine va \u00ab\u00a0corriger\u00a0\u00bb la loi r\u00e9voquant l&rsquo;ind\u00e9pendance d&rsquo;instances de lutte contre la corruption ayant suscit\u00e9 un toll\u00e9 et des manifestations, a assur\u00e9 le chef de la diplomatie du pays \u00e0 l&rsquo;AFP mercredi, avant le vote attendu jeudi au Parlement.<\/li>\n<li class=\"jsx-862013697 ArticleChapo__List_Item flex\">Suivez les derni\u00e8res informations.<\/li>\n<\/ul>\n<p><a href=\"https:\/\/www.tf1info.fr\/actualite\/invasion-de-l-ukraine-par-la-russie-une-guerre-qui-dure-12951\/\" rel=\"noopener\" class=\"jsx-484472199 Link jsx-1428418400 jsx-554215408\" target=\"_blank\"><\/p>\n<p style=\"font-weight:400\" class=\"jsx-1837267516\">Suivez la couverture compl\u00e8te<\/p>\n<p style=\"font-weight:800\" class=\"jsx-1837267516\">Ukraine : 4\u1d49 ann\u00e9e de guerre<\/p>\n<p><\/a><\/p>\n<p data-module=\"article-paragraph\" class=\"jsx-3046738180 Paragraph\">L&rsquo;Ukraine va \u00ab\u00a0corriger\u00a0\u00bb une loi r\u00e9voquant l&rsquo;ind\u00e9pendance d&rsquo;instances de lutte contre la corruption qui avait provoqu\u00e9 un toll\u00e9 chez nombre de ses alli\u00e9s et des manifestations sur son sol, a assur\u00e9 le chef de la diplomatie ukrainienne \u00e0 l&rsquo;AFP mercredi, \u00e0 la veille d&rsquo;un vote attendu au Parlement. Cette loi, vot\u00e9e le 22 juillet puis promulgu\u00e9e, pr\u00e9voyait de placer l&rsquo;agence nationale anticorruption (le NABU) et le parquet sp\u00e9cialis\u00e9 anticorruption (le SAP) directement sous la tutelle du procureur g\u00e9n\u00e9ral, lui-m\u00eame nomm\u00e9 par le chef de l&rsquo;\u00c9tat.<\/p>\n<p data-module=\"article-paragraph\" class=\"jsx-3046738180 Paragraph Paragraph__End\">D\u00e9cri\u00e9e par la soci\u00e9t\u00e9 civile et l&rsquo;Union europ\u00e9enne, la loi ainsi adopt\u00e9e avait provoqu\u00e9 les premi\u00e8res manifestations d&rsquo;ampleur en Ukraine depuis le d\u00e9but de l&rsquo;invasion russe en 2022 &#8211; des centaines de personnes \u00e9taient encore rassembl\u00e9es mercredi soir \u00e0 Kiev. Le pr\u00e9sident ukrainien Volodymyr Zelensky a finalement propos\u00e9 un nouveau projet de loi r\u00e9tablissant l&rsquo;ind\u00e9pendance des agences concern\u00e9es, que les \u00e9lus doivent examiner jeudi.\u00a0<\/p>\n<p><a href=\"https:\/\/www.tf1info.fr\/international\/loi-anticorruption-en-ukraine-fragilise-par-des-manifestations-inedites-volodymyr-zelensky-retropedale-2384882.html\" rel=\"noopener\" class=\"jsx-3308031228 Link flex\" target=\"_blank\"><img decoding=\"async\" src=\"https:\/\/www.europesays.com\/fr\/wp-content\/uploads\/2025\/07\/manifestation-kiev-corruption-6d3d20-0@1x.jpeg\" alt=\"Des manifestants \u00e0 Kiev d\u00e9noncent l'adoption d'une loi qui affaiblit la lutte contre la corruption, le 22 juillet 2025. \" loading=\"lazy\" importance=\"low\" fetchpriority=\"low\" class=\"\" aria-hidden=\"true\"\/><\/p>\n<p class=\"jsx-3657663356 ReadMoreArticle__Title\">Lire aussi<\/p>\n<p class=\"jsx-3657663356\">Loi anticorruption en Ukraine : fragilis\u00e9 par des manifestations in\u00e9dites, Zelensky r\u00e9trop\u00e9dale<\/p>\n<p><\/a><\/p>\n<p data-module=\"article-paragraph\" class=\"jsx-3046738180 Paragraph\">\u00ab\u00a0Nous sommes en train de corriger cela\u00a0\u00bb, a affirm\u00e9 mercredi le ministre des Affaires \u00e9trang\u00e8res Andri\u00ef Sybiga dans un commentaire \u00e9crit transmis \u00e0 l&rsquo;AFP. Il a dit s&rsquo;attendre \u00e0 un vote d\u00e8s jeudi, affirmant que la lutte contre la corruption \u00e9tait \u00ab\u00a0une position de principe du pr\u00e9sident Zelensky\u00a0\u00bb.\u00a0 \u00ab\u00a0L&rsquo;Ukraine dispose d&rsquo;une soci\u00e9t\u00e9 civile forte et d&rsquo;une jeunesse active. Elles ont exprim\u00e9 leur point de vue. Les autorit\u00e9s ukrainiennes ont entendu leurs voix, ainsi que celles de nos partenaires\u00a0\u00bb, a relev\u00e9 M. Sybiga. Le ministre a estim\u00e9 que des \u00ab\u00a0ajustements\u00a0\u00bb avaient \u00e9t\u00e9 n\u00e9cessaires pour prot\u00e9ger les agences de lutte contre la corruption des jeux politiques, en particulier de ceux \u00ab\u00a0de la Russie\u00a0\u00bb. \u00ab\u00a0Il fallait trouver un \u00e9quilibre entre les risques de s\u00e9curit\u00e9 et la r\u00e9forme, et c&rsquo;est ce qui a \u00e9t\u00e9 fait\u00a0\u00bb, a-t-il jug\u00e9.<\/p>\n<p data-module=\"article-paragraph\" class=\"jsx-3046738180 Paragraph Paragraph__End\">Confront\u00e9 \u00e0 la premi\u00e8re crise politique grave depuis le d\u00e9but de son mandat, il y a six ans, Volodymir Zelensky a d&rsquo;abord tent\u00e9 de d\u00e9fendre le texte en accusant les structures concern\u00e9es d&rsquo;inefficacit\u00e9 et d&rsquo;\u00eatre sous \u00ab\u00a0influence russe\u00a0\u00bb. Le pr\u00e9sident ukrainien a finalement assur\u00e9 vendredi dernier avoir \u00ab\u00a0\u00e9cout\u00e9\u00a0\u00bb les manifestants.<\/p>\n<p>Minute par minute<\/p>\n<p data-module=\"article-paragraph\" class=\"jsx-3046738180 Paragraph\">Le nouveau texte de loi, qui doit \u00eatre examin\u00e9 jeudi, renouvelle la plupart des dispositions assurant l&rsquo;ind\u00e9pendance de l&rsquo;agence nationale anticorruption et du parquet sp\u00e9cialis\u00e9 anticorruption. Il introduit cependant des v\u00e9rifications suppl\u00e9mentaires, notamment des tests r\u00e9guliers au d\u00e9tecteur de mensonges pour leurs employ\u00e9s avec acc\u00e8s aux informations classifi\u00e9es, en vue d&rsquo;exclure toute \u00ab\u00a0action au profit\u00a0\u00bb de la Russie, selon le texte publi\u00e9 sur le site du Parlement.<\/p>\n<p data-module=\"article-paragraph\" class=\"jsx-3046738180 Paragraph Paragraph__End\">Cr\u00e9\u00e9s en 2015 sous la pression de l&rsquo;Occident, le NABU et le SAP ont mis au jour des affaires majeures de corruption, y compris au sein de la pr\u00e9sidence, du Parlement et parmi les juges, mais beaucoup d&rsquo;elles n&rsquo;ont pas d\u00e9bouch\u00e9 sur des condamnations en justice. Ainsi, sur les dix affaires de corruption contre de hauts responsables d&rsquo;\u00c9tat \u00e9num\u00e9r\u00e9es comme les plus importantes par le NABU, seulement trois &#8211; visant deux d\u00e9put\u00e9s et un juge &#8211; ont \u00e9t\u00e9 suivies par des peines de prison.<\/p>\n<p>La r\u00e9daction de TF1info<\/p>\n","protected":false},"excerpt":{"rendered":"L&rsquo;Ukraine va \u00ab\u00a0corriger\u00a0\u00bb la loi r\u00e9voquant l&rsquo;ind\u00e9pendance d&rsquo;instances de lutte contre la corruption ayant suscit\u00e9 un toll\u00e9 et&hellip;\n","protected":false},"author":2,"featured_media":285627,"comment_status":"","ping_status":"","sticky":false,"template":"","format":"standard","meta":{"footnotes":""},"categories":[1590],"tags":[1111,11,1921,75,1777,674,28083,1922,1916,12,132,220,1917,364,133,1920,135,134],"class_list":{"0":"post-285626","1":"post","2":"type-post","3":"status-publish","4":"format-standard","5":"has-post-thumbnail","7":"category-ukraine","8":"tag-actu","9":"tag-actualites","10":"tag-article-video","11":"tag-donald-trump","12":"tag-eu","13":"tag-europe","14":"tag-guerre-en-ukraine-une-treve-sera-t-elle-possible","15":"tag-info","16":"tag-moscou","17":"tag-news","18":"tag-russie","19":"tag-ukraine","20":"tag-ukraine-4-annee-de-guerre","21":"tag-union-europeenne","22":"tag-video","23":"tag-video-international","24":"tag-vladimir-poutine","25":"tag-volodymyr-zelensky"},"share_on_mastodon":{"url":"https:\/\/pubeurope.com\/@fr\/114945318170542169","error":""},"_links":{"self":[{"href":"https:\/\/www.europesays.com\/fr\/wp-json\/wp\/v2\/posts\/285626","targetHints":{"allow":["GET"]}}],"collection":[{"href":"https:\/\/www.europesays.com\/fr\/wp-json\/wp\/v2\/posts"}],"about":[{"href":"https:\/\/www.europesays.com\/fr\/wp-json\/wp\/v2\/types\/post"}],"author":[{"embeddable":true,"href":"https:\/\/www.europesays.com\/fr\/wp-json\/wp\/v2\/users\/2"}],"replies":[{"embeddable":true,"href":"https:\/\/www.europesays.com\/fr\/wp-json\/wp\/v2\/comments?post=285626"}],"version-history":[{"count":0,"href":"https:\/\/www.europesays.com\/fr\/wp-json\/wp\/v2\/posts\/285626\/revisions"}],"wp:featuredmedia":[{"embeddable":true,"href":"https:\/\/www.europesays.com\/fr\/wp-json\/wp\/v2\/media\/285627"}],"wp:attachment":[{"href":"https:\/\/www.europesays.com\/fr\/wp-json\/wp\/v2\/media?parent=285626"}],"wp:term":[{"taxonomy":"category","embeddable":true,"href":"https:\/\/www.europesays.com\/fr\/wp-json\/wp\/v2\/categories?post=285626"},{"taxonomy":"post_tag","embeddable":true,"href":"https:\/\/www.europesays.com\/fr\/wp-json\/wp\/v2\/tags?post=285626"}],"curies":[{"name":"wp","href":"https:\/\/api.w.org\/{rel}","templated":true}]}}