{"id":285630,"date":"2025-07-31T01:46:11","date_gmt":"2025-07-31T01:46:11","guid":{"rendered":"https:\/\/www.europesays.com\/fr\/285630\/"},"modified":"2025-07-31T01:46:11","modified_gmt":"2025-07-31T01:46:11","slug":"royaume-uni-le-trafic-aerien-brievement-perturbe-a-la-suite-dun-probleme-technique","status":"publish","type":"post","link":"https:\/\/www.europesays.com\/fr\/285630\/","title":{"rendered":"Royaume-Uni | Le trafic a\u00e9rien bri\u00e8vement perturb\u00e9 \u00e0 la suite d\u2019un \u00ab\u00a0probl\u00e8me technique\u00a0\u00bb"},"content":{"rendered":"<p class=\"lead textModule textModule--type-lead \" style=\"\">(Londres) Le trafic a\u00e9rien a \u00e9t\u00e9 bri\u00e8vement perturb\u00e9 mercredi au Royaume-Uni \u00e0 la suite d\u2019un \u00ab\u00a0probl\u00e8me technique\u00a0\u00bb, selon le service de contr\u00f4le a\u00e9rien britannique (NATS), un incident qui a conduit \u00e0 la suspension de plusieurs vols, mais le syst\u00e8me affect\u00e9 \u00ab\u00a0a \u00e9t\u00e9 r\u00e9tabli\u00a0\u00bb. <\/p>\n<p>                    Publi\u00e9 \u00e0 20\u00a0h\u00a054<\/p>\n<p>    <a class=\"print\" href=\"https:\/\/www.lapresse.ca\/international\/europe\/2025-07-30\/royaume-uni\/javascript:window.print();\" title=\"Imprimer la page\" rel=\"nofollow noopener\" target=\"_blank\"><\/p>\n<p>        <img loading=\"lazy\" decoding=\"async\" width=\"16\" height=\"18\" src=\"https:\/\/www.europesays.com\/fr\/wp-content\/uploads\/2025\/04\/share-icon.png\" alt=\"Partager\"\/><\/p>\n<p class=\"paragraph textModule textModule--type-paragraph \" style=\"\">\u00ab\u00a0Nous sommes en train de reprendre nos activit\u00e9s normales dans la r\u00e9gion de Londres\u00a0\u00bb, a pr\u00e9cis\u00e9 le NATS sur la plateforme X, avant de pr\u00e9senter ses \u00ab\u00a0excuses pour la g\u00eane occasionn\u00e9e\u00a0\u00bb. <\/p>\n<p class=\"paragraph textModule textModule--type-paragraph \" style=\"\">Les a\u00e9roports londoniens de Heathrow et de Gatwick, ainsi que celui d\u2019\u00c9dimbourg, ont \u00e9t\u00e9 impact\u00e9s. Heathrow est le hub a\u00e9rien le plus fr\u00e9quent\u00e9 d\u2019Europe. <\/p>\n<p class=\"paragraph textModule textModule--type-paragraph \" style=\"\">Gatwick, qui avait annonc\u00e9 peu avant avoir suspendu tous les d\u00e9parts \u00ab\u00a0le temps que la situation soit r\u00e9solue\u00a0\u00bb, a lui aussi confirm\u00e9 la reprise de ses op\u00e9rations, mais pr\u00e9vient qu\u2019il y aura des retards. Il avait pr\u00e9cis\u00e9 que le probl\u00e8me affectait \u00ab\u00a0tous les vols au d\u00e9part du Royaume-Uni\u00a0\u00bb. <\/p>\n<p class=\"paragraph textModule textModule--type-paragraph \" style=\"\">Selon Cirium, fournisseur de donn\u00e9es pour l\u2019a\u00e9ronautique, 67\u00a0d\u00e9parts et 55\u00a0arriv\u00e9es ont \u00e9t\u00e9 annul\u00e9s \u00e0 19\u00a0h\u00a030 (14\u00a0h\u00a030 heure de l\u2019Est), tandis qu\u2019un certain nombre de vols ont \u00e9galement \u00e9t\u00e9 d\u00e9rout\u00e9s.\u00a0\u00a0<\/p>\n<p class=\"paragraph textModule textModule--type-paragraph \" style=\"\">Le directeur des op\u00e9rations de Ryanair, Neal McMahon, a demand\u00e9 la d\u00e9mission du directeur g\u00e9n\u00e9ral du NATS, Martin Rolfe, en raison de cette panne. <\/p>\n<p class=\"paragraph textModule textModule--type-paragraph \" style=\"\">\u00ab\u00a0Il est scandaleux que les passagers soient une fois de plus victimes de retards et de perturbations\u00a0\u00bb, a-t-il d\u00e9clar\u00e9. <\/p>\n<p>                    \u00ab\u00a0Extr\u00eamement d\u00e9cevant\u00a0\u00bb <\/p>\n<p class=\"paragraph textModule textModule--type-paragraph \" style=\"\">Son homologue d\u2019EasyJet, David Morgan, a d\u00e9clar\u00e9 qu\u2019il \u00e9tait \u00ab\u00a0extr\u00eamement d\u00e9cevant\u00a0\u00bb de voir \u00e0 nouveau une panne \u00ab\u00a0perturber nos clients \u00e0 cette p\u00e9riode de l\u2019ann\u00e9e si importante et charg\u00e9e pour les voyages\u00a0\u00bb. <\/p>\n<p class=\"paragraph textModule textModule--type-paragraph \" style=\"\">\u00ab\u00a0Si notre priorit\u00e9 aujourd\u2019hui est d\u2019aider nos clients, nous souhaitons que le NATS nous explique les mesures qu\u2019il prend pour \u00e9viter que ce genre de probl\u00e8me ne se reproduise\u00a0\u00bb, a-t-il ajout\u00e9. <\/p>\n<p class=\"paragraph textModule textModule--type-paragraph \" style=\"\">Un porte-parole du d\u00e9partement des Transports a indiqu\u00e9 qu\u2019il \u00ab\u00a0travaillait en \u00e9troite collaboration\u00a0\u00bb avec le NATS pour comprendre la cause du probl\u00e8me qui proviendrait, d\u2019apr\u00e8s lui, d\u2019un centre de contr\u00f4le \u00e0 Swanwick, dans le sud-ouest de l\u2019Angleterre. <\/p>\n<p class=\"paragraph textModule textModule--type-paragraph \" style=\"\">En mars, un incendie dans un poste \u00e9lectrique avait provoqu\u00e9 une panne \u00e0 l\u2019a\u00e9roport londonien de Heathrow, l\u2019un des plus fr\u00e9quent\u00e9s au monde, qui \u00e9tait rest\u00e9 ferm\u00e9 toute une journ\u00e9e. L\u2019incident avait entra\u00een\u00e9 des perturbations en cha\u00eene dans le trafic a\u00e9rien mondial, avec des centaines de vols supprim\u00e9s ou d\u00e9rout\u00e9s. <\/p>\n<p class=\"paragraph textModule textModule--type-paragraph \" style=\"\">Fin ao\u00fbt\u00a02023, une panne g\u00e9ante de contr\u00f4le a\u00e9rien avait perturb\u00e9 le retour au Royaume-Uni de milliers de voyageurs apr\u00e8s un long week-end f\u00e9ri\u00e9, for\u00e7ant les agents a\u00e9riens \u00e0 rentrer manuellement les plans de vol. Pr\u00e8s de 2000\u00a0vols avaient \u00e9t\u00e9 annul\u00e9s sur deux jours. <\/p>\n","protected":false},"excerpt":{"rendered":"(Londres) Le trafic a\u00e9rien a \u00e9t\u00e9 bri\u00e8vement perturb\u00e9 mercredi au Royaume-Uni \u00e0 la suite d\u2019un \u00ab\u00a0probl\u00e8me technique\u00a0\u00bb, selon&hellip;\n","protected":false},"author":2,"featured_media":285631,"comment_status":"","ping_status":"","sticky":false,"template":"","format":"standard","meta":{"footnotes":""},"categories":[1588],"tags":[11,1777,674,12,473,1853,1851,1850,1852],"class_list":{"0":"post-285630","1":"post","2":"type-post","3":"status-publish","4":"format-standard","5":"has-post-thumbnail","7":"category-royaume-uni","8":"tag-actualites","9":"tag-eu","10":"tag-europe","11":"tag-news","12":"tag-royaume-uni","13":"tag-royaume-uni-de-grande-bretagne-et-dirlande-du-nord","14":"tag-uk","15":"tag-united-kingdom","16":"tag-united-kingdom-of-great-britain-and-northern-ireland"},"share_on_mastodon":{"url":"https:\/\/pubeurope.com\/@fr\/114945326143082315","error":""},"_links":{"self":[{"href":"https:\/\/www.europesays.com\/fr\/wp-json\/wp\/v2\/posts\/285630","targetHints":{"allow":["GET"]}}],"collection":[{"href":"https:\/\/www.europesays.com\/fr\/wp-json\/wp\/v2\/posts"}],"about":[{"href":"https:\/\/www.europesays.com\/fr\/wp-json\/wp\/v2\/types\/post"}],"author":[{"embeddable":true,"href":"https:\/\/www.europesays.com\/fr\/wp-json\/wp\/v2\/users\/2"}],"replies":[{"embeddable":true,"href":"https:\/\/www.europesays.com\/fr\/wp-json\/wp\/v2\/comments?post=285630"}],"version-history":[{"count":0,"href":"https:\/\/www.europesays.com\/fr\/wp-json\/wp\/v2\/posts\/285630\/revisions"}],"wp:featuredmedia":[{"embeddable":true,"href":"https:\/\/www.europesays.com\/fr\/wp-json\/wp\/v2\/media\/285631"}],"wp:attachment":[{"href":"https:\/\/www.europesays.com\/fr\/wp-json\/wp\/v2\/media?parent=285630"}],"wp:term":[{"taxonomy":"category","embeddable":true,"href":"https:\/\/www.europesays.com\/fr\/wp-json\/wp\/v2\/categories?post=285630"},{"taxonomy":"post_tag","embeddable":true,"href":"https:\/\/www.europesays.com\/fr\/wp-json\/wp\/v2\/tags?post=285630"}],"curies":[{"name":"wp","href":"https:\/\/api.w.org\/{rel}","templated":true}]}}