{"id":285632,"date":"2025-07-31T01:47:14","date_gmt":"2025-07-31T01:47:14","guid":{"rendered":"https:\/\/www.europesays.com\/fr\/285632\/"},"modified":"2025-07-31T01:47:14","modified_gmt":"2025-07-31T01:47:14","slug":"a-mi-epreuve-lallemagne-se-place-en-tete","status":"publish","type":"post","link":"https:\/\/www.europesays.com\/fr\/285632\/","title":{"rendered":"\u00c0 mi-\u00e9preuve, l\u2019Allemagne se place en t\u00eate"},"content":{"rendered":"<p id=\"isPasted\">Ce mercredi, \u00e0 l\u2019occasion de la premi\u00e8re journ\u00e9e des championnats d\u2019Europe Jeunes de dressage du Mans, l\u2019Allemagne s\u2019est provisoirement install\u00e9e en t\u00eate de la comp\u00e9tition par \u00e9quipes chez les Juniors. L\u2019\u00e9preuve se poursuivra demain avec la deuxi\u00e8me partie, qui d\u00e9terminera les m\u00e9dailles collectifs. Gr\u00e2ce aux performances solides de Julie Sofie Schmitz-Heinen et Viktoria von Braunm\u00fchl, la Mannschaft cumule pour l\u2019instant un total de 141,909%. En selle sur Attractive (Han, AC-DC 4 x Ehrentusch), Julie Sofie Schmitz-Heinen a \u00e9t\u00e9 \u00e9valu\u00e9e \u00e0 71,333%, occupant la deuxi\u00e8me place provisoire en individuel. Juste derri\u00e8re elle, sa compatriote Viktoria von Braunm\u00fchl a sign\u00e9 une reprise jug\u00e9e \u00e0 70,576% avec DSP First Class (DSP, F\u00fcrst Romancier x Wind Dancer) pour se placer \u00e0 la troisi\u00e8me place provisoire. Les Pays-Bas suivent de pr\u00e8s avec un total provisoire de 141,273%. Sofie van Rooij a r\u00e9alis\u00e9 la meilleure performance individuelle du jour avec 71,576% sur Juan Tango B (KWPN, Don Tango B x Negro). Britt Kikkert van der Linde a, quant \u00e0 elle, obtenu 69,687% avec Jerenzo Texel (KWPN, Enzo Ferrari x Jazz).<\/p>\n<p>L\u2019\u00e9quipe de France occupe actuellement la dixi\u00e8me place avec un total de 131,121%. Timoth\u00e9 Viaud, associ\u00e9 \u00e0 Mira Bem (Finito x Jaqueto MMT), a obtenu une note de 65,606%, tandis que Thana\u00efs Capelle Morosi a re\u00e7u 65,515% avec Figo de Hansez (SBS, Dante Weltino OLD x Fidermark). Ils occupent respectivement les dix-neuvi\u00e8mes et vingti\u00e8mes positions au classement individuel provisoire.<\/p>\n<p><strong><a href=\"https:\/\/results.worldsporttiming.com\/event\/280\/competition\/9167\/result\" rel=\"noopener noreferrer nofollow\" target=\"_blank\">Le classement individuel provisoire<\/a><\/strong><strong><a href=\"https:\/\/results.worldsporttiming.com\/event\/280\/championship\/229\/result\" rel=\"nofollow noopener\" target=\"_blank\"><\/strong><br \/><strong><a href=\"https:\/\/results.worldsporttiming.com\/event\/280\/championship\/229\/result\" rel=\"noopener noreferrer nofollow\" target=\"_blank\">Le classement collectif provisoire<\/a><\/strong><strong><a href=\"https:\/\/grandprix.info\/fr\/110866\/Suivez-les-championnats-dEurope-Poneys-et-Jeunes-du-Mans-sur-GRANDPRIX.tv-et-ClipMyHorse.tv\/\" style=\"margin: 0px; padding: 0px; color: rgb(253, 126, 20);\" rel=\"nofollow noopener\" target=\"_blank\"><\/strong><br \/><strong><a href=\"https:\/\/grandprix.info\/fr\/110866\/Suivez-les-championnats-dEurope-Poneys-et-Jeunes-du-Mans-sur-GRANDPRIX.tv-et-ClipMyHorse.tv\/\" rel=\"noopener noreferrer nofollow\" style=\"margin: 0px; padding: 0px; color: rgb(253, 126, 20);\" target=\"_blank\">Toutes les \u00e9preuves des championnats d\u2019Europe sont \u00e0 suivre sur GRANDPRIX.tv et ClipMyHorse.tv<\/a><\/strong><\/p>\n","protected":false},"excerpt":{"rendered":"Ce mercredi, \u00e0 l\u2019occasion de la premi\u00e8re journ\u00e9e des championnats d\u2019Europe Jeunes de dressage du Mans, l\u2019Allemagne s\u2019est&hellip;\n","protected":false},"author":2,"featured_media":2623,"comment_status":"","ping_status":"","sticky":false,"template":"","format":"standard","meta":{"footnotes":""},"categories":[1587],"tags":[11,672,1804,1805,1803,1777,674,1801,12,1802],"class_list":{"0":"post-285632","1":"post","2":"type-post","3":"status-publish","4":"format-standard","5":"has-post-thumbnail","7":"category-allemagne","8":"tag-actualites","9":"tag-allemagne","10":"tag-bundesrepublik-deutschland","11":"tag-de","12":"tag-deutschland","13":"tag-eu","14":"tag-europe","15":"tag-germany","16":"tag-news","17":"tag-republique-federale-dallemagne"},"share_on_mastodon":{"url":"https:\/\/pubeurope.com\/@fr\/114945330084527852","error":""},"_links":{"self":[{"href":"https:\/\/www.europesays.com\/fr\/wp-json\/wp\/v2\/posts\/285632","targetHints":{"allow":["GET"]}}],"collection":[{"href":"https:\/\/www.europesays.com\/fr\/wp-json\/wp\/v2\/posts"}],"about":[{"href":"https:\/\/www.europesays.com\/fr\/wp-json\/wp\/v2\/types\/post"}],"author":[{"embeddable":true,"href":"https:\/\/www.europesays.com\/fr\/wp-json\/wp\/v2\/users\/2"}],"replies":[{"embeddable":true,"href":"https:\/\/www.europesays.com\/fr\/wp-json\/wp\/v2\/comments?post=285632"}],"version-history":[{"count":0,"href":"https:\/\/www.europesays.com\/fr\/wp-json\/wp\/v2\/posts\/285632\/revisions"}],"wp:featuredmedia":[{"embeddable":true,"href":"https:\/\/www.europesays.com\/fr\/wp-json\/wp\/v2\/media\/2623"}],"wp:attachment":[{"href":"https:\/\/www.europesays.com\/fr\/wp-json\/wp\/v2\/media?parent=285632"}],"wp:term":[{"taxonomy":"category","embeddable":true,"href":"https:\/\/www.europesays.com\/fr\/wp-json\/wp\/v2\/categories?post=285632"},{"taxonomy":"post_tag","embeddable":true,"href":"https:\/\/www.europesays.com\/fr\/wp-json\/wp\/v2\/tags?post=285632"}],"curies":[{"name":"wp","href":"https:\/\/api.w.org\/{rel}","templated":true}]}}