{"id":285635,"date":"2025-07-31T01:49:11","date_gmt":"2025-07-31T01:49:11","guid":{"rendered":"https:\/\/www.europesays.com\/fr\/285635\/"},"modified":"2025-07-31T01:49:11","modified_gmt":"2025-07-31T01:49:11","slug":"pour-clara-chappaz-ministre-deleguee-du-numerique-la-taxe-de-15-pour-lue-ce-nest-pas-la-fin-du-match","status":"publish","type":"post","link":"https:\/\/www.europesays.com\/fr\/285635\/","title":{"rendered":"pour Clara Chappaz, ministre d\u00e9l\u00e9gu\u00e9e du num\u00e9rique, la taxe de 15% pour l&rsquo;UE, \u00ab\u00a0ce n&rsquo;est pas la fin du match\u00a0\u00bb"},"content":{"rendered":"<p>Droits de douane: pour Clara Chappaz, ministre d\u00e9l\u00e9gu\u00e9e du num\u00e9rique, la taxe de 15% pour l&rsquo;UE, \u00ab\u00a0ce n&rsquo;est pas la fin du match\u00a0\u00bbSur le m\u00eame sujet<a href=\"https:\/\/www.bfmtv.com\/politique\/video-intelligence-artificielle-on-a-investi-dans-nos-entreprises-dans-nos-infrastructures-109-milliards-d-euros-rappelle-clara-chappaz-ministre-deleguee-chargee-du-numerique_VN-202507300542.html\" title=\"Intelligence artificielle: &quot;On a investi dans nos entreprises, dans nos infrastructures 109 milliards d&#039;euros&quot;, rappelle Clara Chappaz, ministre d\u00e9l\u00e9gu\u00e9e charg\u00e9e du Num\u00e9rique\" rel=\"nofollow noopener\" target=\"_blank\"><img width=\"16\" height=\"9\" class=\"lozad\"  alt=\"Intelligence artificielle: &quot;On a investi dans nos entreprises, dans nos infrastructures 109 milliards d'euros&quot;, rappelle Clara Chappaz, ministre d\u00e9l\u00e9gu\u00e9e charg\u00e9e du Num\u00e9rique\"\/>1:43Intelligence artificielle: \u00ab\u00a0On a investi dans nos entreprises, dans nos infrastructures 109 milliards d&rsquo;euros\u00a0\u00bb, rappelle Clara Chappaz, ministre d\u00e9l\u00e9gu\u00e9e charg\u00e9e du Num\u00e9rique<\/a><a href=\"https:\/\/www.bfmtv.com\/politique\/video-droits-de-douane-pour-clara-chappaz-ministre-deleguee-du-numerique-c-est-un-accord-perdant-perdant_VN-202507300540.html\" title=\"Droits de douane: pour Clara Chappaz, ministre d\u00e9l\u00e9gu\u00e9e du num\u00e9rique, &quot;c&#039;est un accord perdant-perdant&quot;\" rel=\"nofollow noopener\" target=\"_blank\"><img width=\"16\" height=\"9\" class=\"lozad\"  alt=\"Droits de douane: pour Clara Chappaz, ministre d\u00e9l\u00e9gu\u00e9e du num\u00e9rique, &quot;c'est un accord perdant-perdant&quot;\"\/>1:34Droits de douane: pour Clara Chappaz, ministre d\u00e9l\u00e9gu\u00e9e du num\u00e9rique, \u00ab\u00a0c&rsquo;est un accord perdant-perdant\u00a0\u00bb<\/a><a href=\"https:\/\/www.bfmtv.com\/politique\/video-droits-de-douane-pour-clara-chappaz-ministre-deleguee-du-numerique-la-taxe-de-15-pour-l-ue-ce-n-est-pas-la-fin-du-match_VN-202507300539.html\" title=\"Droits de douane: pour Clara Chappaz, ministre d\u00e9l\u00e9gu\u00e9e du num\u00e9rique, la taxe de 15% pour l&#039;UE, &quot;ce n&#039;est pas la fin du match&quot;\" rel=\"nofollow noopener\" target=\"_blank\"><img width=\"16\" height=\"9\" class=\"lozad\"  alt=\"Droits de douane: pour Clara Chappaz, ministre d\u00e9l\u00e9gu\u00e9e du num\u00e9rique, la taxe de 15% pour l'UE, &quot;ce n'est pas la fin du match&quot;\"\/>en lectureDroits de douane: pour Clara Chappaz, ministre d\u00e9l\u00e9gu\u00e9e du num\u00e9rique, la taxe de 15% pour l&rsquo;UE, \u00ab\u00a0ce n&rsquo;est pas la fin du match\u00a0\u00bb<\/a><a href=\"https:\/\/www.bfmtv.com\/economie\/video-une-question-sur-laquelle-l-accord-ne-vient-pas-c-est-services-numeriques-estime-clara-chappaz_VN-202507300538.html\" title=\"&quot;Une question sur laquelle l&#039;accord ne vient pas c&#039;est services num\u00e9riques&quot;, estime Clara Chappaz\" rel=\"nofollow noopener\" target=\"_blank\"><img width=\"16\" height=\"9\" class=\"lozad\"  alt=\"&quot;Une question sur laquelle l'accord ne vient pas c'est services num\u00e9riques&quot;, estime Clara Chappaz\"\/>1:46&Prime;Une question sur laquelle l&rsquo;accord ne vient pas c&rsquo;est services num\u00e9riques\u00a0\u00bb, estime Clara Chappaz<\/a><a href=\"https:\/\/www.bfmtv.com\/politique\/video-droits-de-douane-veronique-louwagie-ministre-du-commerce-rappelle-que-la-france-n-est-pas-le-pays-le-plus-concerne-au-niveau-de-l-europe-sur-les-exportations-d-acier-et-d-aluminium_VN-202507300532.html\" title=\"Droits de douane: V\u00e9ronique Louwagie, ministre du Commerce, rappelle que &quot;la France n&#039;est pas le pays le plus concern\u00e9 au niveau de l&#039;Europe sur les exportations d&#039;acier et d&#039;aluminium&quot; \" rel=\"nofollow noopener\" target=\"_blank\"><img width=\"16\" height=\"9\" class=\"lozad\"  alt=\"Droits de douane: V\u00e9ronique Louwagie, ministre du Commerce, rappelle que &quot;la France n'est pas le pays le plus concern\u00e9 au niveau de l'Europe sur les exportations d'acier et d'aluminium&quot; \"\/>2:06Droits de douane: V\u00e9ronique Louwagie, ministre du Commerce, rappelle que \u00ab\u00a0la France n&rsquo;est pas le pays le plus concern\u00e9 au niveau de l&rsquo;Europe sur les exportations d&rsquo;acier et d&rsquo;aluminium\u00a0\u00bb<\/a><a href=\"https:\/\/www.bfmtv.com\/economie\/video-droits-de-douane-il-nous-faut-proteger-nos-entreprises-de-ces-flux-commerciaux-indique-veronique-louwagie-ministre-du-commerce-a-propos-des-plateformes-asiatiques_VN-202507300531.html\" title=\"Droits de douane: &quot;Il nous faut prot\u00e9ger nos entreprises de ces flux commerciaux&quot;, indique V\u00e9ronique Louwagie, ministre du Commerce, \u00e0 propos des plateformes asiatiques \" rel=\"nofollow noopener\" target=\"_blank\"><img width=\"16\" height=\"9\" class=\"lozad\"  alt=\"Droits de douane: &quot;Il nous faut prot\u00e9ger nos entreprises de ces flux commerciaux&quot;, indique V\u00e9ronique Louwagie, ministre du Commerce, \u00e0 propos des plateformes asiatiques \"\/>2:01Droits de douane: \u00ab\u00a0Il nous faut prot\u00e9ger nos entreprises de ces flux commerciaux\u00a0\u00bb, indique V\u00e9ronique Louwagie, ministre du Commerce, \u00e0 propos des plateformes asiatiques<\/a><a href=\"https:\/\/www.bfmtv.com\/politique\/video-droits-de-douane-pour-veronique-louwagie-ministre-du-commerce-les-premiers-impactes-seront-les-americains_VN-202507300526.html\" title=\"Droits de douane: pour V\u00e9ronique Louwagie, ministre du Commerce, &quot;les premiers impact\u00e9s seront les Am\u00e9ricains&quot;\" rel=\"nofollow noopener\" target=\"_blank\"><img width=\"16\" height=\"9\" class=\"lozad\"  alt=\"Droits de douane: pour V\u00e9ronique Louwagie, ministre du Commerce, &quot;les premiers impact\u00e9s seront les Am\u00e9ricains&quot;\"\/>2:25Droits de douane: pour V\u00e9ronique Louwagie, ministre du Commerce, \u00ab\u00a0les premiers impact\u00e9s seront les Am\u00e9ricains\u00a0\u00bb<\/a><a href=\"https:\/\/www.bfmtv.com\/politique\/video-droits-de-douane-de-15-pour-l-ue-est-ce-que-c-est-un-bon-accord-non-affirme-veronique-louwagie-ministre-du-commerce_VN-202507300525.html\" title=\"Droits de douane de 15% pour l&#039;UE: \u201cEst-ce que c\u2019est un bon accord? Non\u201d, affirme V\u00e9ronique Louwagie, ministre du Commerce \" rel=\"nofollow noopener\" target=\"_blank\"><img width=\"16\" height=\"9\" class=\"lozad\"  alt=\"Droits de douane de 15% pour l'UE: \u201cEst-ce que c\u2019est un bon accord? Non\u201d, affirme V\u00e9ronique Louwagie, ministre du Commerce \"\/>0:44Droits de douane de 15% pour l&rsquo;UE: \u201cEst-ce que c\u2019est un bon accord? Non\u201d, affirme V\u00e9ronique Louwagie, ministre du Commerce<\/a><a href=\"https:\/\/www.bfmtv.com\/politique\/video-droits-de-douane-de-15-pour-l-ue-on-veut-proteger-nos-entreprises-et-nos-emplois-explique-veronique-louwagie-ministre-du-commerce_VN-202507300522.html\" title=\"Droits de douane de 15% pour l&#039;UE: &quot;On veut prot\u00e9ger nos entreprises et nos emplois&quot;, explique V\u00e9ronique Louwagie, ministre du Commerce\" rel=\"nofollow noopener\" target=\"_blank\"><img width=\"16\" height=\"9\" class=\"lozad\"  alt=\"Droits de douane de 15% pour l'UE: &quot;On veut prot\u00e9ger nos entreprises et nos emplois&quot;, explique V\u00e9ronique Louwagie, ministre du Commerce\"\/>0:44Droits de douane de 15% pour l&rsquo;UE: \u00ab\u00a0On veut prot\u00e9ger nos entreprises et nos emplois\u00a0\u00bb, explique V\u00e9ronique Louwagie, ministre du Commerce<\/a><a href=\"https:\/\/www.bfmtv.com\/replay-emissions\/bfm-story\/video-story-7-taxes-trump-la-france-impuissante-30-07_VN-202507300479.html\" title=\"Story 7 : Taxes Trump, la France impuissante ? - 30\/07\" rel=\"nofollow noopener\" target=\"_blank\"><img width=\"16\" height=\"9\" class=\"lozad\"  alt=\"Story 7 : Taxes Trump, la France impuissante ? - 30\/07\"\/>18:07Story 7 : Taxes Trump, la France impuissante ? &#8211; 30\/07<\/a><a href=\"https:\/\/www.bfmtv.com\/replay-emissions\/bfm-story\/video-story-6-ultimatum-a-poutine-trump-joue-sa-credibilite-30-07_VN-202507300474.html\" title=\"Story 6 : Ultimatum \u00e0 Poutine, Trump joue sa cr\u00e9dibilit\u00e9 - 30\/07\" rel=\"nofollow noopener\" target=\"_blank\"><img width=\"16\" height=\"9\" class=\"lozad\"  alt=\"Story 6 : Ultimatum \u00e0 Poutine, Trump joue sa cr\u00e9dibilit\u00e9 - 30\/07\"\/>13:09Story 6 : Ultimatum \u00e0 Poutine, Trump joue sa cr\u00e9dibilit\u00e9 &#8211; 30\/07<\/a><a href=\"https:\/\/www.bfmtv.com\/societe\/video-restaurateurs-en-danger-a-quand-une-loi-sur-le-fait-maison-qui-protegera-les-restaurants-et-l-artisanat-des-metiers-de-bouche-indique-thierry-marx_VN-202507300472.html\" title=\"Restaurateurs en danger: &quot;\u00c0 quand une loi sur le fait-maison, qui prot\u00e9gera les restaurants et l&#039;artisanat des m\u00e9tiers de bouche&quot;, indique Thierry Marx\" rel=\"nofollow noopener\" target=\"_blank\"><img width=\"16\" height=\"9\" class=\"lozad\"  alt=\"Restaurateurs en danger: &quot;\u00c0 quand une loi sur le fait-maison, qui prot\u00e9gera les restaurants et l'artisanat des m\u00e9tiers de bouche&quot;, indique Thierry Marx\"\/>1:53Restaurateurs en danger: \u00ab\u00a0\u00c0 quand une loi sur le fait-maison, qui prot\u00e9gera les restaurants et l&rsquo;artisanat des m\u00e9tiers de bouche\u00a0\u00bb, indique Thierry Marx<\/a><a href=\"https:\/\/www.bfmtv.com\/societe\/video-thierry-marx-deplore-la-fermeture-de-25-restaurants-par-jour-en-france_VN-202507300471.html\" title=\"Thierry Marx d\u00e9plore la fermeture de &quot;25 restaurants par jour en France&quot;\" rel=\"nofollow noopener\" target=\"_blank\"><img width=\"16\" height=\"9\" class=\"lozad\"  alt=\"Thierry Marx d\u00e9plore la fermeture de &quot;25 restaurants par jour en France&quot;\"\/>1:02Thierry Marx d\u00e9plore la fermeture de \u00ab\u00a025 restaurants par jour en France\u00a0\u00bb<\/a><a href=\"https:\/\/www.bfmtv.com\/economie\/video-deux-jours-feries-supprimes-il-y-a-un-manque-a-gagner-pour-l-hotellerie-et-la-restauration-qui-va-etre-assez-important-estime-thierry-marx_VN-202507300467.html\" title=\"Deux jours f\u00e9ri\u00e9s supprim\u00e9s: &quot;Il y a un manque \u00e0 gagner pour l&#039;h\u00f4tellerie et la restauration qui va \u00eatre assez important&quot;, estime Thierry Marx\" rel=\"nofollow noopener\" target=\"_blank\"><img width=\"16\" height=\"9\" class=\"lozad\"  alt=\"Deux jours f\u00e9ri\u00e9s supprim\u00e9s: &quot;Il y a un manque \u00e0 gagner pour l'h\u00f4tellerie et la restauration qui va \u00eatre assez important&quot;, estime Thierry Marx\"\/>1:06Deux jours f\u00e9ri\u00e9s supprim\u00e9s: \u00ab\u00a0Il y a un manque \u00e0 gagner pour l&rsquo;h\u00f4tellerie et la restauration qui va \u00eatre assez important\u00a0\u00bb, estime Thierry Marx<\/a><a class=\"jumpToVideo\" target=\"_blank\"><img class=\"thumbnailPreview\"\/><\/a><\/p>\n","protected":false},"excerpt":{"rendered":"Droits de douane: pour Clara Chappaz, ministre d\u00e9l\u00e9gu\u00e9e du num\u00e9rique, la taxe de 15% pour l&rsquo;UE, \u00ab\u00a0ce n&rsquo;est&hellip;\n","protected":false},"author":2,"featured_media":285636,"comment_status":"","ping_status":"","sticky":false,"template":"","format":"standard","meta":{"footnotes":""},"categories":[1586],"tags":[11,1777,674,1779,1011,27,12,25,1778,364],"class_list":{"0":"post-285635","1":"post","2":"type-post","3":"status-publish","4":"format-standard","5":"has-post-thumbnail","7":"category-europe","8":"tag-actualites","9":"tag-eu","10":"tag-europe","11":"tag-european-union","12":"tag-fr","13":"tag-france","14":"tag-news","15":"tag-republique-francaise","16":"tag-ue","17":"tag-union-europeenne"},"share_on_mastodon":{"url":"https:\/\/pubeurope.com\/@fr\/114945337878975959","error":""},"_links":{"self":[{"href":"https:\/\/www.europesays.com\/fr\/wp-json\/wp\/v2\/posts\/285635","targetHints":{"allow":["GET"]}}],"collection":[{"href":"https:\/\/www.europesays.com\/fr\/wp-json\/wp\/v2\/posts"}],"about":[{"href":"https:\/\/www.europesays.com\/fr\/wp-json\/wp\/v2\/types\/post"}],"author":[{"embeddable":true,"href":"https:\/\/www.europesays.com\/fr\/wp-json\/wp\/v2\/users\/2"}],"replies":[{"embeddable":true,"href":"https:\/\/www.europesays.com\/fr\/wp-json\/wp\/v2\/comments?post=285635"}],"version-history":[{"count":0,"href":"https:\/\/www.europesays.com\/fr\/wp-json\/wp\/v2\/posts\/285635\/revisions"}],"wp:featuredmedia":[{"embeddable":true,"href":"https:\/\/www.europesays.com\/fr\/wp-json\/wp\/v2\/media\/285636"}],"wp:attachment":[{"href":"https:\/\/www.europesays.com\/fr\/wp-json\/wp\/v2\/media?parent=285635"}],"wp:term":[{"taxonomy":"category","embeddable":true,"href":"https:\/\/www.europesays.com\/fr\/wp-json\/wp\/v2\/categories?post=285635"},{"taxonomy":"post_tag","embeddable":true,"href":"https:\/\/www.europesays.com\/fr\/wp-json\/wp\/v2\/tags?post=285635"}],"curies":[{"name":"wp","href":"https:\/\/api.w.org\/{rel}","templated":true}]}}