{"id":285644,"date":"2025-07-31T01:56:10","date_gmt":"2025-07-31T01:56:10","guid":{"rendered":"https:\/\/www.europesays.com\/fr\/285644\/"},"modified":"2025-07-31T01:56:10","modified_gmt":"2025-07-31T01:56:10","slug":"arthur-fils-pablo-carreno-busta-atp-1000-open-du-canada-deuxieme-tour-jeudi-31-juillet-2025-lequipe","status":"publish","type":"post","link":"https:\/\/www.europesays.com\/fr\/285644\/","title":{"rendered":"Arthur Fils &#8211; Pablo Carreno Busta, ATP 1000, Open du Canada, Deuxi\u00e8me tour, Jeudi 31 juillet 2025 &#8211; L&#039;\u00c9quipe"},"content":{"rendered":"<ol>\n<li><a href=\"https:\/\/news.google.com\/rss\/articles\/CBMi0wFBVV95cUxQNlNwSkZkaGtfaUMwNU0tWFl5Q3h5bjhkaHNCc3pCMkdOSTNLRHNwRHRielBrNE1ibFNESnRSX093TmNRY3h4VXFGdk5RY2FVUU01QUpUT0FZVFhteDR5ODFVQkJRVjNxZ1hrcEw1U1ZLVExtRjVXdkl4dnFwalJyU2tONElHNzhmTnBKMHhYYzFtZVRfY0ctV1lnSkhFdzMtdlY2RzdrZ0JUV3VoRm1QZ21jbWFzTmZ4QXZmMFBySmVlR1Uxdmh0Y1phTmVQZ1JBcUVB?oc=5\" target=\"_blank\" rel=\"nofollow noopener\">Arthur Fils &#8211; Pablo Carreno Busta, ATP 1000, Open du Canada, Deuxi\u00e8me tour, Jeudi 31 juillet 2025<\/a>&nbsp;&nbsp;L&rsquo;\u00c9quipe<\/li>\n<li><a href=\"https:\/\/news.google.com\/rss\/articles\/CBMi3gFBVV95cUxQVDBmRUZSOHJYRkFWUVNtYnJaMksxSWxMbVRGNWNtdG9mS2dqUThMbUM4WV90V1BhZlg4ak14THdDeFZ0VkpJRWF0TEQ2dGFtdXVMVl8zazZBeF9QTTlRT1pjQloyRmtSeXBHMTdURUtHbEVRUnRqcXU4Y3lobFpnVFkxZXRNbVJEZXpxZlVsODd6UGpSSEpldUU4V2dHU1hYdV9SWlJFSzdDbGkwcW9wUnJEWm5IT1Y4RTlYbHRlcXNfSmxXZFY4Z2tuWGdYVU1fMFRYLU1IN01vMzhOa0E?oc=5\" target=\"_blank\" rel=\"nofollow noopener\">Masters de Toronto &#8211; Arthur Fils, un plaisir \u00e0 retrouver, un corps \u00e0 dompter<\/a>&nbsp;&nbsp;Eurosport<\/li>\n<li><a href=\"https:\/\/news.google.com\/rss\/articles\/CBMihAFBVV95cUxPYnVTX2dxUzVMMG5pcGNWSm1MMFhHQm9ZeUp2WDVYZ0JJMHNTejF0MDFoaXBlT3Z5R2dvRjdQQTJLZDJEcWwwMWZ0UVplMTJISmZWYWhXbUlxMV9yQ3VXNTZpM0htcXJZUHQ1QVVrWjRaTnNYUGRzbWcyRWxCb2Jpdy0tXzQ?oc=5\" target=\"_blank\" rel=\"nofollow noopener\">Retour de Fils, Mannarino-Shelton : le programme du mercredi 30 juillet \u00e0 Toronto<\/a>&nbsp;&nbsp;Tennis Temple<\/li>\n<li><a href=\"https:\/\/news.google.com\/rss\/articles\/CBMiyAFBVV95cUxPcWQtVm1lNWZ6Rm5pb1R4V1lVYmNjNVAwU1ZPTkZYV1phR0pod0tlMDJFeGI5eG1MNW80clBhRG9aMmtZbFhQM0V2d2cwZTFFZ3NpdGJQXzFCcTM2b19hbmJQZ0FMOWVhRVVnaFVkWFlzbjBfLWQzSFZfUlJzZFdqUDVWSW5UMmRWVGZBTnl4VWVudXFUb2lRSjJTM19kd1ktSWZ6b1JfWlEyUURrLUxFTUFfbFptTWJkN1NPNXNGQVdBblNXaHlIVNIBxwFBVV95cUxQYVJQYm5aRzA0ZHp6UW5UakNzazVONUs1VGhSaG1Ma0UwSGZiejlNbFVfTGc3cDlTbzg4TXJfYmtick9hSnZUZ0lpRjZIZ3E0N1Bjb2kxdVg1NkRWWnZuaUl6YVUyOXY2QndVUkNJWUd4THhiMTdRdlYtcDRjYWVuLWlvbFBLc2ZTd1NiY3g4a0hIZmh0RHl2Ymw5UnpIUXZ5cXljc2FHN1ZaNzhRNHdfbW53R0YwTTdMdGo0T0E5Z2d6MTJMVkJZ?oc=5\" target=\"_blank\" rel=\"nofollow noopener\">ATP &#8211; Toronto : Fils va enfin faire son retour \u00e0 la comp\u00e9tition<\/a>&nbsp;&nbsp;Orange Actualit\u00e9s | Sports<\/li>\n<li><a href=\"https:\/\/news.google.com\/rss\/articles\/CBMiyAFBVV95cUxOVXBXdHdlc2E2ZmhRbHBLZHd3ek1HRVVsVDRFLTBNYVBnWU5HV3lXZmc4ckpIU1kzNkFMM0JNeWIySXJzMnU1S2Yxc2JRc1BpVWp2VzA2N2wxSFUya0JJOWJJbkFYS2FJV3J0ZV84ZTNfOS1tTk9qZndnTm9ndGRLei1HQmVkUWNjZ20zdngtdm9oV3BFSlBtQVpOclZPOUJZd05ncWtLMXpYUS16clVyVXNYVUN4NDFEWkRiam1NSUR1VzFwem5Ycw?oc=5\" target=\"_blank\" rel=\"nofollow noopener\">\u00c0 TVA SPORTS: Auger-Aliassime et Diallo font leur entr\u00e9e en sc\u00e8ne \u00e0 l\u2019Omnium Banque Nationale<\/a>&nbsp;&nbsp;QUB radio<\/li>\n<\/ol>\n","protected":false},"excerpt":{"rendered":"Arthur Fils &#8211; Pablo Carreno Busta, ATP 1000, Open du Canada, Deuxi\u00e8me tour, Jeudi 31 juillet 2025&nbsp;&nbsp;L&rsquo;\u00c9quipe Masters&hellip;\n","protected":false},"author":2,"featured_media":1983,"comment_status":"","ping_status":"","sticky":false,"template":"","format":"standard","meta":{"footnotes":""},"categories":[1415],"tags":[1011,27,60,1467],"class_list":{"0":"post-285644","1":"post","2":"type-post","3":"status-publish","4":"format-standard","5":"has-post-thumbnail","7":"category-tennis","8":"tag-fr","9":"tag-france","10":"tag-sports","11":"tag-tennis"},"share_on_mastodon":{"url":"https:\/\/pubeurope.com\/@fr\/114945365281168673","error":""},"_links":{"self":[{"href":"https:\/\/www.europesays.com\/fr\/wp-json\/wp\/v2\/posts\/285644","targetHints":{"allow":["GET"]}}],"collection":[{"href":"https:\/\/www.europesays.com\/fr\/wp-json\/wp\/v2\/posts"}],"about":[{"href":"https:\/\/www.europesays.com\/fr\/wp-json\/wp\/v2\/types\/post"}],"author":[{"embeddable":true,"href":"https:\/\/www.europesays.com\/fr\/wp-json\/wp\/v2\/users\/2"}],"replies":[{"embeddable":true,"href":"https:\/\/www.europesays.com\/fr\/wp-json\/wp\/v2\/comments?post=285644"}],"version-history":[{"count":0,"href":"https:\/\/www.europesays.com\/fr\/wp-json\/wp\/v2\/posts\/285644\/revisions"}],"wp:featuredmedia":[{"embeddable":true,"href":"https:\/\/www.europesays.com\/fr\/wp-json\/wp\/v2\/media\/1983"}],"wp:attachment":[{"href":"https:\/\/www.europesays.com\/fr\/wp-json\/wp\/v2\/media?parent=285644"}],"wp:term":[{"taxonomy":"category","embeddable":true,"href":"https:\/\/www.europesays.com\/fr\/wp-json\/wp\/v2\/categories?post=285644"},{"taxonomy":"post_tag","embeddable":true,"href":"https:\/\/www.europesays.com\/fr\/wp-json\/wp\/v2\/tags?post=285644"}],"curies":[{"name":"wp","href":"https:\/\/api.w.org\/{rel}","templated":true}]}}