{"id":285645,"date":"2025-07-31T01:58:19","date_gmt":"2025-07-31T01:58:19","guid":{"rendered":"https:\/\/www.europesays.com\/fr\/285645\/"},"modified":"2025-07-31T01:58:19","modified_gmt":"2025-07-31T01:58:19","slug":"record-daffluence-au-grand-prix-de-france","status":"publish","type":"post","link":"https:\/\/www.europesays.com\/fr\/285645\/","title":{"rendered":"record d&rsquo;affluence au Grand Prix de France"},"content":{"rendered":"<p class=\"intro \">Le Grand Prix de France de MotoGP a battu le record d&rsquo;affluence absolu pour une \u00e9preuve du championnat du monde de motocyclisme en accueillant 311.797 spectateurs au circuit Bugatti du Mans durant le week-end. Le Grand Prix de France, organis\u00e9 depuis plus de trente ans, d\u00e9tenait d\u00e9j\u00e0 le pr\u00e9c\u00e9dent record avec pr\u00e8s de 298.000 spectateurs comptabilis\u00e9s l&rsquo;an pass\u00e9.<\/p>\n<p>Le Grand Prix de France de MotoGP a battu le record d&rsquo;affluence absolu pour une \u00e9preuve du championnat du monde de motocyclisme en accueillant 311.797 spectateurs au circuit Bugatti du Mans durant le week-end, a annonc\u00e9 dimanche la Dorna, promoteur du MotoGP.<\/p>\n<p>    La suite apr\u00e8s cette publicit\u00e9<\/p>\n<p>    La suite apr\u00e8s cette publicit\u00e9<\/p>\n<p>Plus de 300.000 personnes<\/p>\n<p>C&rsquo;est la premi\u00e8re fois de l&rsquo;histoire du championnat MotoGP, lanc\u00e9 en 1949, qu&rsquo;un Grand Prix attire plus de 300.000 personnes au cours d&rsquo;un week-end.\u00a0Le Grand Prix de France, organis\u00e9 depuis plus de trente ans par l&rsquo;Auvergnat Claude Michy, ancien pr\u00e9sident du Clermont Foot, d\u00e9tenait d\u00e9j\u00e0 le pr\u00e9c\u00e9dent record avec pr\u00e8s de 298.000 spectateurs comptabilis\u00e9s l&rsquo;an pass\u00e9.<\/p>\n<p>Un trac\u00e9 mythique qui f\u00eate ses 60 ans<\/p>\n<p>Plus de 120.000 personnes se sont mass\u00e9es dimanche autour du mythique trac\u00e9 sarthois, qui f\u00eate ses 60 ans en 2025, pour assister aux Grand Prix de France dans les cat\u00e9gories Moto3, Moto2 et MotoGP. Ce nombre constitue aussi un record.\u00a0\u00ab\u00a0Ce n&rsquo;est pas une fin en soi. L&rsquo;objectif n&rsquo;est pas de battre un record, c&rsquo;est de satisfaire les fans\u00a0\u00bb, avait soulign\u00e9 Claude Michy aupr\u00e8s de l&rsquo;AFP vendredi.<\/p>\n<p>    La suite apr\u00e8s cette publicit\u00e9<\/p>\n<p>    La suite apr\u00e8s cette publicit\u00e9<\/p>\n<p>\u00ab\u00a0Le Mans est devenu un rendez-vous un peu particulier et incontournable. On a d\u00e9sormais une forme de communaut\u00e9. Les gens entrent presque en religion. C&rsquo;est comme l&rsquo;OM \u00e0 Marseille\u00a0\u00bb, avait-il ajout\u00e9.\u00a0Le Grand Prix de France de MotoGP au Mans a encore de beaux jours devant lui puisque le contrat liant le circuit Bugatti \u00e0 la Dorna a \u00e9t\u00e9 prolong\u00e9 le mois dernier jusqu&rsquo;en 2031.<\/p>\n","protected":false},"excerpt":{"rendered":"Le Grand Prix de France de MotoGP a battu le record d&rsquo;affluence absolu pour une \u00e9preuve du championnat&hellip;\n","protected":false},"author":2,"featured_media":285646,"comment_status":"","ping_status":"","sticky":false,"template":"","format":"standard","meta":{"footnotes":""},"categories":[1413],"tags":[1011,27,1457,1456,60],"class_list":{"0":"post-285645","1":"post","2":"type-post","3":"status-publish","4":"format-standard","5":"has-post-thumbnail","7":"category-moto","8":"tag-fr","9":"tag-france","10":"tag-moto","11":"tag-motocycle","12":"tag-sports"},"share_on_mastodon":{"url":"https:\/\/pubeurope.com\/@fr\/114945373243790955","error":""},"_links":{"self":[{"href":"https:\/\/www.europesays.com\/fr\/wp-json\/wp\/v2\/posts\/285645","targetHints":{"allow":["GET"]}}],"collection":[{"href":"https:\/\/www.europesays.com\/fr\/wp-json\/wp\/v2\/posts"}],"about":[{"href":"https:\/\/www.europesays.com\/fr\/wp-json\/wp\/v2\/types\/post"}],"author":[{"embeddable":true,"href":"https:\/\/www.europesays.com\/fr\/wp-json\/wp\/v2\/users\/2"}],"replies":[{"embeddable":true,"href":"https:\/\/www.europesays.com\/fr\/wp-json\/wp\/v2\/comments?post=285645"}],"version-history":[{"count":0,"href":"https:\/\/www.europesays.com\/fr\/wp-json\/wp\/v2\/posts\/285645\/revisions"}],"wp:featuredmedia":[{"embeddable":true,"href":"https:\/\/www.europesays.com\/fr\/wp-json\/wp\/v2\/media\/285646"}],"wp:attachment":[{"href":"https:\/\/www.europesays.com\/fr\/wp-json\/wp\/v2\/media?parent=285645"}],"wp:term":[{"taxonomy":"category","embeddable":true,"href":"https:\/\/www.europesays.com\/fr\/wp-json\/wp\/v2\/categories?post=285645"},{"taxonomy":"post_tag","embeddable":true,"href":"https:\/\/www.europesays.com\/fr\/wp-json\/wp\/v2\/tags?post=285645"}],"curies":[{"name":"wp","href":"https:\/\/api.w.org\/{rel}","templated":true}]}}