{"id":285655,"date":"2025-07-31T02:03:31","date_gmt":"2025-07-31T02:03:31","guid":{"rendered":"https:\/\/www.europesays.com\/fr\/285655\/"},"modified":"2025-07-31T02:03:31","modified_gmt":"2025-07-31T02:03:31","slug":"un-musee-consacre-a-hector-guimard-et-a-lart-nouveau-devrait-voir-le-jour-en-2028","status":"publish","type":"post","link":"https:\/\/www.europesays.com\/fr\/285655\/","title":{"rendered":"Un mus\u00e9e consacr\u00e9 \u00e0 Hector Guimard et \u00e0 l&rsquo;Art Nouveau devrait voir le jour en 2028"},"content":{"rendered":"\n<p class=\"c-chapo \">\n  Hector Guimard, figure de proue de L&rsquo;Art Nouveau, est l&rsquo;architecte fran\u00e7ais qui a dessin\u00e9 les entr\u00e9es du m\u00e9tro parisien.\n<\/p>\n<p>            lire plus tard<\/p>\n<p id=\"dialog__title\" class=\"dialog__title\">Pour sauvegarder cet article, connectez-vous ou cr\u00e9ez un compte franceinfo<\/p>\n<p class=\"dialog__description\">Sans paiement. Sans abonnement.<\/p>\n<p>        Fermer la fen\u00eatre d\u2019activation des notifications France Info<\/p>\n<p>            cr\u00e9er votre compte<\/p>\n<p>            se connecter<\/p>\n<p>        Fermer la fen\u00eatre de pr\u00e9sentation<\/p>\n<p>    <img loading=\"lazy\" decoding=\"async\" class=\"signature__image lazyload\" width=\"100\" height=\"100\" data- alt=\"\" src=\"https:\/\/www.europesays.com\/fr\/wp-content\/uploads\/2025\/05\/64abd44855ee1_placeholder-36b69ec8.png\"\/><\/p>\n<p>          France T\u00e9l\u00e9visions &#8211; R\u00e9daction Culture<\/p>\n<p>    Publi\u00e9 le 25\/07\/2025 13:10<\/p>\n<p>        Temps de lecture : 3min<\/p>\n<p>    <img decoding=\"async\"  alt=\"Entr\u00e9e de m\u00e9tro, dessin\u00e9e par Hector Guimard, Paris le 3 septembre 2019. (J-B NADEAU \/ ONLY FRANCE)\" width=\"432\" height=\"243\" src=\"https:\/\/www.europesays.com\/fr\/wp-content\/uploads\/2025\/07\/050-only-0396583-68836316611a9783357583.jpg\" fetchpriority=\"high\"\/><\/p>\n<p>      Entr\u00e9e de m\u00e9tro, dessin\u00e9e par Hector Guimard, Paris le 3 septembre 2019. (J-B NADEAU \/ ONLY FRANCE)<\/p>\n<p>Un mus\u00e9e d\u00e9di\u00e9 \u00e0 Hector Guimard (1867-1942) et \u00e0 l&rsquo;Art Nouveau devrait ouvrir ses portes en 2028 \u00e0 Paris dans un h\u00f4tel particulier \u00e9rig\u00e9 par cet architecte, \u00e9galement cr\u00e9ateur des entr\u00e9es du m\u00e9tro parisien.<\/p>\n<p>La \u00ab\u00a0premi\u00e8re \u00e9tape\u00a0\u00bb du projet est intervenue vendredi avec la signature de la \u00ab\u00a0promesse d&rsquo;un bail emphyt\u00e9otique de valorisation de 50 ans\u00a0\u00bb pour l&rsquo;h\u00f4tel Mezzara, par l&rsquo;Etat, propri\u00e9taire, le minist\u00e8re de la Culture et la Fonci\u00e8re Guimard, en pr\u00e9sence de la ministre de la Culture, Rachida Dati, pr\u00e9cise un communiqu\u00e9 du minist\u00e8re.<\/p>\n<p>    <img decoding=\"async\" class=\"cms-media-image lazyload\" alt=\"Vue de la fa\u00e7ade de l'H\u00f4tel Mezzara vue depuis le jardin. Cet h\u00f4tel particulier situe au 60, rue de la Fontaine dans le 16e arrondissement de Paris, construit en 1910 par l'architecte Hector Guimard (1867-1942), abritera le mus\u00e9e qui lui sera consacr\u00e9. (BRIDGEMAN IMAGES VIA AFP)\" width=\"720\" height=\"526.1135371179\" data- src=\"https:\/\/www.europesays.com\/fr\/wp-content\/uploads\/2025\/07\/054-nes143-688363d6d63ed779039425.jpg\"\/><\/p>\n<p>      Vue de la fa\u00e7ade de l&rsquo;H\u00f4tel Mezzara vue depuis le jardin. Cet h\u00f4tel particulier situe au 60, rue de la Fontaine dans le 16e arrondissement de Paris, construit en 1910 par l&rsquo;architecte Hector Guimard (1867-1942), abritera le mus\u00e9e qui lui sera consacr\u00e9. (BRIDGEMAN IMAGES VIA AFP)<\/p>\n<p>Erig\u00e9 dans le 16e arrondissement de la capitale en 1910 par Hector Guimard, repr\u00e9sentant majeur de l&rsquo;Art Nouveau en France, l&rsquo;h\u00f4tel Mezzara doit abriter le futur mus\u00e9e apr\u00e8s des travaux de restauration de \u00ab\u00a0douze mois\u00a0\u00bb. Sa date d&rsquo;ouverture est \u00ab\u00a0pr\u00e9vue en janvier 2028\u00a0\u00bb, ajoute le minist\u00e8re. Le prix de l&rsquo;entr\u00e9e devrait osciller entre 15 et 20 euros, selon le pr\u00e9sident du Cercle Guimard.<\/p>\n<p>Il s&rsquo;agit de \u00ab\u00a0valoriser et pr\u00e9server dans la dur\u00e9e cet h\u00f4tel. C&rsquo;est surtout une fa\u00e7on de le faire revivre en tant que mus\u00e9e consacr\u00e9 \u00e0 Guimard et \u00e0 l&rsquo;Art Nouveau\u00a0\u00bb, estime Rachida Dati, cit\u00e9e dans le communiqu\u00e9.<\/p>\n<p>Le mus\u00e9e \u00ab\u00a0permettra de red\u00e9couvrir l&rsquo;univers de l&rsquo;architecte fran\u00e7ais et plus largement le foisonnement et l&rsquo;influence de l&rsquo;Art Nouveau en France et en Europe\u00a0\u00bb, poursuit-elle. Jusqu&rsquo;\u00e0 pr\u00e9sent, le mus\u00e9e de l&rsquo;Ecole de Nancy et son joyau la villa Majorelle est l&rsquo;un des rares mus\u00e9es fran\u00e7ais d\u00e9di\u00e9 \u00e0 l&rsquo;Art Nouveau. Il est situ\u00e9 dans l&rsquo;ancienne propri\u00e9t\u00e9 du plus important collectionneur de \u00ab\u00a0l&rsquo;Ecole de Nancy\u00a0\u00bb, Eug\u00e8ne Corbin, qui en fut le pr\u00e9curseur. Le mus\u00e9e offre aussi un aper\u00e7u des oeuvres de Guimard, Chaplet, Selmersheim ou Carabin.\u00a0<\/p>\n<p>Inoccup\u00e9 depuis pr\u00e8s de dix ans et con\u00e7u pour un riche industriel, l&rsquo;\u00e9difice est class\u00e9 au titre des monuments historiques depuis 2016 avec son mobilier int\u00e9rieur d&rsquo;origine.<\/p>\n<p>Consid\u00e9r\u00e9 comme un chef-d\u2019\u0153uvre de l&rsquo;Art Nouveau, il fait partie des cr\u00e9ations embl\u00e9matiques de Guimard parmi lesquelles les entr\u00e9es du m\u00e9tro parisien avec leurs marquises, ferronneries vertes et lampadaires aux lignes v\u00e9g\u00e9tales.<\/p>\n<p>Ce mouvement artistique de la fin du XIXe et du d\u00e9but du XXe si\u00e8cles s&rsquo;appuie sur une esth\u00e9tique de la courbe et des motifs d\u00e9coratifs tout en arabesques florales et formes ovo\u00efdes, ce qui incita ses d\u00e9tracteurs \u00e0 l&rsquo;appeler \u00ab\u00a0style nouille\u00a0\u00bb.<\/p>\n<p>Les travaux de restauration du futur mus\u00e9e, estim\u00e9s \u00e0 environ six millions d&rsquo;euros, seront enti\u00e8rement financ\u00e9s par la Fonci\u00e8re Guimard, a pr\u00e9cis\u00e9 le minist\u00e8re \u00e0 l&rsquo;AFP. L&rsquo;acte d\u00e9finitif du bail emphyt\u00e9otique devrait intervenir \u00ab\u00a0dans les prochains mois\u00a0\u00bb, selon Rachida Dati.<\/p>\n","protected":false},"excerpt":{"rendered":"Hector Guimard, figure de proue de L&rsquo;Art Nouveau, est l&rsquo;architecte fran\u00e7ais qui a dessin\u00e9 les entr\u00e9es du m\u00e9tro&hellip;\n","protected":false},"author":2,"featured_media":285656,"comment_status":"","ping_status":"","sticky":false,"template":"","format":"standard","meta":{"footnotes":""},"categories":[1358],"tags":[1348,1384,1385,1386,58,59,1011,27],"class_list":{"0":"post-285655","1":"post","2":"type-post","3":"status-publish","4":"format-standard","5":"has-post-thumbnail","7":"category-arts-et-design","8":"tag-arts","9":"tag-arts-and-design","10":"tag-arts-et-design","11":"tag-design","12":"tag-divertissement","13":"tag-entertainment","14":"tag-fr","15":"tag-france"},"share_on_mastodon":{"url":"https:\/\/pubeurope.com\/@fr\/114945392986116606","error":""},"_links":{"self":[{"href":"https:\/\/www.europesays.com\/fr\/wp-json\/wp\/v2\/posts\/285655","targetHints":{"allow":["GET"]}}],"collection":[{"href":"https:\/\/www.europesays.com\/fr\/wp-json\/wp\/v2\/posts"}],"about":[{"href":"https:\/\/www.europesays.com\/fr\/wp-json\/wp\/v2\/types\/post"}],"author":[{"embeddable":true,"href":"https:\/\/www.europesays.com\/fr\/wp-json\/wp\/v2\/users\/2"}],"replies":[{"embeddable":true,"href":"https:\/\/www.europesays.com\/fr\/wp-json\/wp\/v2\/comments?post=285655"}],"version-history":[{"count":0,"href":"https:\/\/www.europesays.com\/fr\/wp-json\/wp\/v2\/posts\/285655\/revisions"}],"wp:featuredmedia":[{"embeddable":true,"href":"https:\/\/www.europesays.com\/fr\/wp-json\/wp\/v2\/media\/285656"}],"wp:attachment":[{"href":"https:\/\/www.europesays.com\/fr\/wp-json\/wp\/v2\/media?parent=285655"}],"wp:term":[{"taxonomy":"category","embeddable":true,"href":"https:\/\/www.europesays.com\/fr\/wp-json\/wp\/v2\/categories?post=285655"},{"taxonomy":"post_tag","embeddable":true,"href":"https:\/\/www.europesays.com\/fr\/wp-json\/wp\/v2\/tags?post=285655"}],"curies":[{"name":"wp","href":"https:\/\/api.w.org\/{rel}","templated":true}]}}