{"id":28566,"date":"2025-04-16T06:03:44","date_gmt":"2025-04-16T06:03:44","guid":{"rendered":"https:\/\/www.europesays.com\/fr\/28566\/"},"modified":"2025-04-16T06:03:44","modified_gmt":"2025-04-16T06:03:44","slug":"haute-goulaine-quatre-personnages-en-quete-de-pop","status":"publish","type":"post","link":"https:\/\/www.europesays.com\/fr\/28566\/","title":{"rendered":"Haute-Goulaine. Quatre personnages en qu\u00eate de pop"},"content":{"rendered":"<p>Pop est un spectacle tout droit sorti d\u2019un tableau de pop art, ce mouvement artistique qui s\u2019inspire de la culture populaire comme la bande dessin\u00e9e, la musique rock et pop, le kitsch.<\/p>\n<p>\u00a0Cette cr\u00e9ation met en sc\u00e8ne quatre danseurs, dont un musicien, qui puisent leur chor\u00e9graphie dans les gestuelles de personnages de bandes dessin\u00e9es, de jeux vid\u00e9os et de comics\u00a0, indique Solenn Pitou Delaplace, conceptrice du spectacle et danseuse.<\/p>\n<p>\u00a0Pop invite les spectateurs \u00e0 vivre les aventures \u00e9nergiques, abstraites et sensibles des quatre\u00a0interpr\u00e8tes\u00a0: des unissons impeccables, des d\u00e9calages jou\u00e9s, des port\u00e9s, des contacts, des gestes quotidiens. Nous nous sommes inspir\u00e9s des bandes dessin\u00e9es papier, mais aussi de films. Certains personnages comme Gaston Lagaffe, les Dupont et Dupont, Wonder Woman et Lucky Luke ont particuli\u00e8rement retenu notre attention.\u00a0<\/p>\n<p>Au Quatrain mercredi 23\u00a0avril \u00e0 16\u00a0h.<\/p>\n<p>\u00a0<\/p>\n","protected":false},"excerpt":{"rendered":"Pop est un spectacle tout droit sorti d\u2019un tableau de pop art, ce mouvement artistique qui s\u2019inspire de&hellip;\n","protected":false},"author":2,"featured_media":28567,"comment_status":"","ping_status":"","sticky":false,"template":"","format":"standard","meta":{"footnotes":""},"categories":[2818],"tags":[1111,11,1777,674,1011,27,10042,766,12,2636,10043,10044,9742,25,3272],"class_list":{"0":"post-28566","1":"post","2":"type-post","3":"status-publish","4":"format-standard","5":"has-post-thumbnail","7":"category-nantes","8":"tag-actu","9":"tag-actualites","10":"tag-eu","11":"tag-europe","12":"tag-fr","13":"tag-france","14":"tag-haute-goulaine","15":"tag-nantes","16":"tag-news","17":"tag-pays-de-la-loire","18":"tag-personnages","19":"tag-pop","20":"tag-quete","21":"tag-republique-francaise","22":"tag-saint-nazaire"},"share_on_mastodon":{"url":"https:\/\/pubeurope.com\/@fr\/114346131645484590","error":""},"_links":{"self":[{"href":"https:\/\/www.europesays.com\/fr\/wp-json\/wp\/v2\/posts\/28566","targetHints":{"allow":["GET"]}}],"collection":[{"href":"https:\/\/www.europesays.com\/fr\/wp-json\/wp\/v2\/posts"}],"about":[{"href":"https:\/\/www.europesays.com\/fr\/wp-json\/wp\/v2\/types\/post"}],"author":[{"embeddable":true,"href":"https:\/\/www.europesays.com\/fr\/wp-json\/wp\/v2\/users\/2"}],"replies":[{"embeddable":true,"href":"https:\/\/www.europesays.com\/fr\/wp-json\/wp\/v2\/comments?post=28566"}],"version-history":[{"count":0,"href":"https:\/\/www.europesays.com\/fr\/wp-json\/wp\/v2\/posts\/28566\/revisions"}],"wp:featuredmedia":[{"embeddable":true,"href":"https:\/\/www.europesays.com\/fr\/wp-json\/wp\/v2\/media\/28567"}],"wp:attachment":[{"href":"https:\/\/www.europesays.com\/fr\/wp-json\/wp\/v2\/media?parent=28566"}],"wp:term":[{"taxonomy":"category","embeddable":true,"href":"https:\/\/www.europesays.com\/fr\/wp-json\/wp\/v2\/categories?post=28566"},{"taxonomy":"post_tag","embeddable":true,"href":"https:\/\/www.europesays.com\/fr\/wp-json\/wp\/v2\/tags?post=28566"}],"curies":[{"name":"wp","href":"https:\/\/api.w.org\/{rel}","templated":true}]}}