{"id":285669,"date":"2025-07-31T02:10:11","date_gmt":"2025-07-31T02:10:11","guid":{"rendered":"https:\/\/www.europesays.com\/fr\/285669\/"},"modified":"2025-07-31T02:10:11","modified_gmt":"2025-07-31T02:10:11","slug":"la-lofi-girl-que-des-millions-dabonnes-aiment-regarder-etudier-a-enfin-ete-diplomee","status":"publish","type":"post","link":"https:\/\/www.europesays.com\/fr\/285669\/","title":{"rendered":"La \u00ab\u00a0Lofi Girl\u00a0\u00bb que des millions d\u2019abonn\u00e9s aiment regarder \u00e9tudier a enfin \u00e9t\u00e9 dipl\u00f4m\u00e9e"},"content":{"rendered":"<p>        <img decoding=\"async\" loading=\"lazy\" src=\"https:\/\/www.europesays.com\/fr\/wp-content\/uploads\/2025\/07\/851987e_upload-1-oo5mea7hhngr-nouveau-projet-17.jpg\"  width=\"728\" height=\"410\" alt=\"La \u00ab\u00a0Lofi Girl\u00a0\u00bb que des millions d\u2019abonn\u00e9s aiment regarder \u00e9tudier a enfin \u00e9t\u00e9 dipl\u00f4m\u00e9e.\"\/>  <\/p>\n<p>Capture d\u2019\u00e9cran Instagram (@lofigirl)<\/p>\n<p>La \u00ab\u00a0Lofi Girl\u00a0\u00bb que des millions d\u2019abonn\u00e9s aiment regarder \u00e9tudier a enfin \u00e9t\u00e9 dipl\u00f4m\u00e9e.<\/p>\n<p class=\"asset asset-text\">MUSIQUE &#8211; Ils sont des milliers \u00e0 la regarder travailler chaque jour. La \u00ab\u00a0Lofi Girl\u00a0\u00bb, un personnage bien connu des \u00e9tudiants sur internet, a annonc\u00e9 une bonne nouvelle \u00e0 ses abonn\u00e9s sur les <a href=\"https:\/\/www.huffingtonpost.fr\/international\/article\/l-australie-fait-un-pas-de-plus-dans-l-interdiction-des-reseaux-sociaux-avant-16-ans_253100.html\" rel=\"nofollow noopener\" target=\"_blank\">r\u00e9seaux sociaux<\/a> le mardi 29\u00a0juillet. La vid\u00e9o de cette jeune fille, pr\u00e9nomm\u00e9e Jade, est diffus\u00e9e en boucle quotidiennement sur <a href=\"https:\/\/www.huffingtonpost.fr\/tech-futurs\/article\/le-youtubeur-squeezie-se-justifie-apres-la-polemique-sur-son-usage-de-l-ia_252728.html\" rel=\"nofollow noopener\" target=\"_blank\">YouTube<\/a> o\u00f9 ses plus de 15\u00a0millions d\u2019abonn\u00e9s peuvent la voir \u00e9tudier, casque sur les oreilles, tandis qu\u2019une musique relaxante est diffus\u00e9e en fond.<\/p>\n<p class=\"asset asset-text\">L\u2019objectif de la cha\u00eene \u2013 initialement appel\u00e9e \u00ab\u00a0Chilled Cow\u00a0\u00bb \u2013 est de proposer un fond sonore agr\u00e9able pour travailler, avec en bonus l\u2019image motivante de Jade, grattant inlassablement sur son carnet. Mais les choses pourraient bient\u00f4t changer, si l\u2019on en croit le message publi\u00e9 par la \u00ab\u00a0Lofi Girl\u00a0\u00bb sur Instagram et sur X mardi dernier.<\/p>\n<p class=\"asset asset-text\">\u00ab\u00a0Je viens d\u2019avoir mon dipl\u00f4me\u00a0\u00bb, a-t-elle annonc\u00e9 dans une publication lik\u00e9e plus de 428\u00a0000\u00a0fois sur Instagram, o\u00f9 la jeune fille est v\u00eatue d\u2019un chapeau de dipl\u00f4m\u00e9e. <strong>Comme vous pouvez le voir dans la vid\u00e9o ci-dessous<\/strong>, elle montre un ordinateur o\u00f9 s\u2019affiche le message \u00ab\u00a0The End\u00a0\u00bb (la fin) et qu\u2019elle ferme en disant\u00a0: \u00ab\u00a0Enfin, j\u2019ai fini tous mes devoirs. Je ne sais pas ce que j\u2019ai appris, je sais que j\u2019ai termin\u00e9.\u00a0\u00bb<\/p>\n<p> La lecture de ce contenu est susceptible d\u2019entra\u00eener un d\u00e9p\u00f4t de cookies de la part de l\u2019op\u00e9rateur tiers qui l\u2019h\u00e9berge. Compte-tenu des choix que vous avez exprim\u00e9s en mati\u00e8re de d\u00e9p\u00f4t de cookies, nous avons bloqu\u00e9 l\u2019affichage de ce contenu. Si vous souhaitez y acc\u00e9der, vous devez accepter la cat\u00e9gorie de cookies \u201cContenus tiers\u201d en cliquant sur le bouton ci-dessous. <\/p>\n<p> Lire la Vid\u00e9o        Une (ex-)\u00e9tudiante qui r\u00e9side \u00e0 Lyon    <\/p>\n<p class=\"asset asset-text\">Si on ne sait pas exactement ce qu\u2019\u00e9tudie la \u00ab\u00a0Lofi Girl\u00a0\u00bb, mais une chose est s\u00fbre\u00a0: la jeune femme dessin\u00e9e dans un style rappelant celui du studio Ghibli habite \u00e0 <a href=\"https:\/\/www.huffingtonpost.fr\/faits-divers\/article\/rhone-le-detenu-qui-s-etait-evade-de-la-prison-de-lyon-corbas-interpelle_252563.html\" target=\"_blank\" rel=\"noopener nofollow\" title=\"Nouvelle fen\u00eatre\">Lyon<\/a>. C\u2019est ce qu\u2019avait expliqu\u00e9 en avril\u00a02020 Juan Pablo Machado, le dessinateur \u00e0 l\u2019origine de l\u2019animation de Jade travaillant \u00e0 son bureau. Interrog\u00e9 par <a href=\"https:\/\/actu.fr\/auvergne-rhone-alpes\/lyon_69123\/pop-culture-lofi-girl-live-youtube-lofi-hip-hop-radio-habite-lyon_32988561.html\" target=\"_blank\" rel=\"noopener nofollow\" title=\"Nouvelle fen\u00eatre\">actuLyon<\/a>, l\u2019artiste alors \u00e2g\u00e9 de 27\u00a0ans expliquait avoir cr\u00e9\u00e9 le personnage lorsqu\u2019il \u00e9tait \u00e9tudiant dans la capitale des Gaules.<\/p>\n<p class=\"asset asset-text\">En 2018, ce Colombien d\u2019origine avait r\u00e9pondu \u00e0 un appel d\u2019offres de la cha\u00eene \u00ab\u00a0Chilled Cow\u00a0\u00bb qui cherchait un personnage pour incarner ses directs YouTube diffusant de la musique \u00ab\u00a0lofi\u00a0\u00bb, au rythme lent et relaxant. C\u2019est ainsi qu\u2019est n\u00e9e la \u00ab\u00a0Lofi Girl\u00a0\u00bb, dont les Lyonnais auront peut-\u00eatre remarqu\u00e9 que sa fen\u00eatre donne sur les pentes de la <a href=\"https:\/\/www.huffingtonpost.fr\/france\/article\/le-pretre-de-croix-rousse-a-lyon-annonce-qu-il-va-devenir-papa-et-demissionne_227249.html\" rel=\"nofollow noopener\" target=\"_blank\">Croix-Rousse<\/a>.<\/p>\n<p class=\"asset asset-text\">Une vue que les fans de la cha\u00eene YouTube ont eu peur de voir dispara\u00eetre. S\u2019ils sont beaucoup \u00e0 avoir f\u00e9licit\u00e9 Jade pour son dipl\u00f4me, plusieurs d\u2019entre eux ont fait part de leur inqui\u00e9tude dans les commentaires Instagram. \u00ab\u00a0EST-CE QU\u2019ELLE S\u2019EN VA\u00a0?\u00a0\u00bb, a demand\u00e9 une internaute, quand un autre se demande si \u00ab\u00a0c\u2019est la fin d\u2019une \u00e9poque\u00a0\u00bb. En r\u00e9alit\u00e9, la \u00ab\u00a0Lofi Girl\u00a0\u00bb ne semble pas avoir vraiment fini de travailler, puisque son direct \u00ab\u00a0lofi hip-hop radio\u00a0\u00bb est toujours disponible sur YouTube, o\u00f9 il est suivi par plus de 23\u00a0000\u00a0personnes au moment de l\u2019\u00e9criture de cet article.<\/p>\n<p class=\"asset asset-text\">Reste \u00e0 voir si Jade va changer de cadre de travail maintenant qu\u2019elle est dipl\u00f4m\u00e9e. Plusieurs commentaires l\u2019invitent d\u00e9j\u00e0 \u00e0 proposer un direct pour la suivre au quotidien en tant qu\u2019\u00ab\u00a0employ\u00e9e\u00a0\u00bb.<\/p>\n","protected":false},"excerpt":{"rendered":"Capture d\u2019\u00e9cran Instagram (@lofigirl) La \u00ab\u00a0Lofi Girl\u00a0\u00bb que des millions d\u2019abonn\u00e9s aiment regarder \u00e9tudier a enfin \u00e9t\u00e9 dipl\u00f4m\u00e9e.&hellip;\n","protected":false},"author":2,"featured_media":285670,"comment_status":"","ping_status":"","sticky":false,"template":"","format":"standard","meta":{"footnotes":""},"categories":[8],"tags":[58,59,4081,1011,27,310,24551,2784],"class_list":{"0":"post-285669","1":"post","2":"type-post","3":"status-publish","4":"format-standard","5":"has-post-thumbnail","7":"category-divertissement","8":"tag-divertissement","9":"tag-entertainment","10":"tag-etudiant","11":"tag-fr","12":"tag-france","13":"tag-internet","14":"tag-tech-futurs","15":"tag-youtube"},"share_on_mastodon":{"url":"https:\/\/pubeurope.com\/@fr\/114945420563328559","error":""},"_links":{"self":[{"href":"https:\/\/www.europesays.com\/fr\/wp-json\/wp\/v2\/posts\/285669","targetHints":{"allow":["GET"]}}],"collection":[{"href":"https:\/\/www.europesays.com\/fr\/wp-json\/wp\/v2\/posts"}],"about":[{"href":"https:\/\/www.europesays.com\/fr\/wp-json\/wp\/v2\/types\/post"}],"author":[{"embeddable":true,"href":"https:\/\/www.europesays.com\/fr\/wp-json\/wp\/v2\/users\/2"}],"replies":[{"embeddable":true,"href":"https:\/\/www.europesays.com\/fr\/wp-json\/wp\/v2\/comments?post=285669"}],"version-history":[{"count":0,"href":"https:\/\/www.europesays.com\/fr\/wp-json\/wp\/v2\/posts\/285669\/revisions"}],"wp:featuredmedia":[{"embeddable":true,"href":"https:\/\/www.europesays.com\/fr\/wp-json\/wp\/v2\/media\/285670"}],"wp:attachment":[{"href":"https:\/\/www.europesays.com\/fr\/wp-json\/wp\/v2\/media?parent=285669"}],"wp:term":[{"taxonomy":"category","embeddable":true,"href":"https:\/\/www.europesays.com\/fr\/wp-json\/wp\/v2\/categories?post=285669"},{"taxonomy":"post_tag","embeddable":true,"href":"https:\/\/www.europesays.com\/fr\/wp-json\/wp\/v2\/tags?post=285669"}],"curies":[{"name":"wp","href":"https:\/\/api.w.org\/{rel}","templated":true}]}}