{"id":285676,"date":"2025-07-31T02:14:16","date_gmt":"2025-07-31T02:14:16","guid":{"rendered":"https:\/\/www.europesays.com\/fr\/285676\/"},"modified":"2025-07-31T02:14:16","modified_gmt":"2025-07-31T02:14:16","slug":"le-sujet-qui-fache-les-republicains","status":"publish","type":"post","link":"https:\/\/www.europesays.com\/fr\/285676\/","title":{"rendered":"le sujet qui f\u00e2che les R\u00e9publicains"},"content":{"rendered":"<p><strong>D\u00c9CRYPTAGE &#8211;<\/strong> En Conseil des ministres, Bruno Retailleau a fait part de son franc d\u00e9saccord avec le projet de r\u00e9vision constitutionnelle port\u00e9 par Fran\u00e7ois Bayrou.<\/p>\n<p class=\"fig-paragraph\">C\u2019\u00e9tait il y a 25\u00a0ans, et c\u2019\u00e9tait aussi en \u00e9t\u00e9.\u00a0<a href=\"https:\/\/www.lefigaro.fr\/tag\/jean-pierre-chevenement\" target=\"_blank\" rel=\"nofollow noopener\" data-gtm-custom-categorie=\"navigation\" data-gtm-custom-action=\"crossclick\" data-gtm-custom-label=\"Contextuel\" data-gtm-event=\"customEventSPE\">Jean-Pierre Chev\u00e8nement<\/a>, qui a h\u00e9rit\u00e9 de Beauvau au sein du gouvernement de cohabitation de Lionel Jospin, est en d\u00e9saccord avec la politique corse du premier ministre. Celui qui estime qu\u2019un ministre \u00ab\u00a0\u00e7a ferme sa gueule ou \u00e7a d\u00e9missionne\u00a0\u00bb proteste contre le plan de Lionel Jospin qui, d\u00e9j\u00e0 \u00e0 l\u2019\u00e9poque, pr\u00e9voyait le transfert d\u2019un pouvoir l\u00e9gislatif \u00e0 l\u2019\u00eele. Et finit par d\u00e9missionner.<\/p>\n<p class=\"fig-paragraph\">Bis repetita\u00a0? Mercredi,\u00a0<a href=\"http:\/\/www.lefigaro.fr\/politique\/statut-de-la-corse-francois-bayrou-favorable-au-projet-constitutionnel-initial-sans-les-amendements-du-conseil-d-etat-20250725\" target=\"_blank\" data-fig-type=\"NewsFlash\" rel=\"noopener\" data-gtm-custom-categorie=\"navigation\" data-gtm-custom-action=\"crossclick\" data-gtm-custom-label=\"Contextuel\" data-gtm-event=\"customEventSPE\" data-fig-domain=\"LEFIGARO\">le projet de loi initial de r\u00e9vision constitutionnelle sur la Corse<\/a>\u00a0a \u00e9t\u00e9 pr\u00e9sent\u00e9 en Conseil des ministres. Un texte largement amend\u00e9 par le Conseil d\u2019\u00c9tat (dont l\u2019avis \u00e9tait consultatif) sans que Fran\u00e7ois Rebsamen, ministre de l\u2019Am\u00e9nagement du territoire charg\u00e9 du dossier, ne tienne compte de ces suggestions. De quoi ulc\u00e9rer la droite des R\u00e9publicains (LR) qui, anticipant cette issue, avait mis en garde Fran\u00e7ois Bayrou d\u00e8s la semaine derni\u00e8re.<\/p>\n<p class=\"fig-body-link\">\n            \u00c0 lire aussi<br \/>\n        <a class=\"fig-body-link__link fig-premium-mark\" href=\"http:\/\/www.lefigaro.fr\/flash-actu\/autonomie-de-la-corse-larcher-ecrit-a-bayrou-pour-denoncer-une-atteinte-grave-aux-prerogatives-du-parlement-20250724\" data-fig-type=\"NewsFlash\" data-gtm-custom-categorie=\"navigation\" data-gtm-custom-action=\"crossclick\" data-gtm-custom-label=\"Contextuel\" data-gtm-event=\"customEventSPE\" data-fig-domain=\"LEFIGARO\" target=\"_blank\" rel=\"noopener\">Autonomie de la Corse\u00a0: Larcher \u00e9crit \u00e0 Bayrou pour d\u00e9noncer une \u00abatteinte grave aux pr\u00e9rogatives du Parlement\u00bb<br \/>\n    <\/a>\n<\/p>\n<p class=\"fig-paragraph\">Dans une lettre envoy\u00e9e au premier ministre, et\u00a0d\u00e9voil\u00e9e par Le Figaro, G\u00e9rard Larcher\u2026<\/p>\n<p class=\"fig-premium-paywall__infos\">\n        Cet article est r\u00e9serv\u00e9 aux abonn\u00e9s.        Il vous reste 81% \u00e0 d\u00e9couvrir.\n    <\/p>\n<p>                <img  data- alt=\"Le Figaro\" class=\"fig-img--complete fig-img\"\/><\/p>\n<p class=\"fig-premium-paywall__title\">Vous avez envie de lire la suite ?<\/p>\n<p class=\"fig-premium-paywall__subtitle\">D\u00e9bloquez tous les articles imm\u00e9diatement.<\/p>\n<p class=\"fig-premium-paywall__connect\">\n                D\u00e9j\u00e0 abonn\u00e9\u00a0?                <a class=\"fig-premium-paywall__connect-link\" href=\"https:\/\/connect.lefigaro.fr\/login?client=horizon_web&amp;type=main&amp;redirect_uri=https%3A%2F%2Fwww.lefigaro.fr%2Fpolitique%2Fautonomie-de-la-corse-le-sujet-qui-fache-les-republicains-20250730\" data-js-gtm=\"{&quot;customCategorie&quot;: &quot;conversion&quot;, &quot;customAction&quot;: &quot;before_Landing_Connexion_paywall_auto&quot;, &quot;customLabel&quot;: &quot;bGVmaWdhcm8uZnJfXzFmMDZkMzVhLWEwMDMtNjY1OC1hOTE1LWRkODg5YjZjZDQzN19fQXJ0aWNsZQ==_Autonomie de la Corse\u00a0: le sujet qui f\u00e2che les R\u00e9publicains_81&quot;, &quot;customIDSPE&quot;: &quot;bGVmaWdhcm8uZnJfXzFmMDZkMzVhLWEwMDMtNjY1OC1hOTE1LWRkODg5YjZjZDQzN19fQXJ0aWNsZQ==&quot;, &quot;event&quot;: &quot;customEventSPE&quot;}\" target=\"_blank\" rel=\"noopener\"><br \/>\n                    Connectez-vous<br \/>\n                <\/a>\n            <\/p>\n","protected":false},"excerpt":{"rendered":"D\u00c9CRYPTAGE &#8211; En Conseil des ministres, Bruno Retailleau a fait part de son franc d\u00e9saccord avec le projet&hellip;\n","protected":false},"author":2,"featured_media":285677,"comment_status":"","ping_status":"","sticky":false,"template":"","format":"standard","meta":{"footnotes":""},"categories":[4],"tags":[11,13643,2517,1011,27,6319,12,25],"class_list":{"0":"post-285676","1":"post","2":"type-post","3":"status-publish","4":"format-standard","5":"has-post-thumbnail","7":"category-france","8":"tag-actualites","9":"tag-autonomie","10":"tag-corse","11":"tag-fr","12":"tag-france","13":"tag-les-republicains","14":"tag-news","15":"tag-republique-francaise"},"share_on_mastodon":{"url":"https:\/\/pubeurope.com\/@fr\/114945436191265542","error":""},"_links":{"self":[{"href":"https:\/\/www.europesays.com\/fr\/wp-json\/wp\/v2\/posts\/285676","targetHints":{"allow":["GET"]}}],"collection":[{"href":"https:\/\/www.europesays.com\/fr\/wp-json\/wp\/v2\/posts"}],"about":[{"href":"https:\/\/www.europesays.com\/fr\/wp-json\/wp\/v2\/types\/post"}],"author":[{"embeddable":true,"href":"https:\/\/www.europesays.com\/fr\/wp-json\/wp\/v2\/users\/2"}],"replies":[{"embeddable":true,"href":"https:\/\/www.europesays.com\/fr\/wp-json\/wp\/v2\/comments?post=285676"}],"version-history":[{"count":0,"href":"https:\/\/www.europesays.com\/fr\/wp-json\/wp\/v2\/posts\/285676\/revisions"}],"wp:featuredmedia":[{"embeddable":true,"href":"https:\/\/www.europesays.com\/fr\/wp-json\/wp\/v2\/media\/285677"}],"wp:attachment":[{"href":"https:\/\/www.europesays.com\/fr\/wp-json\/wp\/v2\/media?parent=285676"}],"wp:term":[{"taxonomy":"category","embeddable":true,"href":"https:\/\/www.europesays.com\/fr\/wp-json\/wp\/v2\/categories?post=285676"},{"taxonomy":"post_tag","embeddable":true,"href":"https:\/\/www.europesays.com\/fr\/wp-json\/wp\/v2\/tags?post=285676"}],"curies":[{"name":"wp","href":"https:\/\/api.w.org\/{rel}","templated":true}]}}