{"id":285699,"date":"2025-07-31T02:33:15","date_gmt":"2025-07-31T02:33:15","guid":{"rendered":"https:\/\/www.europesays.com\/fr\/285699\/"},"modified":"2025-07-31T02:33:15","modified_gmt":"2025-07-31T02:33:15","slug":"jazz-heritage-caribeen-et-cinema-nubya-garcia-la-revelation-du-nice-jazz-fest-2","status":"publish","type":"post","link":"https:\/\/www.europesays.com\/fr\/285699\/","title":{"rendered":"Jazz, h\u00e9ritage carib\u00e9en et cin\u00e9ma: Nubya Garcia, la r\u00e9v\u00e9lation du Nice Jazz Fest"},"content":{"rendered":"<p>Dans le parcours de Nubya Garcia, le Nice Jazz Fest est un rendez-vous important. En 2019, elle y avait d\u00e9j\u00e0 pris part, au Th\u00e9\u00e2tre de Verdure, un peu avant Christian McBride. Cette ann\u00e9e, elle \u00e9tait de retour, sur la m\u00eame sc\u00e8ne, et le contrebassiste am\u00e9ricain \u00e9tait encore programm\u00e9 plus tard dans la nuit. Joli clin d\u2019\u0153il. \u00ab\u00a0Je me souviens tr\u00e8s bien de cette date, le concert \u00e9tait g\u00e9nial. C\u2019est bon d\u2019\u00eatre de retour\u00a0\u00bb, nous expliquait-elle samedi dernier, une bouteille de boisson \u00e9nergisante dans la main.<\/p>\n<p>En cinq ans, la saxophoniste a fait du chemin. Apr\u00e8s Source, un album remarqu\u00e9, elle a pr\u00e9sent\u00e9 Odyssey, en 2024. \u00ab\u00a0Je suis tr\u00e8s heureuse de voir que \u00e7a avance, je ne prends jamais rien pour acquis\u00a0\u00bb, poursuit la Londonienne de 34 ans.<\/p>\n<p>\u00c9tant donn\u00e9 que les femmes instrumentistes op\u00e9rant en tant que leaders ne sont quand m\u00eame pas l\u00e9gion, on lui demande comment la bascule s\u2019est op\u00e9r\u00e9e dans son esprit. \u00ab\u00a0En fait, j\u2019\u00e9tais tr\u00e8s contente d\u2019\u00eatre une sidewoman. J\u2019ai d\u00fb faire partie de sept ou huit groupes. Et puis, j\u2019ai commenc\u00e9 \u00e0 faire quelques concerts de mon c\u00f4t\u00e9, \u00e0 contacter des amis pour me rejoindre. Ensuite, je me suis mise \u00e0 \u00e9crire de la musique. Le processus a \u00e9t\u00e9 naturel, tr\u00e8s lent.\u00a0\u00bb<\/p>\n<p>Apr\u00e8s Montreux et Nice, Newport<\/p>\n<p>Sans doute le temps pour Nubya Garcia, dont la m\u00e8re est native du Guyana et le p\u00e8re ayant des racines \u00e0 Trinit\u00e9-et-Tobago, de tirer le meilleur de ses influences, entre jazz spirituel des ann\u00e9es 1960, afrobeat et sonorit\u00e9s carib\u00e9ennes, reggae compris. \u00ab\u00a0J\u2019essaie d\u2019\u00eatre aussi ouverte que possible quand j\u2019\u00e9coute et que je cr\u00e9e. Je me sens comme quelqu\u2019un qui entrerait dans une biblioth\u00e8que, y lirait des tonnes d\u2019ouvrages, de genres et d\u2019\u00e9poques diff\u00e9rents. Je guide la musique, mais je laisse aussi la m\u00e9lodie et l\u2019harmonie me porter.\u00a0\u00bb<\/p>\n<p>Durant ce bel \u00e9t\u00e9, qui l\u2019a d\u00e9j\u00e0 men\u00e9e vers Montreux et Nice, Nubya Garcia aura aussi l\u2019occasion de se produire au Newport Jazz Festival, temple de la note bleue. \u00c0 t\u00eate repos\u00e9e, elle pensera aussi \u00e0 ses projets de composition de bandes originales. Apr\u00e8s avoir \u0153uvr\u00e9 pour les s\u00e9ries Ted Lasso et Atlanta, ainsi que le jeu vid\u00e9o Fortnite, elle aimerait reproduire l\u2019exp\u00e9rience avec encore plus d\u2019ambition, sans doute pour le cin\u00e9ma. \u00ab\u00a0J\u2019ai beaucoup d\u2019id\u00e9es. Et pas forc\u00e9ment dans le registre o\u00f9 on pourrait m\u2019attendre.\u00a0\u00bb<\/p>\n","protected":false},"excerpt":{"rendered":"Dans le parcours de Nubya Garcia, le Nice Jazz Fest est un rendez-vous important. En 2019, elle y&hellip;\n","protected":false},"author":2,"featured_media":284505,"comment_status":"","ping_status":"","sticky":false,"template":"","format":"standard","meta":{"footnotes":""},"categories":[2819],"tags":[1111,11,251,1777,674,1011,27,873,12,2401,882,25],"class_list":{"0":"post-285699","1":"post","2":"type-post","3":"status-publish","4":"format-standard","5":"has-post-thumbnail","7":"category-nice","8":"tag-actu","9":"tag-actualites","10":"tag-culture","11":"tag-eu","12":"tag-europe","13":"tag-fr","14":"tag-france","15":"tag-musique","16":"tag-news","17":"tag-nice","18":"tag-provence-alpes-cote-dazur","19":"tag-republique-francaise"},"share_on_mastodon":{"url":"https:\/\/pubeurope.com\/@fr\/114945510953018948","error":""},"_links":{"self":[{"href":"https:\/\/www.europesays.com\/fr\/wp-json\/wp\/v2\/posts\/285699","targetHints":{"allow":["GET"]}}],"collection":[{"href":"https:\/\/www.europesays.com\/fr\/wp-json\/wp\/v2\/posts"}],"about":[{"href":"https:\/\/www.europesays.com\/fr\/wp-json\/wp\/v2\/types\/post"}],"author":[{"embeddable":true,"href":"https:\/\/www.europesays.com\/fr\/wp-json\/wp\/v2\/users\/2"}],"replies":[{"embeddable":true,"href":"https:\/\/www.europesays.com\/fr\/wp-json\/wp\/v2\/comments?post=285699"}],"version-history":[{"count":0,"href":"https:\/\/www.europesays.com\/fr\/wp-json\/wp\/v2\/posts\/285699\/revisions"}],"wp:featuredmedia":[{"embeddable":true,"href":"https:\/\/www.europesays.com\/fr\/wp-json\/wp\/v2\/media\/284505"}],"wp:attachment":[{"href":"https:\/\/www.europesays.com\/fr\/wp-json\/wp\/v2\/media?parent=285699"}],"wp:term":[{"taxonomy":"category","embeddable":true,"href":"https:\/\/www.europesays.com\/fr\/wp-json\/wp\/v2\/categories?post=285699"},{"taxonomy":"post_tag","embeddable":true,"href":"https:\/\/www.europesays.com\/fr\/wp-json\/wp\/v2\/tags?post=285699"}],"curies":[{"name":"wp","href":"https:\/\/api.w.org\/{rel}","templated":true}]}}