{"id":285710,"date":"2025-07-31T02:39:14","date_gmt":"2025-07-31T02:39:14","guid":{"rendered":"https:\/\/www.europesays.com\/fr\/285710\/"},"modified":"2025-07-31T02:39:14","modified_gmt":"2025-07-31T02:39:14","slug":"salsa-bachata-tango-rock-voici-ou-et-quand-profiter-des-cours-de-danse-gratuits-cet-ete-a-toulouse","status":"publish","type":"post","link":"https:\/\/www.europesays.com\/fr\/285710\/","title":{"rendered":"Salsa, bachata, tango, rock&#8230; Voici o\u00f9 et quand profiter des cours de danse gratuits cet \u00e9t\u00e9 \u00e0 Toulouse"},"content":{"rendered":"<p>            Par<br \/>\n        <strong><br \/>\n            <a href=\"https:\/\/actu.fr\/auteur\/mareva-laville-actu-fr\" title=\"Consulter tous les articles de Mar\u00e9va Laville\" target=\"_blank\" rel=\"noopener\">Mar\u00e9va Laville<\/a><br \/>\n        <\/strong><\/p>\n<p>        Publi\u00e9 le<\/p>\n<p>            30 juil. 2025 \u00e0 16h26        <\/p>\n<p>Il \u00e9tait des centaines, mardi 22\u00a0juillet 2025, \u00e0 se d\u00e9hancher sur la place Saint-Sernin de <a href=\"http:\/\/www.actu.fr\/toulouse\" target=\"_blank\" rel=\"noopener\">Toulouse<\/a>. Dans la Ville rose, l\u2019heure est aux pas de danses, aux musiques latines, et pas seulement\u2009! Cet \u00e9t\u00e9, les <strong>cours de danse gratuits<\/strong> se multiplient. Voici o\u00f9 et pour quel type de danse, il est possible de s\u2019exercer. Notre s\u00e9lection.<\/p>\n<p>#1. Les cours de salsa en Ville<\/p>\n<p class=\" wall-content\">Depuis le 18\u00a0mai dernier,<strong> Toulouse Social Club<\/strong> organise des sessions de salsa aux quatre coins de la Ville. Place Saint-Pierre, kiosque du Grand-Rond, port de la Daurade\u2026 les initiations se multiplient avec un cours gratuit par semaine, environ, en plein air. Mais du fait de leur succ\u00e8s, les prochaines dates sont communiqu\u00e9es le plus tard possible. \u00c0 surveiller, donc, sur le compte Instagram Toulouse Social Club.<\/p>\n<p>Sessions de Toulouse Social Club \u00e0 surveiller sur leur page Instagram<\/p>\n<p class=\" wall-content\"><a href=\"https:\/\/www.instagram.com\/p\/DMSjZA1s85Q\/embed\" title=\"Ouvrir le lien sur Instagram\" target=\"_blank\" rel=\"noopener\">Visualiser le contenu sur Instagram<\/a><\/p>\n<p>#2. Salsa \u00e0 la Prairie des Filtres<\/p>\n<p class=\" wall-content\">Plus sp\u00e9cifiquement, des sessions de salsa sont organis\u00e9es \u00e0 la Prairie des Filtres, notamment ce dimanche 3\u00a0ao\u00fbt 2025 entre 17h et 21h, dans le cadre de <strong>Toulouse Plages.<\/strong><\/p>\n<p class=\" wall-content\">C\u2019est organis\u00e9 chaque dimanche. Ainsi, d\u2019autres dates sont programm\u00e9es sur les m\u00eames horaires les dimanches 10, 17 et 24\u00a0ao\u00fbt.<\/p>\n<p>Salsa \u00e0 la Prairie des Filtres\u2009: les 3, 10, 17 et 24\u00a0ao\u00fbt.<\/p>\n<p>#3. Latino Caliente \u00e0 Toulouse Plages<\/p>\n<p class=\" wall-content\">Tous les mercredis, Toulouse Plages accueille une session \u00ab\u2009SBK\u2009\u00bb, salsa, bachata, kizomba. Les cours sont donn\u00e9s entre 18h30 et 19h30, suivi d\u2019un bal dansant jusqu\u2019\u00e0 21 heures.<\/p>\n<p>Cours de danses latines \u00e0 Toulouse Plages, \u00e0 la Prairie des Filtres, tous les mercredis<\/p>\n<p>\u00a0<\/p>\n<p class=\" wall-content\"><a href=\"https:\/\/www.instagram.com\/p\/DHVbKiAi6dV\/embed\" title=\"Ouvrir le lien sur Instagram\" target=\"_blank\" rel=\"noopener\">Visualiser le contenu sur Instagram<\/a><\/p>\n<p>#4. Du tango argentin aussi\u2009!<\/p>\n<p class=\" wall-content\">Pour les amateurs de tango et pour ceux qui souhaiteraient s\u2019y essayer, un cours de tango argentin suivie d\u2019un moment d\u00e9di\u00e9 \u00e0 la pratique aura lieu vendredi 8\u00a0ao\u00fbt 2025 \u00e0 la Prairie des Filtres, entre 18h45 et 21h.<\/p>\n<p class=\" wall-content\">Cette m\u00eame session est r\u00e9it\u00e9r\u00e9e aux m\u00eames heures dimanche 10\u00a0ao\u00fbt et jeudi 14\u00a0ao\u00fbt.<\/p>\n<p>Tango argentin, Toulouse Plages, \u00e0 la Pairie des Filtres\u2009: les 8, 10, 14<\/p>\n<p>#5. Et pourquoi pas\u2026 du rock<\/p>\n<p class=\" wall-content\">Pour les f\u00e9rus de rock, tablez sur le lundi soir. \u00c0 Toulouse Plages, une initiation au rock suivie d\u2019un bal est organis\u00e9e lundi 11 ao\u00fbt d\u00e8s 18h45 et jusqu\u2019\u00e0 21h.<\/p>\n<p class=\" wall-content\">Dans un autre registre, l\u2019apprentissage de la danse fusion suivie d\u2019un bal est possible entre 18h45 et 21h mardi 12\u00a0ao\u00fbt.<\/p>\n<p>Rock, Toulouse Plages, \u00e0 la Pairie des Filtres, lundi 11\u00a0ao\u00fbt. Danse fusion le mardi 12\u00a0ao\u00fbt<\/p>\n<p>#6. La bachata aux Halles de la Cartoucherie<\/p>\n<p class=\" wall-content\">Pour les soir\u00e9es bachata, direction les Halles de la Cartoucherie avec \u00ab\u2009Bachat SensuHalles\u2009\u00bb. Tous les vendredis, durant l\u2019\u00e9t\u00e9, des cours d\u2019initiation gratuits sont organis\u00e9s, ainsi que des cours d\u00e9butants et interm\u00e9diaires d\u2019une heure pour apprendre ou pratiquer cette danse latine.<\/p>\n<p class=\" wall-content\">Les cours d\u00e9butants d\u00e9marrent \u00e0 19h30, les cours interm\u00e9diaires \u00e0 20h30. Ils sont ensuite suivis d\u2019une soir\u00e9e bachata\u2009: de quoi mettre en pratique la th\u00e9orie et frimer sur les nouveaux pas appris\u2009!<\/p>\n<p>Tous les vendredis, d\u00e8s 19h30, aux Halles de la Cartoucherie.<\/p>\n<p>    <img   decoding=\"async\" loading=\"lazy\" src=\"https:\/\/www.europesays.com\/fr\/wp-content\/uploads\/2025\/07\/219c3f31d2166259c3f31d216f89c3v-960x640.jpg\" alt=\"Les halles de la Cartoucherie, \u00e0 Toulouse.\" width=\"960\" height=\"640\"\/><br \/>\n    Des cours de bachata sont aussi donn\u00e9s aux halles de la Cartoucherie, \u00e0 Toulouse. (\u00a9Actu.fr\/M.L.C.)#6. Des soir\u00e9es SBK \u00e0 Montaudran<\/p>\n<p class=\" wall-content\">Samedi 2\u00a0ao\u00fbt, le Ravito Caf\u00e9 de Toulouse, dans la ZA de Montaudran, sur la route de Revel, organise une \u00ab\u2009Noche SBK\u2009\u00bb \u00e0 partir de 20h30 et jusqu\u2019\u00e0 1h30 du matin avec des cours de salsa \u00ab\u2009d\u00e9butant \u00e9volutif\u2009\u00bb par Los Magnificos 31. La soir\u00e9e sera renouvel\u00e9e le 16\u00a0ao\u00fbt 2025 ainsi que chaque premier et troisi\u00e8me samedi du mois.<\/p>\n<p>Au Ravito Caf\u00e9, 164 Rte de Revel \u00e0 Toulouse<\/p>\n<p class=\" wall-content\">Suivez toute l\u2019actualit\u00e9 de vos villes et m\u00e9dias favoris en vous inscrivant \u00e0 <a href=\"https:\/\/moncompte.actu.fr\" title=\"D\u00e9couvez Mon Actu\" rel=\"nofollow noopener\" data-trk=\"{&quot;cta&quot;:{&quot;action&quot;:&quot;https:\\\/\\\/moncompte.actu.fr&quot;,&quot;category&quot;:&quot;mon compte&quot;,&quot;from&quot;:&quot;article footer&quot;,&quot;name&quot;:&quot;Mon actu&quot;,&quot;type&quot;:&quot;cta&quot;}}\" target=\"_blank\">Mon Actu<\/a>.<\/p>\n<p>                    <script async src=\"\/\/www.instagram.com\/embed.js\"><\/script><\/p>\n","protected":false},"excerpt":{"rendered":"Par Mar\u00e9va Laville Publi\u00e9 le 30 juil. 2025 \u00e0 16h26 Il \u00e9tait des centaines, mardi 22\u00a0juillet 2025, \u00e0&hellip;\n","protected":false},"author":2,"featured_media":285711,"comment_status":"","ping_status":"","sticky":false,"template":"","format":"standard","meta":{"footnotes":""},"categories":[2816],"tags":[1111,11,5972,1777,674,1011,27,1652,12,2680,25,2312],"class_list":{"0":"post-285710","1":"post","2":"type-post","3":"status-publish","4":"format-standard","5":"has-post-thumbnail","7":"category-toulouse","8":"tag-actu","9":"tag-actualites","10":"tag-danse","11":"tag-eu","12":"tag-europe","13":"tag-fr","14":"tag-france","15":"tag-loisirs-culture","16":"tag-news","17":"tag-occitanie","18":"tag-republique-francaise","19":"tag-toulouse"},"share_on_mastodon":{"url":"https:\/\/pubeurope.com\/@fr\/114945534418386806","error":""},"_links":{"self":[{"href":"https:\/\/www.europesays.com\/fr\/wp-json\/wp\/v2\/posts\/285710","targetHints":{"allow":["GET"]}}],"collection":[{"href":"https:\/\/www.europesays.com\/fr\/wp-json\/wp\/v2\/posts"}],"about":[{"href":"https:\/\/www.europesays.com\/fr\/wp-json\/wp\/v2\/types\/post"}],"author":[{"embeddable":true,"href":"https:\/\/www.europesays.com\/fr\/wp-json\/wp\/v2\/users\/2"}],"replies":[{"embeddable":true,"href":"https:\/\/www.europesays.com\/fr\/wp-json\/wp\/v2\/comments?post=285710"}],"version-history":[{"count":0,"href":"https:\/\/www.europesays.com\/fr\/wp-json\/wp\/v2\/posts\/285710\/revisions"}],"wp:featuredmedia":[{"embeddable":true,"href":"https:\/\/www.europesays.com\/fr\/wp-json\/wp\/v2\/media\/285711"}],"wp:attachment":[{"href":"https:\/\/www.europesays.com\/fr\/wp-json\/wp\/v2\/media?parent=285710"}],"wp:term":[{"taxonomy":"category","embeddable":true,"href":"https:\/\/www.europesays.com\/fr\/wp-json\/wp\/v2\/categories?post=285710"},{"taxonomy":"post_tag","embeddable":true,"href":"https:\/\/www.europesays.com\/fr\/wp-json\/wp\/v2\/tags?post=285710"}],"curies":[{"name":"wp","href":"https:\/\/api.w.org\/{rel}","templated":true}]}}