{"id":285716,"date":"2025-07-31T02:42:21","date_gmt":"2025-07-31T02:42:21","guid":{"rendered":"https:\/\/www.europesays.com\/fr\/285716\/"},"modified":"2025-07-31T02:42:21","modified_gmt":"2025-07-31T02:42:21","slug":"linscription-dune-etudiante-gazaouie-a-sciences-po-lille-annulee-apres-des-propos-2","status":"publish","type":"post","link":"https:\/\/www.europesays.com\/fr\/285716\/","title":{"rendered":"L\u2019inscription d\u2019une \u00e9tudiante gazaouie \u00e0 Sciences Po Lille annul\u00e9e apr\u00e8s des propos"},"content":{"rendered":"<p>L\u2019inscription d\u2019une \u00e9tudiante gazaouie \u00e0 <a href=\"https:\/\/lille.maville.com\/actu\/actudet_-des-etudiants-lillois-font-des-saluts-nazis-en-plein-debat-sciences-po-depose-plainte-_12679-6663097_actu.Htm\" target=\"_self\" rel=\"noopener\">l\u2019Institut d\u2019\u00e9tudes politiques de Lille<\/a> a \u00e9t\u00e9 annul\u00e9e apr\u00e8s la d\u00e9couverte de ses publications\u00a0sur les r\u00e9seaux sociaux, a indiqu\u00e9 l\u2019\u00e9tablissement ce mercredi 30\u00a0juillet 2025.<\/p>\n<p><strong>\u00ab\u00a0Un reportage diffus\u00e9 sur RMC le 28\u00a0juillet dernier a \u00e9voqu\u00e9 l\u2019accueil \u00e0 Sciences Po Lille, \u00e0 partir de septembre prochain, d\u2019une \u00e9tudiante internationale originaire de Gaza.\u00a0La direction de l\u2019\u00e9cole a pris connaissance dans le cadre de ce reportage de publications effectu\u00e9es par cette \u00e9tudiante sur les r\u00e9seaux sociaux, au cours des deux ann\u00e9es \u00e9coul\u00e9es\u00a0\u00bb,<\/strong> explique Sciences Po Lille sur X.<\/p>\n<p>\n                Nous avons bloqu\u00e9 l\u2019affichage de ce contenu pour respecter vos choix en mati\u00e8re de cookies.<br \/>En cliquant sur \u00abConsulter\u00bb, vous acceptez le d\u00e9p\u00f4t de cookies par des services de r\u00e9seaux sociaux tels que Twitter.<br \/>\n                Consulter\n            <\/p>\n<blockquote class=\"twitter-tweet\" wp_automatic_readability=\"7.5497835497835\">\n<p lang=\"fr\" dir=\"ltr\">Un reportage diffus\u00e9 sur RMC le 28 juillet dernier a \u00e9voqu\u00e9 l\u2019accueil \u00e0 Sciences Po Lille, \u00e0 partir de septembre prochain, d\u2019une \u00e9tudiante internationale originaire de Gaza.<\/p>\n<p>\u2014 Sciences Po Lille (@ScPoLille) <a href=\"https:\/\/twitter.com\/ScPoLille\/status\/1950556819560280307?ref_src=twsrc%5Etfw\" target=\"_blank\" rel=\"noopener\">July 30, 2025<\/a><\/p><\/blockquote>\n<p>Ces publications <strong>\u00ab\u00a0entrent\u00a0en contradiction frontale avec les valeurs port\u00e9es par Sciences Po Lille\u00a0\u00bb.<\/strong> Par cons\u00e9quent,<strong> \u00ab\u00a0apr\u00e8s\u00a0concertation avec le minist\u00e8re de l\u2019Enseignement sup\u00e9rieur et de la Recherche, le Rectorat de R\u00e9gion acad\u00e9mique et la Pr\u00e9fecture, la direction de Sciences Po Lille a pris la d\u00e9cision d\u2019annuler l\u2019inscription pr\u00e9vue de cette \u00e9tudiante\u00a0\u00bb,<\/strong> conclut Sciences Po Lille.<\/p>\n<p>Sollicit\u00e9 par l\u2019Agence France-Presse (AFP), Sciences Po Lille a expliqu\u00e9 avoir <strong>\u00ab\u00a0accueilli cette \u00e9tudiante sur proposition du consulat g\u00e9n\u00e9ral de France \u00e0 J\u00e9rusalem\u00a0\u00bb. \u00ab\u00a0Elle est venue en France via la diplomatie fran\u00e7aise\u00a0\u00bb,<\/strong> pr\u00e9cise-t-on.<\/p>\n<p>La justice saisie<\/p>\n<p><strong>\u00ab\u00a0Une \u00e9tudiante gazaouie tenant des propos antis\u00e9mites n\u2019a rien \u00e0 faire en France\u00a0\u00bb,<\/strong> a r\u00e9agi\u00a0Jean-No\u00ebl Barrot, le ministre des Affaires \u00e9trang\u00e8res.<\/p>\n<p>\n                Nous avons bloqu\u00e9 l\u2019affichage de ce contenu pour respecter vos choix en mati\u00e8re de cookies.<br \/>En cliquant sur \u00abConsulter\u00bb, vous acceptez le d\u00e9p\u00f4t de cookies par des services de r\u00e9seaux sociaux tels que Twitter.<br \/>\n                Consulter\n            <\/p>\n<blockquote class=\"twitter-tweet\" wp_automatic_readability=\"9.6176470588235\">\n<p lang=\"fr\" dir=\"ltr\">Une \u00e9tudiante Gazaouie tenant des propos antis\u00e9mites n&rsquo;a rien \u00e0 faire en France. <\/p>\n<p>Les criblages effectu\u00e9s par les services comp\u00e9tents des minist\u00e8res concern\u00e9s n\u2019ont manifestement pas fonctionn\u00e9.<\/p>\n<p>J&rsquo;ai demand\u00e9 \u00e0 ce qu&rsquo;une enqu\u00eate interne soit diligent\u00e9e pour que cela ne puisse en\u2026<\/p>\n<p>\u2014 Jean-No\u00ebl Barrot (@jnbarrot) <a href=\"https:\/\/twitter.com\/jnbarrot\/status\/1950610143164404076?ref_src=twsrc%5Etfw\" target=\"_blank\" rel=\"noopener\">July 30, 2025<\/a><\/p><\/blockquote>\n<p><strong>\u00ab\u00a0Les criblages effectu\u00e9s par les services comp\u00e9tents des minist\u00e8res concern\u00e9s n\u2019ont manifestement pas fonctionn\u00e9. J\u2019ai demand\u00e9 \u00e0 ce qu\u2019une enqu\u00eate interne soit diligent\u00e9e\u00a0\u00bb,<\/strong> ajoute-t-il.<\/p>\n<p><strong>\u00ab\u00a0Notre engagement est total contre l\u2019antis\u00e9mitisme sous toutes ses formes. Un signalement au procureur a \u00e9t\u00e9 effectu\u00e9\u00a0\u00bb,<\/strong> a pr\u00e9cis\u00e9 la ministre de l\u2019\u00c9ducation nationale, \u00c9lisabeth Borne.<\/p>\n<p>\u00a0<\/p>\n<p>\t\t<script async src=\"https:\/\/platform.twitter.com\/widgets.js\" charset=\"utf-8\"><\/script><\/p>\n","protected":false},"excerpt":{"rendered":"L\u2019inscription d\u2019une \u00e9tudiante gazaouie \u00e0 l\u2019Institut d\u2019\u00e9tudes politiques de Lille a \u00e9t\u00e9 annul\u00e9e apr\u00e8s la d\u00e9couverte de ses&hellip;\n","protected":false},"author":2,"featured_media":285605,"comment_status":"","ping_status":"","sticky":false,"template":"","format":"standard","meta":{"footnotes":""},"categories":[2815],"tags":[1111,11,40649,34470,10182,1777,674,1011,27,42457,811,42456,1307,12,5766,6099,8437,25,41],"class_list":{"0":"post-285716","1":"post","2":"type-post","3":"status-publish","4":"format-standard","5":"has-post-thumbnail","7":"category-lille","8":"tag-actu","9":"tag-actualites","10":"tag-annulee","11":"tag-antisemites","12":"tag-etudiante","13":"tag-eu","14":"tag-europe","15":"tag-fr","16":"tag-france","17":"tag-gazaouie","18":"tag-hauts-de-france","19":"tag-inscription","20":"tag-lille","21":"tag-news","22":"tag-po","23":"tag-pontivy","24":"tag-propos","25":"tag-republique-francaise","26":"tag-sciences"},"share_on_mastodon":{"url":"https:\/\/pubeurope.com\/@fr\/114945546204909437","error":""},"_links":{"self":[{"href":"https:\/\/www.europesays.com\/fr\/wp-json\/wp\/v2\/posts\/285716","targetHints":{"allow":["GET"]}}],"collection":[{"href":"https:\/\/www.europesays.com\/fr\/wp-json\/wp\/v2\/posts"}],"about":[{"href":"https:\/\/www.europesays.com\/fr\/wp-json\/wp\/v2\/types\/post"}],"author":[{"embeddable":true,"href":"https:\/\/www.europesays.com\/fr\/wp-json\/wp\/v2\/users\/2"}],"replies":[{"embeddable":true,"href":"https:\/\/www.europesays.com\/fr\/wp-json\/wp\/v2\/comments?post=285716"}],"version-history":[{"count":0,"href":"https:\/\/www.europesays.com\/fr\/wp-json\/wp\/v2\/posts\/285716\/revisions"}],"wp:featuredmedia":[{"embeddable":true,"href":"https:\/\/www.europesays.com\/fr\/wp-json\/wp\/v2\/media\/285605"}],"wp:attachment":[{"href":"https:\/\/www.europesays.com\/fr\/wp-json\/wp\/v2\/media?parent=285716"}],"wp:term":[{"taxonomy":"category","embeddable":true,"href":"https:\/\/www.europesays.com\/fr\/wp-json\/wp\/v2\/categories?post=285716"},{"taxonomy":"post_tag","embeddable":true,"href":"https:\/\/www.europesays.com\/fr\/wp-json\/wp\/v2\/tags?post=285716"}],"curies":[{"name":"wp","href":"https:\/\/api.w.org\/{rel}","templated":true}]}}