{"id":28572,"date":"2025-04-16T06:06:10","date_gmt":"2025-04-16T06:06:10","guid":{"rendered":"https:\/\/www.europesays.com\/fr\/28572\/"},"modified":"2025-04-16T06:06:10","modified_gmt":"2025-04-16T06:06:10","slug":"il-a-obtenu-gain-de-cause-devant-la-cour-dappel-de-bordeaux","status":"publish","type":"post","link":"https:\/\/www.europesays.com\/fr\/28572\/","title":{"rendered":"il a obtenu gain de cause devant la cour d&rsquo;appel de Bordeaux"},"content":{"rendered":"<p>            Par<br \/>\n        <strong><br \/>\n            <a href=\"https:\/\/actu.fr\/auteur\/sports33\" title=\"Consulter tous les articles de Nicolas Gosselin\" target=\"_blank\" rel=\"noopener\">Nicolas Gosselin<\/a><br \/>\n        <\/strong><\/p>\n<p>        Publi\u00e9 le<\/p>\n<p>            15 avr. 2025 \u00e0 15h39        <\/p>\n<p>Quatre mois apr\u00e8s son arriv\u00e9e au <a href=\"https:\/\/actu.fr\/nouvelle-aquitaine\/gradignan_33192\/un-acte-criminel-d-une-lachete-absolue-des-vehicules-incendies-a-la-prison-de-bordeaux-gradignan_62413572.html\" target=\"_blank\" rel=\"noopener\">centre p\u00e9nitentiaire de Bordeaux-Gradignan<\/a>, <a href=\"https:\/\/actu.fr\/tag\/pierre-palmade\" target=\"_blank\" rel=\"noopener\">Pierre Palmade<\/a> a d\u00e9j\u00e0 obtenu <strong>le droit de sortir de prison<\/strong>. Mardi 15 avril 2025, la cour d\u2019appel de Bordeaux a accept\u00e9 sa <strong>demande de lib\u00e9ration conditionnelle<\/strong>.<\/p>\n<p class=\" wall-content\">Pour rappel, l\u2019humoriste \u00e9tait incarc\u00e9r\u00e9 pour avoir <a href=\"https:\/\/actu.fr\/ile-de-france\/cely_77065\/proces-de-pierre-palmade-a-melun-tout-ce-quil-faut-savoir-sur-cette-retentissante-affaire_61880118.html\" target=\"_blank\" rel=\"noopener\">provoqu\u00e9 un grave accident de voiture<\/a> le 10 f\u00e9vrier 2023, \u00e0 <strong>Villiers-en-Bi\u00e8re<\/strong> (Seine-et-Marne), alors qu\u2019il conduisait <a href=\"https:\/\/actu.fr\/tag\/drogue\" target=\"_blank\" rel=\"noopener\">sous l\u2019empire de stup\u00e9fiants<\/a>. Il avait alors bless\u00e9 trois personnes dont <strong>une femme<\/strong> de 27 ans, <strong>enceinte de six mois<\/strong>, <a href=\"https:\/\/actu.fr\/ile-de-france\/melun_77288\/melun-pourquoi-pierre-palmade-a-t-il-refuse-detre-juge-pour-homicide-involontaire_61897146.html\" target=\"_blank\" rel=\"noopener\">qui a perdu son f\u0153tus dans ce violent face-\u00e0-face<\/a> sur une d\u00e9partementale.<\/p>\n<p>Une lib\u00e9ration sous bracelet \u00e9lectronique<\/p>\n<p class=\" wall-content\"><a href=\"https:\/\/actu.fr\/ile-de-france\/melun_77288\/proces-palmade-le-comedien-condamne-a-cinq-ans-de-prison-dont-deux-ferme_61892936.html\" target=\"_blank\" rel=\"noopener\">Condamn\u00e9 \u00e0 cinq ans de prison<\/a> dont deux ferme, Pierre Palmade avait demand\u00e9 au juge d\u2019application des peines \u00e0 obtenir <strong>une lib\u00e9ration sous bracelet \u00e9lectronique<\/strong>. <a href=\"https:\/\/actu.fr\/nouvelle-aquitaine\/bordeaux_33063\/incarcere-a-bordeaux-pierre-palmade-obtient-sa-liberation-conditionnelle-mais-sa-victoire-est-de-courte-duree_62425625.html\" target=\"_blank\" rel=\"noopener\">Une demande accept\u00e9e en premi\u00e8re instance<\/a> le 26 mars mais le parquet de Bordeaux avait fait appel de cette d\u00e9cision et l\u2019humoriste n\u2019avait pas pu sortir le 2 avril, comme pr\u00e9vu.<\/p>\n<p class=\" wall-content\">Trois semaines plus tard, la cour d\u2019appel de Bordeaux a donc tranch\u00e9 en faveur de Pierre Palmade, qui obtient son am\u00e9nagement de peine.<\/p>\n<p class=\" wall-content\"><strong>Avec AFP<\/strong><\/p>\n<p class=\" wall-content\">Suivez toute l\u2019actualit\u00e9 de vos villes et m\u00e9dias favoris en vous inscrivant \u00e0 <a href=\"https:\/\/moncompte.actu.fr\" title=\"D\u00e9couvez Mon Actu\" rel=\"nofollow noopener\" data-trk=\"{&quot;cta&quot;:{&quot;action&quot;:&quot;https:\\\/\\\/moncompte.actu.fr&quot;,&quot;category&quot;:&quot;mon compte&quot;,&quot;from&quot;:&quot;article footer&quot;,&quot;name&quot;:&quot;Mon actu&quot;,&quot;type&quot;:&quot;cta&quot;}}\" target=\"_blank\">Mon Actu<\/a>.<\/p>\n","protected":false},"excerpt":{"rendered":"Par Nicolas Gosselin Publi\u00e9 le 15 avr. 2025 \u00e0 15h39 Quatre mois apr\u00e8s son arriv\u00e9e au centre p\u00e9nitentiaire&hellip;\n","protected":false},"author":2,"featured_media":28573,"comment_status":"","ping_status":"","sticky":false,"template":"","format":"standard","meta":{"footnotes":""},"categories":[2817],"tags":[1111,11,1997,1777,674,118,1011,27,303,12,2219,1250,25,7559],"class_list":{"0":"post-28572","1":"post","2":"type-post","3":"status-publish","4":"format-standard","5":"has-post-thumbnail","7":"category-bordeaux","8":"tag-actu","9":"tag-actualites","10":"tag-bordeaux","11":"tag-eu","12":"tag-europe","13":"tag-faits-divers","14":"tag-fr","15":"tag-france","16":"tag-justice","17":"tag-news","18":"tag-nouvelle-aquitaine","19":"tag-pierre-palmade","20":"tag-republique-francaise","21":"tag-tribunal-de-bordeaux"},"share_on_mastodon":{"url":"https:\/\/pubeurope.com\/@fr\/114346143480587431","error":""},"_links":{"self":[{"href":"https:\/\/www.europesays.com\/fr\/wp-json\/wp\/v2\/posts\/28572","targetHints":{"allow":["GET"]}}],"collection":[{"href":"https:\/\/www.europesays.com\/fr\/wp-json\/wp\/v2\/posts"}],"about":[{"href":"https:\/\/www.europesays.com\/fr\/wp-json\/wp\/v2\/types\/post"}],"author":[{"embeddable":true,"href":"https:\/\/www.europesays.com\/fr\/wp-json\/wp\/v2\/users\/2"}],"replies":[{"embeddable":true,"href":"https:\/\/www.europesays.com\/fr\/wp-json\/wp\/v2\/comments?post=28572"}],"version-history":[{"count":0,"href":"https:\/\/www.europesays.com\/fr\/wp-json\/wp\/v2\/posts\/28572\/revisions"}],"wp:featuredmedia":[{"embeddable":true,"href":"https:\/\/www.europesays.com\/fr\/wp-json\/wp\/v2\/media\/28573"}],"wp:attachment":[{"href":"https:\/\/www.europesays.com\/fr\/wp-json\/wp\/v2\/media?parent=28572"}],"wp:term":[{"taxonomy":"category","embeddable":true,"href":"https:\/\/www.europesays.com\/fr\/wp-json\/wp\/v2\/categories?post=28572"},{"taxonomy":"post_tag","embeddable":true,"href":"https:\/\/www.europesays.com\/fr\/wp-json\/wp\/v2\/tags?post=28572"}],"curies":[{"name":"wp","href":"https:\/\/api.w.org\/{rel}","templated":true}]}}