{"id":285720,"date":"2025-07-31T02:45:19","date_gmt":"2025-07-31T02:45:19","guid":{"rendered":"https:\/\/www.europesays.com\/fr\/285720\/"},"modified":"2025-07-31T02:45:19","modified_gmt":"2025-07-31T02:45:19","slug":"jespere-une-reprise-progressive-lyon-pole-immo","status":"publish","type":"post","link":"https:\/\/www.europesays.com\/fr\/285720\/","title":{"rendered":"\u00abJ\u2019esp\u00e8re une reprise progressive\u00bb | Lyon P\u00f4le Immo"},"content":{"rendered":"<p><img width=\"487\" height=\"298\" src=\"https:\/\/www.europesays.com\/fr\/wp-content\/uploads\/2025\/07\/Layec.jpg\" class=\"attachment-post-thumbnail size-post-thumbnail wp-post-image\" alt=\"\" decoding=\"async\" fetchpriority=\"high\" \/><\/p>\n<p>Philippe Layec (SDH\/LPI) <\/p>\n<p><strong>Philippe Layec est le pr\u00e9sident de la f\u00e9d\u00e9ration des promoteurs immobiliers (FPI) en r\u00e9gion lyonnaise. Nous scrutons avec lui les grandes tendances du march\u00e9 de l\u2019immobilier neuf sur la m\u00e9tropole lyonnaise.<\/strong><\/p>\n<p><strong>LYON P\u00d4LE IMMO &#8211; Sur le front des permis de construire, est-on aujourd&rsquo;hui dans une situation pr\u00e9-\u00e9lectorale standard marqu\u00e9e par un traditionnel coup de frein sur les d\u00e9livrances de permis, ou per\u00e7oit-on \u00e0 l\u2019inverse un petit rebond des autorisations ?<\/strong><\/p>\n<p><strong>PHILIPPE LAYEC &#8211; <\/strong>Non. On additionne une situation compliqu\u00e9e de beaucoup de maires qui se disent non-b\u00e2tisseurs \u00e0 l&rsquo;approche des \u00e9lections, qui aggrave plut\u00f4t la situation. Il est vrai qu&rsquo;on en a davantage souffert en 2024 et d\u00e9but 2025 qu&rsquo;aujourd&rsquo;hui. De toute fa\u00e7on, pour les nouvelles op\u00e9rations, avec la signature d\u2019une promesse de vente et le temps de monter le dossier, de poser le permis, elles passeront apr\u00e8s les \u00e9lections. Ce sujet \u00e9lectoral va donc vite s&rsquo;estomper\u2026 Mais 2024 et le d\u00e9but 2025 ont un peu vu le cumul des deux. <\/p>\n<p><img decoding=\"async\" src=\"https:\/\/www.europesays.com\/fr\/wp-content\/uploads\/2025\/04\/abonnezvouslarge.jpg\" alt=\"\" \/><\/p>\n<p>Pour lire la totalit\u00e9 de l&rsquo;article,<strong> <a href=\"http:\/\/www.lyonpoleimmo.com\/membership-options-page\/\" target=\"_blank\" rel=\"noopener\">abonnez-vous<\/a> <\/strong>ou <a href=\"http:\/\/www.lyonpoleimmo.com\/senregistrer\/\" target=\"_blank\" rel=\"noopener\"><strong>identifiez-vous<\/strong><\/a>  <\/p>\n<p><strong>Si vous avez appr\u00e9ci\u00e9 cet article, s&rsquo;il vous plait, prenez le temps de <a href=\"#comments\">laisser un commentaire<\/a> ou de <a href=\"http:\/\/www.lyonpoleimmo.com\/feed\/\" target=\"_blank\" rel=\"noopener\">souscrire au flux<\/a> afin de recevoir les futurs articles directement dans votre lecteur de flux.<br \/>\n    <\/strong><\/p>\n<p>\t<a href=\"http:\/\/www.lyonpoleimmo.com\/2025\/07\/29\/91795\/la-ffb-alerte-sur-la-rep-pmcb\/\" rel=\"bookmark noopener\" title=\"Lien Permanent vers La FFB alerte sur la REP PMCB\" target=\"_blank\">La FFB alerte sur la REP PMCB<\/a><\/p>\n<p>\t<a href=\"http:\/\/www.lyonpoleimmo.com\/2025\/07\/29\/91795\/la-ffb-alerte-sur-la-rep-pmcb\/\" rel=\"bookmark noopener\" title=\"Lien Permanent vers La FFB alerte sur la REP PMCB\" target=\"_blank\"><\/p>\n<p>Pour la f\u00e9d\u00e9ration du b\u00e2timent, \u00ab\u00a0rien ne va plus\u00a0\u00bb.<\/p>\n<p><\/a><\/p>\n<p>\t<a href=\"http:\/\/www.lyonpoleimmo.com\/2025\/07\/29\/91789\/rebond-des-mises-en-chantier-de-logements\/\" rel=\"bookmark noopener\" title=\"Lien Permanent vers Rebond des mises en chantier de logements\" target=\"_blank\">Rebond des mises en chantier de logements<\/a><\/p>\n<p>\t<a href=\"http:\/\/www.lyonpoleimmo.com\/2025\/07\/29\/91789\/rebond-des-mises-en-chantier-de-logements\/\" rel=\"bookmark noopener\" title=\"Lien Permanent vers Rebond des mises en chantier de logements\" target=\"_blank\"><\/p>\n<p><img decoding=\"async\" src=\"https:\/\/www.europesays.com\/fr\/wp-content\/uploads\/2025\/07\/chantier-8.jpg\" \/>Le SDES a publi\u00e9 ce mardi les statistiques portant sur les autorisations \u00e0 la construction et les mises en chantier de logements neufs en juin.<\/p>\n<p><\/a><\/p>\n<p>\t<a href=\"http:\/\/www.lyonpoleimmo.com\/2025\/07\/25\/91783\/une-rentabilite-amelioree-pour-nexity\/\" rel=\"bookmark noopener\" title=\"Lien Permanent vers Une rentabilit\u00e9 am\u00e9lior\u00e9e pour Nexity\" target=\"_blank\">Une rentabilit\u00e9 am\u00e9lior\u00e9e pour Nexity<\/a><\/p>\n<p>\t<a href=\"http:\/\/www.lyonpoleimmo.com\/2025\/07\/25\/91783\/une-rentabilite-amelioree-pour-nexity\/\" rel=\"bookmark noopener\" title=\"Lien Permanent vers Une rentabilit\u00e9 am\u00e9lior\u00e9e pour Nexity\" target=\"_blank\"><\/p>\n<p>Le groupe immobilier a fait \u00e9tat jeudi soir de ses r\u00e9sultats semestriels. Ceux-ci ont \u00e9t\u00e9 salu\u00e9s par les march\u00e9s financiers.<\/p>\n<p><\/a><\/p>\n<p>\t<a href=\"http:\/\/www.lyonpoleimmo.com\/2025\/07\/25\/91773\/rebond-des-ventes-de-logements-neufs-dans-la-metropole-de-lyon\/\" rel=\"bookmark noopener\" title=\"Lien Permanent vers Rebond des ventes de logements neufs dans la M\u00e9tropole de Lyon\" target=\"_blank\">Rebond des ventes de logements neufs dans la M\u00e9tropole de Lyon<\/a><\/p>\n<p>\t<a href=\"http:\/\/www.lyonpoleimmo.com\/2025\/07\/25\/91773\/rebond-des-ventes-de-logements-neufs-dans-la-metropole-de-lyon\/\" rel=\"bookmark noopener\" title=\"Lien Permanent vers Rebond des ventes de logements neufs dans la M\u00e9tropole de Lyon\" target=\"_blank\"><\/p>\n<p><img decoding=\"async\" src=\"https:\/\/www.europesays.com\/fr\/wp-content\/uploads\/2025\/07\/ilotjardineiffage.jpg\" alt=\"null\" \/>Cette hausse observ\u00e9e sur le 1er semestre est port\u00e9e par les ventes aux acqu\u00e9reurs occupants, alors m\u00eame que la part des investisseurs priv\u00e9s a chut\u00e9, victime de la fin du dispositif Pinel.<\/p>\n<p><\/a><\/p>\n<p>\t<a href=\"http:\/\/www.lyonpoleimmo.com\/2025\/07\/24\/91760\/rebond-de-linvestissement-residentiel\/\" rel=\"bookmark noopener\" title=\"Lien Permanent vers Rebond de l\u2019investissement r\u00e9sidentiel\" target=\"_blank\">Rebond de l\u2019investissement r\u00e9sidentiel<\/a><\/p>\n<p>\t<a href=\"http:\/\/www.lyonpoleimmo.com\/2025\/07\/24\/91760\/rebond-de-linvestissement-residentiel\/\" rel=\"bookmark noopener\" title=\"Lien Permanent vers Rebond de l\u2019investissement r\u00e9sidentiel\" target=\"_blank\"><\/p>\n<p><img decoding=\"async\" src=\"https:\/\/www.europesays.com\/fr\/wp-content\/uploads\/2025\/07\/cushmanwakefield.jpg\" alt=\"null\" \/>L\u2019activit\u00e9 a progress\u00e9 de 11% par rapport \u00e0 la m\u00eame p\u00e9riode en 2024, avec un volume \u00e0 1,9 milliard d\u2019euros engag\u00e9s au premier semestre.<\/p>\n<p><\/a><\/p>\n<p>\t<a href=\"http:\/\/www.lyonpoleimmo.com\/2025\/07\/17\/91689\/pose-de-premiere-pierre-de-felix-et-de-flora\/\" rel=\"bookmark noopener\" title=\"Lien Permanent vers Pose de premi\u00e8re pierre de \u00abF\u00e9lix\u00bb et de \u00abFlora\u00bb\" target=\"_blank\">Pose de premi\u00e8re pierre de \u00abF\u00e9lix\u00bb et de \u00abFlora\u00bb<\/a><\/p>\n<p>\t<a href=\"http:\/\/www.lyonpoleimmo.com\/2025\/07\/17\/91689\/pose-de-premiere-pierre-de-felix-et-de-flora\/\" rel=\"bookmark noopener\" title=\"Lien Permanent vers Pose de premi\u00e8re pierre de \u00abF\u00e9lix\u00bb et de \u00abFlora\u00bb\" target=\"_blank\"><\/p>\n<p><img decoding=\"async\" src=\"https:\/\/www.europesays.com\/fr\/wp-content\/uploads\/2025\/07\/Vilogia-PUP-Vienne-Duvivier.jpg\" alt=\"null\" \/>Vilogia a pos\u00e9 ce jeudi la premi\u00e8re pierre de ces programmes immobiliers construits dans le cadre du PUP Vienne Duvivier, dans le 7e arrondissement de Lyon.<\/p>\n<p><\/a><\/p>\n<p>\t<a href=\"http:\/\/www.lyonpoleimmo.com\/2025\/07\/17\/91686\/suisse-les-investissements-dans-la-construction-ont-recule-en-2024\/\" rel=\"bookmark noopener\" title=\"Lien Permanent vers Suisse : les investissements dans la construction ont recul\u00e9 en 2024\" target=\"_blank\">Suisse : les investissements dans la construction ont recul\u00e9 en 2024<\/a><\/p>\n<p>\t<a href=\"http:\/\/www.lyonpoleimmo.com\/2025\/07\/17\/91686\/suisse-les-investissements-dans-la-construction-ont-recule-en-2024\/\" rel=\"bookmark noopener\" title=\"Lien Permanent vers Suisse : les investissements dans la construction ont recul\u00e9 en 2024\" target=\"_blank\"><\/p>\n<p>Ces investissements ont diminu\u00e9 nominalement de 0,7% l\u2019an dernier.<\/p>\n<p><\/a><\/p>\n<p>\t<a href=\"http:\/\/www.lyonpoleimmo.com\/2025\/07\/16\/91669\/situation-budgetaire-la-capeb-se-veut-vigilante\/\" rel=\"bookmark noopener\" title=\"Lien Permanent vers Situation budg\u00e9taire\u00a0: la CAPEB se veut vigilante\" target=\"_blank\">Situation budg\u00e9taire\u00a0: la CAPEB se veut vigilante<\/a><\/p>\n<p>\t<a href=\"http:\/\/www.lyonpoleimmo.com\/2025\/07\/16\/91669\/situation-budgetaire-la-capeb-se-veut-vigilante\/\" rel=\"bookmark noopener\" title=\"Lien Permanent vers Situation budg\u00e9taire\u00a0: la CAPEB se veut vigilante\" target=\"_blank\"><\/p>\n<p>Apr\u00e8s les annonces de Fran\u00e7ois Bayrou, la conf\u00e9d\u00e9ration de l\u2019artisanat et des petites entreprises du b\u00e2timent indique partager le constat du Premier ministre tout en souhaitant rester vigilante quant aux mesures concr\u00e8tes qui seront prises.<\/p>\n<p><\/a><\/p>\n<p>\t<a href=\"http:\/\/www.lyonpoleimmo.com\/2025\/07\/15\/91641\/vinci-immobilier-lance-les-demeures-de-saint-didier\/\" rel=\"bookmark noopener\" title=\"Lien Permanent vers Vinci Immobilier lance \u00abLes Demeures de Saint-Didier\u00bb\" target=\"_blank\">Vinci Immobilier lance \u00abLes Demeures de Saint-Didier\u00bb<\/a><\/p>\n<p>\t<a href=\"http:\/\/www.lyonpoleimmo.com\/2025\/07\/15\/91641\/vinci-immobilier-lance-les-demeures-de-saint-didier\/\" rel=\"bookmark noopener\" title=\"Lien Permanent vers Vinci Immobilier lance \u00abLes Demeures de Saint-Didier\u00bb\" target=\"_blank\"><\/p>\n<p>Le promoteur a lanc\u00e9 en travaux, \u00e0 Saint-Didier-au-Mont-d\u2019Or, cette r\u00e9sidence services seniors Ovelia. Une autre r\u00e9sidence, \u00abL\u2019\u00c9crin des Monts d\u2019Or\u00bb, sera \u00e9difi\u00e9e \u00e0 proximit\u00e9.<\/p>\n<p><\/a><\/p>\n<p>\t<a href=\"http:\/\/www.lyonpoleimmo.com\/2025\/07\/09\/91598\/lactivite-evolue-peu-dans-le-batiment\/\" rel=\"bookmark noopener\" title=\"Lien Permanent vers L\u2019activit\u00e9 \u00e9volue peu dans le b\u00e2timent\" target=\"_blank\">L\u2019activit\u00e9 \u00e9volue peu dans le b\u00e2timent<\/a><\/p>\n<p>\t<a href=\"http:\/\/www.lyonpoleimmo.com\/2025\/07\/09\/91598\/lactivite-evolue-peu-dans-le-batiment\/\" rel=\"bookmark noopener\" title=\"Lien Permanent vers L\u2019activit\u00e9 \u00e9volue peu dans le b\u00e2timent\" target=\"_blank\"><\/p>\n<p>La Banque de France a publi\u00e9 ce mercredi sa note mensuelle de conjoncture.<\/p>\n<p><\/a><\/p>\n<p>\t<a href=\"http:\/\/www.lyonpoleimmo.com\/2025\/07\/08\/91593\/nouvelle-etape-pour-le-projet-dhabitat-participatif-a-laennec\/\" rel=\"bookmark noopener\" title=\"Lien Permanent vers Nouvelle \u00e9tape pour le projet d\u2019habitat participatif \u00e0 La\u00ebnnec\" target=\"_blank\">Nouvelle \u00e9tape pour le projet d\u2019habitat participatif \u00e0 La\u00ebnnec<\/a><\/p>\n<p>\t<a href=\"http:\/\/www.lyonpoleimmo.com\/2025\/07\/08\/91593\/nouvelle-etape-pour-le-projet-dhabitat-participatif-a-laennec\/\" rel=\"bookmark noopener\" title=\"Lien Permanent vers Nouvelle \u00e9tape pour le projet d\u2019habitat participatif \u00e0 La\u00ebnnec\" target=\"_blank\"><\/p>\n<p>Une r\u00e9union aura lieu ce mercredi pour pr\u00e9senter les avanc\u00e9es du projet.<\/p>\n<p><\/a><\/p>\n<p>\t<a href=\"http:\/\/www.lyonpoleimmo.com\/2025\/07\/07\/91577\/pose-de-1ere-pierre-de-la-residence-panorama\/\" rel=\"bookmark noopener\" title=\"Lien Permanent vers Pose de 1\u00e8re pierre de la r\u00e9sidence \u00ab Panorama \u00bb\" target=\"_blank\">Pose de 1\u00e8re pierre de la r\u00e9sidence \u00ab Panorama \u00bb<\/a><\/p>\n<p>\t<a href=\"http:\/\/www.lyonpoleimmo.com\/2025\/07\/07\/91577\/pose-de-1ere-pierre-de-la-residence-panorama\/\" rel=\"bookmark noopener\" title=\"Lien Permanent vers Pose de 1\u00e8re pierre de la r\u00e9sidence \u00ab Panorama \u00bb\" target=\"_blank\"><\/p>\n<p><img decoding=\"async\" src=\"https:\/\/www.europesays.com\/fr\/wp-content\/uploads\/2025\/07\/pose-premiere-pierre-panorama.jpg\" alt=\"null\" \/>Groupe Gambetta et Rh\u00f4ne Sa\u00f4ne Habitat ont pos\u00e9 mercredi 2 juillet \u00e0 Caluire-et-Cuire la premi\u00e8re pierre de cette r\u00e9sidence de 33 logements.<\/p>\n<p><\/a><\/p>\n<p>\t<a href=\"http:\/\/www.lyonpoleimmo.com\/2025\/07\/03\/91544\/saint-etienne-metropole-rebond-des-ventes-au-1er-trimestre-2025\/\" rel=\"bookmark noopener\" title=\"Lien Permanent vers Saint-Etienne M\u00e9tropole\u00a0: rebond des ventes au 1er trimestre 2025\" target=\"_blank\">Saint-Etienne M\u00e9tropole\u00a0: rebond des ventes au 1er trimestre 2025<\/a><\/p>\n<p>\t<a href=\"http:\/\/www.lyonpoleimmo.com\/2025\/07\/03\/91544\/saint-etienne-metropole-rebond-des-ventes-au-1er-trimestre-2025\/\" rel=\"bookmark noopener\" title=\"Lien Permanent vers Saint-Etienne M\u00e9tropole\u00a0: rebond des ventes au 1er trimestre 2025\" target=\"_blank\"><\/p>\n<p><img decoding=\"async\" src=\"https:\/\/www.europesays.com\/fr\/wp-content\/uploads\/2025\/07\/saint-etienne-metropole-1.jpg\" alt=\"null\" \/>Epures a fait part de son tableau de bord trimestriel de la promotion immobili\u00e8re.<\/p>\n<p><\/a><\/p>\n<p>\t<a href=\"http:\/\/www.lyonpoleimmo.com\/2025\/07\/02\/91516\/la-fpi-a-organise-mardi-sa-matinale-de-printemps-a-zadiga-event\/\" rel=\"bookmark noopener\" title=\"Lien Permanent vers La FPI a organis\u00e9 mardi sa matinale de printemps \u00e0 Zadiga Event\" target=\"_blank\">La FPI a organis\u00e9 mardi sa matinale de printemps \u00e0 Zadiga Event<\/a><\/p>\n<p>\t<a href=\"http:\/\/www.lyonpoleimmo.com\/2025\/07\/02\/91516\/la-fpi-a-organise-mardi-sa-matinale-de-printemps-a-zadiga-event\/\" rel=\"bookmark noopener\" title=\"Lien Permanent vers La FPI a organis\u00e9 mardi sa matinale de printemps \u00e0 Zadiga Event\" target=\"_blank\"><\/p>\n<p>Cette matinale de printemps avait pour th\u00e8me \u00a0\u00bb Concours et consultations\u00a0: comment r\u00e9inventer leurs modalit\u00e9s pour faire mieux avec moins,\u00a0ensemble\u00a0?\u00a0\u00bb.<\/p>\n<p><\/a><\/p>\n<p>\t<a href=\"http:\/\/www.lyonpoleimmo.com\/2025\/07\/01\/91508\/la-ffb-pousse-a-une-insertion-du-statut-du-bailleur-prive-dans-le-plf2026\/\" rel=\"bookmark noopener\" title=\"Lien Permanent vers La FFB pousse \u00e0 une insertion du statut du bailleur priv\u00e9 dans le PLF2026\" target=\"_blank\">La FFB pousse \u00e0 une insertion du statut du bailleur priv\u00e9 dans le PLF2026<\/a><\/p>\n<p>\t<a href=\"http:\/\/www.lyonpoleimmo.com\/2025\/07\/01\/91508\/la-ffb-pousse-a-une-insertion-du-statut-du-bailleur-prive-dans-le-plf2026\/\" rel=\"bookmark noopener\" title=\"Lien Permanent vers La FFB pousse \u00e0 une insertion du statut du bailleur priv\u00e9 dans le PLF2026\" target=\"_blank\"><\/p>\n<p>La f\u00e9d\u00e9ration, satisfaite des propositions rendues lundi par la mission sur la relance de l\u2019investissement locatif, souhaite une insertion du dispositif dans le budget 2026.<\/p>\n<p><\/a><\/p>\n","protected":false},"excerpt":{"rendered":"Philippe Layec (SDH\/LPI) Philippe Layec est le pr\u00e9sident de la f\u00e9d\u00e9ration des promoteurs immobiliers (FPI) en r\u00e9gion lyonnaise.&hellip;\n","protected":false},"author":2,"featured_media":285721,"comment_status":"","ping_status":"","sticky":false,"template":"","format":"standard","meta":{"footnotes":""},"categories":[1889],"tags":[5265,1111,11,2430,1777,674,1011,27,23563,2428,12,25],"class_list":{"0":"post-285720","1":"post","2":"type-post","3":"status-publish","4":"format-standard","5":"has-post-thumbnail","7":"category-lyon","8":"tag-abonnes","9":"tag-actu","10":"tag-actualites","11":"tag-auvergne-rhone-alpes","12":"tag-eu","13":"tag-europe","14":"tag-fr","15":"tag-france","16":"tag-lactualite-du-neuf","17":"tag-lyon","18":"tag-news","19":"tag-republique-francaise"},"share_on_mastodon":{"url":"https:\/\/pubeurope.com\/@fr\/114945558684352410","error":""},"_links":{"self":[{"href":"https:\/\/www.europesays.com\/fr\/wp-json\/wp\/v2\/posts\/285720","targetHints":{"allow":["GET"]}}],"collection":[{"href":"https:\/\/www.europesays.com\/fr\/wp-json\/wp\/v2\/posts"}],"about":[{"href":"https:\/\/www.europesays.com\/fr\/wp-json\/wp\/v2\/types\/post"}],"author":[{"embeddable":true,"href":"https:\/\/www.europesays.com\/fr\/wp-json\/wp\/v2\/users\/2"}],"replies":[{"embeddable":true,"href":"https:\/\/www.europesays.com\/fr\/wp-json\/wp\/v2\/comments?post=285720"}],"version-history":[{"count":0,"href":"https:\/\/www.europesays.com\/fr\/wp-json\/wp\/v2\/posts\/285720\/revisions"}],"wp:featuredmedia":[{"embeddable":true,"href":"https:\/\/www.europesays.com\/fr\/wp-json\/wp\/v2\/media\/285721"}],"wp:attachment":[{"href":"https:\/\/www.europesays.com\/fr\/wp-json\/wp\/v2\/media?parent=285720"}],"wp:term":[{"taxonomy":"category","embeddable":true,"href":"https:\/\/www.europesays.com\/fr\/wp-json\/wp\/v2\/categories?post=285720"},{"taxonomy":"post_tag","embeddable":true,"href":"https:\/\/www.europesays.com\/fr\/wp-json\/wp\/v2\/tags?post=285720"}],"curies":[{"name":"wp","href":"https:\/\/api.w.org\/{rel}","templated":true}]}}